{"id":97,"date":"2026-08-31T11:17:07","date_gmt":"2026-08-31T11:17:07","guid":{"rendered":"https:\/\/bebouillecreche.fr\/blog\/credit-impot-garde-enfant\/"},"modified":"2026-08-31T11:17:07","modified_gmt":"2026-08-31T11:17:07","slug":"credit-impot-garde-enfant","status":"publish","type":"post","link":"https:\/\/bebouillecreche.fr\/blog\/credit-impot-garde-enfant\/","title":{"rendered":"Cr\u00e9dit d&rsquo;imp\u00f4t garde d&rsquo;enfant : ce qu&rsquo;il reste vraiment"},"content":{"rendered":"<p class=\"wp-block-paragraph\">Pour les d\u00e9penses engag\u00e9es en <strong>2026<\/strong>, le cr\u00e9dit d\u2019imp\u00f4t pour une garde d\u2019enfant hors du domicile repr\u00e9sente <strong>50\u00a0%<\/strong> du reste r\u00e9ellement pay\u00e9, dans la limite de <strong>3\u00a0500\u00a0\u20ac par enfant<\/strong>. Le remboursement maximal atteint donc <strong>1\u00a0750\u00a0\u20ac<\/strong>, ou <strong>875\u00a0\u20ac<\/strong> par parent en r\u00e9sidence altern\u00e9e.<\/p>\n\n<ul class=\"wp-block-list\"><li>Le <strong>CMG de la CAF<\/strong> et toute aide financi\u00e8re employeur doivent \u00eatre retir\u00e9s avant le calcul fiscal.<\/li><li>La <strong>garde en cr\u00e8che<\/strong>, la micro-cr\u00e8che et l\u2019assistante maternelle agr\u00e9\u00e9e peuvent ouvrir droit au cr\u00e9dit si la garde a lieu hors du domicile.<\/li><li>Le cr\u00e9dit d\u2019imp\u00f4t est remboursable m\u00eame lorsque le foyer ne paie pas d\u2019imp\u00f4t sur le revenu.<\/li><li>Les repas, la cantine et les activit\u00e9s extrascolaires ne font pas partie des frais \u00e0 d\u00e9clarer.<\/li><li>Le plafond de d\u00e9penses est divis\u00e9 par deux lorsque l\u2019enfant est en r\u00e9sidence altern\u00e9e.<\/li><\/ul>\n\n<p class=\"wp-block-paragraph\">Cette page applique les r\u00e8gles nationales aux d\u00e9penses de garde engag\u00e9es \u00e0 Nevers et dans sa premi\u00e8re couronne, comprenant Coulanges-l\u00e8s-Nevers, Varennes-Vauzelles, Marzy, Fourchambault, Challuy, Sermoise-sur-Loire, Garchizy et Pougues-les-Eaux. Elle ne traite ni de la garde \u00e0 domicile, qui suit un autre cr\u00e9dit d\u2019imp\u00f4t, ni des questions relatives \u00e0 l\u2019enfant ou au fonctionnement p\u00e9dagogique des lieux d\u2019accueil.<\/p>\n\n<div id=\"ez-toc-container\" class=\"ez-toc-v2_0_87 counter-hierarchy ez-toc-counter ez-toc-grey ez-toc-container-direction\">\n<div class=\"ez-toc-title-container\">\n<p class=\"ez-toc-title\" style=\"cursor:inherit\">Sommaire<\/p>\n<span class=\"ez-toc-title-toggle\"><a href=\"#\" class=\"ez-toc-pull-right ez-toc-btn ez-toc-btn-xs ez-toc-btn-default ez-toc-toggle\" aria-label=\"Toggle Table of Content\"><span class=\"ez-toc-js-icon-con\"><span class=\"\"><span class=\"eztoc-hide\" style=\"display:none;\">Toggle<\/span><span class=\"ez-toc-icon-toggle-span\"><svg style=\"fill: #999;color:#999\" xmlns=\"http:\/\/www.w3.org\/2000\/svg\" class=\"list-377408\" width=\"20px\" height=\"20px\" viewBox=\"0 0 24 24\" fill=\"none\"><path d=\"M6 6H4v2h2V6zm14 0H8v2h12V6zM4 11h2v2H4v-2zm16 0H8v2h12v-2zM4 16h2v2H4v-2zm16 0H8v2h12v-2z\" fill=\"currentColor\"><\/path><\/svg><svg style=\"fill: #999;color:#999\" class=\"arrow-unsorted-368013\" xmlns=\"http:\/\/www.w3.org\/2000\/svg\" width=\"10px\" height=\"10px\" viewBox=\"0 0 24 24\" version=\"1.2\" baseProfile=\"tiny\"><path d=\"M18.2 9.3l-6.2-6.3-6.2 6.3c-.2.2-.3.4-.3.7s.1.5.3.7c.2.2.4.3.7.3h11c.3 0 .5-.1.7-.3.2-.2.3-.5.3-.7s-.1-.5-.3-.7zM5.8 14.7l6.2 6.3 6.2-6.3c.2-.2.3-.5.3-.7s-.1-.5-.3-.7c-.2-.2-.4-.3-.7-.3h-11c-.3 0-.5.1-.7.3-.2.2-.3.5-.3.7s.1.5.3.7z\"\/><\/svg><\/span><\/span><\/span><\/a><\/span><\/div>\n<nav><ul class='ez-toc-list ez-toc-list-level-1 eztoc-toggle-hide-by-default' ><li class='ez-toc-page-1 ez-toc-heading-level-2'><a class=\"ez-toc-link ez-toc-heading-1\" href=\"https:\/\/bebouillecreche.fr\/blog\/credit-impot-garde-enfant\/#Credit_dimpot_garde_denfant_2026_quel_montant_reste_apres_les_aides\" >Cr\u00e9dit d\u2019imp\u00f4t garde d\u2019enfant 2026 : quel montant reste apr\u00e8s les aides ?<\/a><\/li><li class='ez-toc-page-1 ez-toc-heading-level-2'><a class=\"ez-toc-link ez-toc-heading-2\" href=\"https:\/\/bebouillecreche.fr\/blog\/credit-impot-garde-enfant\/#Quelles_depenses_de_garde_denfant_peuvent_etre_declarees_aux_impots\" >Quelles d\u00e9penses de garde d\u2019enfant peuvent \u00eatre d\u00e9clar\u00e9es aux imp\u00f4ts ?<\/a><\/li><li class='ez-toc-page-1 ez-toc-heading-level-2'><a class=\"ez-toc-link ez-toc-heading-3\" href=\"https:\/\/bebouillecreche.fr\/blog\/credit-impot-garde-enfant\/#Comment_deduire_le_CMG_et_les_aides_employeur_avant_le_calcul_fiscal\" >Comment d\u00e9duire le CMG et les aides employeur avant le calcul fiscal ?<\/a><\/li><li class='ez-toc-page-1 ez-toc-heading-level-2'><a class=\"ez-toc-link ez-toc-heading-4\" href=\"https:\/\/bebouillecreche.fr\/blog\/credit-impot-garde-enfant\/#Credit_dimpot_garde_denfant_et_declaration_2026_quelles_cases_remplir\" >Cr\u00e9dit d\u2019imp\u00f4t garde d\u2019enfant et d\u00e9claration 2026 : quelles cases remplir ?<\/a><\/li><li class='ez-toc-page-1 ez-toc-heading-level-2'><a class=\"ez-toc-link ez-toc-heading-5\" href=\"https:\/\/bebouillecreche.fr\/blog\/credit-impot-garde-enfant\/#Quand_le_credit_dimpot_frais_de_garde_est-il_verse_et_que_reste-t-il_a_avancer\" >Quand le cr\u00e9dit d\u2019imp\u00f4t frais de garde est-il vers\u00e9 et que reste-t-il \u00e0 avancer ?<\/a><\/li><\/ul><\/nav><\/div>\n<h2 class=\"wp-block-heading\"><span class=\"ez-toc-section\" id=\"Credit_dimpot_garde_denfant_2026_quel_montant_reste_apres_les_aides\"><\/span>Cr\u00e9dit d\u2019imp\u00f4t garde d\u2019enfant 2026 : quel montant reste apr\u00e8s les aides ?<span class=\"ez-toc-section-end\"><\/span><\/h2>\n\n<p class=\"wp-block-paragraph\">Le calcul ne porte pas sur l\u2019ensemble des sommes sorties du compte bancaire. Il porte sur le montant restant apr\u00e8s retrait des aides re\u00e7ues pour financer l\u2019accueil. La r\u00e8gle est donn\u00e9e par <a href=\"https:\/\/www.service-public.fr\/particuliers\/vosdroits\/F8\" target=\"_blank\" rel=\"noopener\">Service-Public.fr, fiche v\u00e9rifi\u00e9e le 15 avril 2026<\/a> : les d\u00e9penses de garde d\u2019un enfant \u00e0 charge \u00e2g\u00e9 de moins de six ans sont retenues \u00e0 hauteur de <strong>50\u00a0%<\/strong>, dans la limite de <strong>3\u00a0500\u00a0\u20ac<\/strong> par enfant.<\/p>\n\n<p class=\"wp-block-paragraph\">Le plafond ne correspond donc pas au montant du remboursement. Il correspond \u00e0 la d\u00e9pense maximale que l\u2019administration accepte de prendre en compte. Une fois cette base plafonn\u00e9e, l\u2019avantage fiscal est \u00e9gal \u00e0 la moiti\u00e9. Pour un enfant gard\u00e9 \u00e0 temps complet en cr\u00e8che ou chez une assistante maternelle, le plafond est atteint rapidement lorsque le reste \u00e0 payer d\u00e9passe 3\u00a0500\u00a0\u20ac sur l\u2019ann\u00e9e.<\/p>\n\n<p class=\"wp-block-paragraph\">La garde doit avoir \u00e9t\u00e9 assur\u00e9e hors du domicile fiscal. Une cr\u00e8che municipale, une halte-garderie, une micro-cr\u00e8che, une garderie ou une assistante maternelle agr\u00e9\u00e9e entrent dans le champ pr\u00e9vu par <a href=\"https:\/\/www.legifrance.gouv.fr\/codes\/article_lc\/LEGIARTI000042158849\" target=\"_blank\" rel=\"noopener\">l\u2019article 200 quater B du Code g\u00e9n\u00e9ral des imp\u00f4ts<\/a>, consult\u00e9 le <strong>5 juillet 2026<\/strong>. Cette distinction est d\u00e9cisive : une garde \u00e0 domicile rel\u00e8ve du cr\u00e9dit d\u2019imp\u00f4t pour les services \u00e0 la personne et non du plafond de 3\u00a0500\u00a0\u20ac.<\/p>\n\n<h3 class=\"wp-block-heading\">Le plafond par enfant et non par foyer<\/h3>\n\n<p class=\"wp-block-paragraph\">Le plafond s\u2019applique s\u00e9par\u00e9ment \u00e0 chaque enfant qui remplit les conditions. Un foyer ayant deux enfants de moins de six ans peut donc, si les d\u00e9penses nettes le permettent, d\u00e9clarer jusqu\u2019\u00e0 <strong>7\u00a0000\u00a0\u20ac<\/strong> de frais retenus. Le cr\u00e9dit d\u2019imp\u00f4t maximal peut alors atteindre <strong>3\u00a0500\u00a0\u20ac<\/strong>. Ce m\u00e9canisme est plus lisible qu\u2019une enveloppe globale, mais il impose de conserver un suivi distinct des paiements et des aides pour chaque enfant.<\/p>\n\n<figure class=\"wp-block-table\"><table>\n<thead>\n<tr>\n<th>Situation fiscale<\/th>\n<th>D\u00e9penses maximum retenues<\/th>\n<th>Taux du cr\u00e9dit d\u2019imp\u00f4t<\/th>\n<th>Cr\u00e9dit maximal<\/th>\n<\/tr>\n<\/thead>\n<tbody>\n<tr>\n<td>Un enfant \u00e0 charge<\/td>\n<td><strong>3\u00a0500\u00a0\u20ac<\/strong><\/td>\n<td><strong>50\u00a0%<\/strong><\/td>\n<td><strong>1\u00a0750\u00a0\u20ac<\/strong><\/td>\n<\/tr>\n<tr>\n<td>Un enfant en r\u00e9sidence altern\u00e9e<\/td>\n<td><strong>1\u00a0750\u00a0\u20ac<\/strong> par parent<\/td>\n<td><strong>50\u00a0%<\/strong><\/td>\n<td><strong>875\u00a0\u20ac<\/strong> par parent<\/td>\n<\/tr>\n<tr>\n<td>Deux enfants \u00e0 charge<\/td>\n<td><strong>7\u00a0000\u00a0\u20ac<\/strong><\/td>\n<td><strong>50\u00a0%<\/strong><\/td>\n<td><strong>3\u00a0500\u00a0\u20ac<\/strong><\/td>\n<\/tr>\n<\/tbody>\n<\/table><\/figure>\n\n<p class=\"wp-block-paragraph\">Tableau construit \u00e0 partir des plafonds publi\u00e9s par <a href=\"https:\/\/www.service-public.fr\/particuliers\/vosdroits\/F8\" target=\"_blank\" rel=\"noopener\">Service-Public.fr le 15 avril 2026<\/a>. Ces plafonds concernent la fiscalit\u00e9 des frais de garde hors domicile et non l\u2019ensemble des d\u00e9penses li\u00e9es aux enfants.<\/p>\n\n<p class=\"wp-block-paragraph\">Le cr\u00e9dit d\u2019imp\u00f4t est remboursable. Si son montant d\u00e9passe l\u2019imp\u00f4t d\u00fb, l\u2019exc\u00e9dent est vers\u00e9 au foyer. Cette r\u00e8gle distingue le cr\u00e9dit d\u2019imp\u00f4t d\u2019une simple r\u00e9duction d\u2019imp\u00f4t, qui ne peut habituellement pas d\u00e9passer l\u2019imp\u00f4t calcul\u00e9. Les foyers non imposables ne doivent donc pas \u00e9carter cette ligne de leur d\u00e9claration sous pr\u00e9texte qu\u2019ils ne re\u00e7oivent pas d\u2019avis d\u2019imp\u00f4t \u00e0 payer.<\/p>\n\n<p class=\"wp-block-paragraph\">Le montant \u00e0 attendre reste toutefois annuel. Il ne diminue pas automatiquement la facture mensuelle de la cr\u00e8che ni celle de l\u2019assistante maternelle. La d\u00e9pense est avanc\u00e9e, les aides sont d\u00e9duites, puis le cr\u00e9dit d\u2019imp\u00f4t intervient selon le calendrier fiscal. C\u2019est ce d\u00e9calage de tr\u00e9sorerie qui doit \u00eatre s\u00e9par\u00e9 du co\u00fbt final.<\/p>\n\n<h2 class=\"wp-block-heading\"><span class=\"ez-toc-section\" id=\"Quelles_depenses_de_garde_denfant_peuvent_etre_declarees_aux_impots\"><\/span>Quelles d\u00e9penses de garde d\u2019enfant peuvent \u00eatre d\u00e9clar\u00e9es aux imp\u00f4ts ?<span class=\"ez-toc-section-end\"><\/span><\/h2>\n\n<p class=\"wp-block-paragraph\">Les d\u00e9penses admises ne couvrent pas tout ce qui accompagne une journ\u00e9e d\u2019accueil. La r\u00e8gle publi\u00e9e par <a href=\"https:\/\/www.service-public.fr\/particuliers\/vosdroits\/F8\" target=\"_blank\" rel=\"noopener\">Service-Public.fr le 15 avril 2026<\/a> vise les frais de garde d\u2019un enfant de moins de six ans \u00e0 charge, lorsque l\u2019accueil se d\u00e9roule hors du domicile. Le p\u00e9rim\u00e8tre comprend les sommes factur\u00e9es pour l\u2019accueil, apr\u00e8s correction des aides obtenues.<\/p>\n\n<p class=\"wp-block-paragraph\">Pour une garde en cr\u00e8che \u00e0 Nevers ou dans une commune proche, l\u2019attestation annuelle fournie par le gestionnaire est le document \u00e0 conserver. Elle permet de distinguer la participation familiale effectivement pay\u00e9e des frais exclus. Une facture mensuelle ne suffit pas toujours \u00e0 lire cette diff\u00e9rence, surtout lorsque des repas, des fournitures ou d\u2019autres prestations apparaissent sur la m\u00eame ligne.<\/p>\n\n<p class=\"wp-block-paragraph\">Chez une assistante maternelle agr\u00e9\u00e9e, la base inclut le salaire net vers\u00e9 et les cotisations sociales pay\u00e9es. Les indemnit\u00e9s d\u2019entretien peuvent \u00e9galement \u00eatre retenues dans les limites fiscales applicables. Les frais de repas, eux, ne doivent pas \u00eatre ajout\u00e9s. Cette s\u00e9paration est rappel\u00e9e dans la documentation de <a href=\"https:\/\/www.impots.gouv.fr\/particulier\/questions\/jemploie-une-assistante-maternelle-comment-declarer-les-frais-de-garde\" target=\"_blank\" rel=\"noopener\">la Direction g\u00e9n\u00e9rale des finances publiques<\/a>, consult\u00e9e le <strong>5 juillet 2026<\/strong>.<\/p>\n\n<h3 class=\"wp-block-heading\">Les d\u00e9penses exclues du cr\u00e9dit d\u2019imp\u00f4t<\/h3>\n\n<p class=\"wp-block-paragraph\">La cantine scolaire n\u2019entre pas dans la base du cr\u00e9dit d\u2019imp\u00f4t. Il en va de m\u00eame pour les activit\u00e9s extrascolaires, les loisirs, les frais de nourriture et les d\u00e9penses qui ne correspondent pas directement \u00e0 la garde. Une ligne factur\u00e9e par une structure d\u2019accueil ne devient pas automatiquement d\u00e9ductible parce qu\u2019elle figure sur une facture unique.<\/p>\n\n<p class=\"wp-block-paragraph\">Cette v\u00e9rification est particuli\u00e8rement utile quand une micro-cr\u00e8che facture un forfait comprenant plusieurs \u00e9l\u00e9ments. La part ouvrant droit au cr\u00e9dit est le reste \u00e0 charge affect\u00e9 \u00e0 l\u2019accueil, apr\u00e8s retrait du CMG structure ou des autres aides. Un document annuel d\u00e9taill\u00e9 reste le justificatif le plus solide pour pr\u00e9parer la d\u00e9claration et r\u00e9pondre \u00e0 une demande ult\u00e9rieure de l\u2019administration.<\/p>\n\n<ul class=\"wp-block-list\"><li>Les participations r\u00e9gl\u00e9es \u00e0 une cr\u00e8che, une halte-garderie ou une micro-cr\u00e8che sont retenues apr\u00e8s d\u00e9duction des aides re\u00e7ues.<\/li><li>Le salaire net et les cotisations d\u2019une assistante maternelle agr\u00e9\u00e9e sont retenus selon les r\u00e8gles fiscales applicables.<\/li><li>Les indemnit\u00e9s d\u2019entretien sont prises en compte dans la limite admise par l\u2019administration.<\/li><li>Les repas, la cantine et les activit\u00e9s qui ne sont pas des frais de garde restent exclus.<\/li><\/ul>\n\n<p class=\"wp-block-paragraph\">La question pratique n\u2019est pas de savoir si une d\u00e9pense concerne l\u2019enfant au sens large. Elle consiste \u00e0 v\u00e9rifier si elle r\u00e9mun\u00e8re r\u00e9ellement une garde hors domicile. Les d\u00e9penses li\u00e9es aux enfants couvrent des postes tr\u00e8s diff\u00e9rents dans un budget familial, mais la d\u00e9claration fiscale n\u2019en retient qu\u2019une partie strictement d\u00e9finie.<\/p>\n\n<p class=\"wp-block-paragraph\">Les allocations familiales ne sont pas une aide \u00e0 soustraire de la base de calcul lorsqu\u2019elles ne financent pas directement la garde. \u00c0 l\u2019inverse, le CMG vers\u00e9 pour l\u2019accueil doit \u00eatre d\u00e9duit. Cette diff\u00e9rence \u00e9vite de m\u00e9langer aides g\u00e9n\u00e9rales \u00e0 la famille et aide financi\u00e8re affect\u00e9e \u00e0 un mode de garde pr\u00e9cis.<\/p>\n\n<p class=\"wp-block-paragraph\">Le document fiscal doit aussi \u00eatre coh\u00e9rent avec les paiements r\u00e9ellement effectu\u00e9s. Une facture r\u00e9gl\u00e9e en esp\u00e8ces ne constitue pas un justificatif accept\u00e9 selon <a href=\"https:\/\/www.service-public.fr\/particuliers\/vosdroits\/F8\" target=\"_blank\" rel=\"noopener\">Service-Public.fr, v\u00e9rifi\u00e9 le 15 avril 2026<\/a>. Les relev\u00e9s bancaires, attestations annuelles, d\u00e9clarations Pajemploi et factures acquitt\u00e9es doivent donc \u00eatre conserv\u00e9s avec les \u00e9l\u00e9ments de la d\u00e9claration.<\/p>\n\n<figure class=\"is-provider-youtube is-type-video wp-block-embed wp-block-embed-youtube wp-embed-aspect-16-9 wp-has-aspect-ratio\"><div class=\"wp-block-embed__wrapper\">\n<iframe loading=\"lazy\" title=\"Comprendre le Cr\u00e9dit d&amp;apos;Imp\u00f4t pour Frais de Garde d&amp;apos;Enfants au Qu\u00e9bec\" width=\"500\" height=\"281\" src=\"https:\/\/www.youtube.com\/embed\/PxUbM1yTd0w?feature=oembed\" frameborder=\"0\" allow=\"accelerometer; autoplay; clipboard-write; encrypted-media; gyroscope; picture-in-picture; web-share\" referrerpolicy=\"strict-origin-when-cross-origin\" allowfullscreen><\/iframe>\n<\/div><\/figure>\n\n<p class=\"wp-block-paragraph\">Le calcul devient plus fiable lorsque chaque aide re\u00e7ue est rang\u00e9e avec les factures de la m\u00eame p\u00e9riode. Cette m\u00e9thode \u00e9vite de d\u00e9clarer une somme brute alors que la CAF ou un employeur a d\u00e9j\u00e0 pris en charge une part du co\u00fbt.<\/p>\n\n<h2 class=\"wp-block-heading\"><span class=\"ez-toc-section\" id=\"Comment_deduire_le_CMG_et_les_aides_employeur_avant_le_calcul_fiscal\"><\/span>Comment d\u00e9duire le CMG et les aides employeur avant le calcul fiscal ?<span class=\"ez-toc-section-end\"><\/span><\/h2>\n\n<p class=\"wp-block-paragraph\">Le compl\u00e9ment de libre choix du mode de garde, souvent appel\u00e9 <strong>CMG<\/strong>, ne s\u2019ajoute pas au cr\u00e9dit d\u2019imp\u00f4t. Il r\u00e9duit au contraire la d\u00e9pense qui peut \u00eatre d\u00e9clar\u00e9e. La r\u00e8gle est explicite dans <a href=\"https:\/\/www.service-public.fr\/particuliers\/vosdroits\/F8\" target=\"_blank\" rel=\"noopener\">la fiche Service-Public.fr mise \u00e0 jour le 15 avril 2026<\/a> : les aides re\u00e7ues pour la garde, notamment celles de la CAF et de l\u2019employeur, doivent \u00eatre d\u00e9duites des sommes pay\u00e9es.<\/p>\n\n<p class=\"wp-block-paragraph\">Cette \u00e9tape produit fr\u00e9quemment l\u2019\u00e9cart entre le montant imagin\u00e9 et ce qui reste vraiment. Une famille peut avoir pay\u00e9 plusieurs milliers d\u2019euros \u00e0 une assistante maternelle ou \u00e0 une micro-cr\u00e8che, mais recevoir en parall\u00e8le un CMG substantiel. D\u00e9clarer la d\u00e9pense brute reviendrait \u00e0 demander un avantage fiscal sur une somme qui n\u2019a pas \u00e9t\u00e9 support\u00e9e int\u00e9gralement.<\/p>\n\n<p class=\"wp-block-paragraph\">La formule \u00e0 utiliser reste simple : d\u00e9penses de garde admises moins CMG, moins aide employeur \u00e9ventuellement re\u00e7ue, \u00e9galent la base de d\u00e9claration. Cette base est ensuite compar\u00e9e au plafond de 3\u00a0500\u00a0\u20ac par enfant. Le cr\u00e9dit d\u2019imp\u00f4t correspond enfin \u00e0 50\u00a0% de la somme retenue.<\/p>\n\n<h3 class=\"wp-block-heading\">Exemple complet avec une assistante maternelle agr\u00e9\u00e9e<\/h3>\n\n<p class=\"wp-block-paragraph\">Pour une d\u00e9pense annuelle de <strong>7\u00a0800\u00a0\u20ac<\/strong> comprenant salaires et cotisations, et un CMG de <strong>4\u00a0200\u00a0\u20ac<\/strong>, le reste pay\u00e9 est de <strong>3\u00a0600\u00a0\u20ac<\/strong>. Le plafond fiscal ram\u00e8ne cette base \u00e0 <strong>3\u00a0500\u00a0\u20ac<\/strong>. Le cr\u00e9dit d\u2019imp\u00f4t atteint donc <strong>1\u00a0750\u00a0\u20ac<\/strong>, sous r\u00e9serve que toutes les conditions soient remplies.<\/p>\n\n<p class=\"wp-block-paragraph\">Le calcul ne permet pas de d\u00e9clarer 7\u00a0800\u00a0\u20ac. Il ne permet pas non plus de d\u00e9duire deux fois l\u2019aide financi\u00e8re re\u00e7ue. La CAF transmet ses donn\u00e9es et l\u2019administration fiscale peut v\u00e9rifier la coh\u00e9rence entre le CMG per\u00e7u, les informations Pajemploi et la somme renseign\u00e9e dans la d\u00e9claration.<\/p>\n\n<figure class=\"wp-block-table\"><table>\n<thead>\n<tr>\n<th>\u00c9tape de calcul<\/th>\n<th>Montant<\/th>\n<th>Cons\u00e9quence fiscale<\/th>\n<\/tr>\n<\/thead>\n<tbody>\n<tr>\n<td>Salaires et cotisations annuels<\/td>\n<td><strong>7\u00a0800\u00a0\u20ac<\/strong><\/td>\n<td>D\u00e9pense brute<\/td>\n<\/tr>\n<tr>\n<td>CMG vers\u00e9 par la CAF<\/td>\n<td><strong>&#8211; 4\u00a0200\u00a0\u20ac<\/strong><\/td>\n<td>Aide \u00e0 retirer<\/td>\n<\/tr>\n<tr>\n<td>Reste pay\u00e9 avant plafond<\/td>\n<td><strong>3\u00a0600\u00a0\u20ac<\/strong><\/td>\n<td>Base r\u00e9elle<\/td>\n<\/tr>\n<tr>\n<td>Base retenue apr\u00e8s plafond<\/td>\n<td><strong>3\u00a0500\u00a0\u20ac<\/strong><\/td>\n<td>Montant d\u00e9clar\u00e9<\/td>\n<\/tr>\n<tr>\n<td>Cr\u00e9dit d\u2019imp\u00f4t \u00e0 50\u00a0%<\/td>\n<td><strong>1\u00a0750\u00a0\u20ac<\/strong><\/td>\n<td>Montant maximal atteint<\/td>\n<\/tr>\n<\/tbody>\n<\/table><\/figure>\n\n<p class=\"wp-block-paragraph\">Ce tableau applique les r\u00e8gles accessibles sur <a href=\"https:\/\/www.service-public.fr\/particuliers\/vosdroits\/F8\" target=\"_blank\" rel=\"noopener\">Service-Public.fr le 15 avril 2026<\/a>. Il s\u2019agit d\u2019un exemple de m\u00e9thode, pas d\u2019un montant garanti. Le montant du CMG varie selon la situation d\u00e9clar\u00e9e aupr\u00e8s de la CAF et selon le mode d\u2019accueil.<\/p>\n\n<p class=\"wp-block-paragraph\">Une participation employeur suit la m\u00eame logique que le CMG. Lorsqu\u2019un comit\u00e9 social et \u00e9conomique, une collectivit\u00e9 ou une entreprise finance une partie de la garde, cette somme doit r\u00e9duire la base d\u00e9clar\u00e9e. L\u2019employeur peut soutenir le budget des familles, mais cette aide ne transforme pas la part financ\u00e9e en d\u00e9pense personnelle ouvrant droit \u00e0 une seconde aide fiscale.<\/p>\n\n<p class=\"wp-block-paragraph\">Le suivi mensuel \u00e9vite une correction difficile au moment de la d\u00e9claration. Il suffit de conserver, dans un m\u00eame dossier, l\u2019attestation de la structure, le r\u00e9capitulatif CAF, les \u00e9ventuels justificatifs de l\u2019employeur et les preuves de paiement. Ce classement sert autant \u00e0 calculer la fiscalit\u00e9 qu\u2019\u00e0 contr\u00f4ler le co\u00fbt r\u00e9el d\u2019une place.<\/p>\n\n<h2 class=\"wp-block-heading\"><span class=\"ez-toc-section\" id=\"Credit_dimpot_garde_denfant_et_declaration_2026_quelles_cases_remplir\"><\/span>Cr\u00e9dit d\u2019imp\u00f4t garde d\u2019enfant et d\u00e9claration 2026 : quelles cases remplir ?<span class=\"ez-toc-section-end\"><\/span><\/h2>\n\n<p class=\"wp-block-paragraph\">La d\u00e9claration d\u00e9pos\u00e9e au printemps 2026 porte sur les revenus et d\u00e9penses de <strong>2025<\/strong>. Pour les d\u00e9penses engag\u00e9es en 2026, la d\u00e9claration interviendra en <strong>2027<\/strong>. Cette distinction de calendrier est indiqu\u00e9e par <a href=\"https:\/\/www.service-public.fr\/particuliers\/vosdroits\/F8\" target=\"_blank\" rel=\"noopener\">Service-Public.fr dans sa version v\u00e9rifi\u00e9e le 15 avril 2026<\/a> : pour les revenus de 2025 d\u00e9clar\u00e9s en 2026, l\u2019enfant devait \u00eatre n\u00e9 \u00e0 compter du 1er janvier 2019 afin d\u2019avoir moins de six ans au 1er janvier 2025.<\/p>\n\n<p class=\"wp-block-paragraph\">Les frais de garde sont port\u00e9s dans la rubrique d\u00e9di\u00e9e aux charges ouvrant droit \u00e0 cr\u00e9dit d\u2019imp\u00f4t. Les cases utilis\u00e9es vont de <strong>7GA \u00e0 7GG<\/strong>, selon la situation du foyer et le nombre d\u2019enfants concern\u00e9s. La d\u00e9claration en ligne peut afficher des donn\u00e9es pr\u00e9remplies, mais ce pr\u00e9remplissage ne dispense pas de comparer les montants avec les attestations d\u00e9tenues.<\/p>\n\n<p class=\"wp-block-paragraph\">Les cr\u00e8ches transmettent g\u00e9n\u00e9ralement les montants n\u00e9cessaires, tandis que Pajemploi centralise les informations li\u00e9es \u00e0 l\u2019emploi d\u2019une assistante maternelle. Une donn\u00e9e pr\u00e9remplie peut n\u00e9anmoins \u00eatre incompl\u00e8te ou ne pas refl\u00e9ter une correction r\u00e9cente. Le montant qui doit \u00eatre d\u00e9clar\u00e9 est toujours le reste r\u00e9ellement pay\u00e9 apr\u00e8s d\u00e9duction des aides.<\/p>\n\n<h3 class=\"wp-block-heading\">Les pi\u00e8ces \u00e0 conserver apr\u00e8s l\u2019envoi<\/h3>\n\n<p class=\"wp-block-paragraph\">Les justificatifs ne sont pas joints automatiquement \u00e0 la d\u00e9claration. Ils doivent cependant pouvoir \u00eatre produits si l\u2019administration les demande. Pour une assistante maternelle, l\u2019attestation fiscale Pajemploi constitue la pi\u00e8ce centrale. Elle est disponible dans l\u2019espace en ligne du particulier employeur, comme le pr\u00e9cise <a href=\"https:\/\/www.pajemploi.urssaf.fr\/pajewebinfo\/cms\/sites\/pajewebinfo\/accueil.html\" target=\"_blank\" rel=\"noopener\">l\u2019Urssaf service Pajemploi<\/a>, consult\u00e9 le <strong>5 juillet 2026<\/strong>.<\/p>\n\n<p class=\"wp-block-paragraph\">Pour une garde en cr\u00e8che, l\u2019attestation annuelle et les factures acquitt\u00e9es doivent \u00eatre coh\u00e9rentes avec les montants renseign\u00e9s. Les familles qui utilisent plusieurs modes d\u2019accueil dans l\u2019ann\u00e9e doivent additionner les restes \u00e0 charge, enfant par enfant. Elles ne doivent pas additionner sans distinction les montants pay\u00e9s, les aides et les frais exclus.<\/p>\n\n<p class=\"wp-block-paragraph\">La r\u00e9sidence altern\u00e9e modifie le plafond. Chaque parent dispose d\u2019une base maximale de <strong>1\u00a0750\u00a0\u20ac<\/strong> par enfant en garde altern\u00e9e, ce qui conduit \u00e0 un cr\u00e9dit maximal de <strong>875\u00a0\u20ac<\/strong>. Chaque parent d\u00e9clare les d\u00e9penses qu\u2019il a effectivement support\u00e9es, dans la limite de sa moiti\u00e9 de plafond.<\/p>\n\n<figure class=\"is-provider-youtube is-type-video wp-block-embed wp-block-embed-youtube wp-embed-aspect-16-9 wp-has-aspect-ratio\"><div class=\"wp-block-embed__wrapper\">\n<iframe loading=\"lazy\" title=\"Cr\u00e9dit d&amp;apos;imp\u00f4t pour garde d&amp;apos;enfant sur la d\u00e9claration 2024.\" width=\"500\" height=\"281\" src=\"https:\/\/www.youtube.com\/embed\/zrBNd4parDg?feature=oembed\" frameborder=\"0\" allow=\"accelerometer; autoplay; clipboard-write; encrypted-media; gyroscope; picture-in-picture; web-share\" referrerpolicy=\"strict-origin-when-cross-origin\" allowfullscreen><\/iframe>\n<\/div><\/figure>\n\n<p class=\"wp-block-paragraph\">Le cr\u00e9dit d\u2019imp\u00f4t entre dans le plafonnement global de certains avantages fiscaux, fix\u00e9 \u00e0 <strong>10\u00a0000\u00a0\u20ac<\/strong> par foyer selon <a href=\"https:\/\/www.impots.gouv.fr\/particulier\/le-plafonnement-global-des-avantages-fiscaux\" target=\"_blank\" rel=\"noopener\">impots.gouv.fr, documentation consult\u00e9e le 5 juillet 2026<\/a>. Cette r\u00e8gle concerne aussi plusieurs dispositifs de r\u00e9duction d\u2019imp\u00f4t et certains services \u00e0 la personne. Elle compte surtout pour les foyers qui cumulent plusieurs m\u00e9canismes fiscaux au cours de la m\u00eame ann\u00e9e.<\/p>\n\n<p class=\"wp-block-paragraph\">Une v\u00e9rification ligne par ligne reste pr\u00e9f\u00e9rable \u00e0 une correction tardive. L\u2019administration croise les informations disponibles, notamment celles issues de la CAF et de Pajemploi. Une d\u00e9claration exacte repose donc sur trois montants concordants : la d\u00e9pense factur\u00e9e, l\u2019aide financi\u00e8re re\u00e7ue et le reste r\u00e9ellement pay\u00e9.<\/p>\n\n<h2 class=\"wp-block-heading\"><span class=\"ez-toc-section\" id=\"Quand_le_credit_dimpot_frais_de_garde_est-il_verse_et_que_reste-t-il_a_avancer\"><\/span>Quand le cr\u00e9dit d\u2019imp\u00f4t frais de garde est-il vers\u00e9 et que reste-t-il \u00e0 avancer ?<span class=\"ez-toc-section-end\"><\/span><\/h2>\n\n<p class=\"wp-block-paragraph\">Le cr\u00e9dit d\u2019imp\u00f4t ne suit pas imm\u00e9diatement les mensualit\u00e9s de garde. Un acompte de <strong>60\u00a0%<\/strong> peut \u00eatre vers\u00e9 en janvier lorsque le foyer a d\u00e9j\u00e0 b\u00e9n\u00e9fici\u00e9 de l\u2019avantage l\u2019ann\u00e9e pr\u00e9c\u00e9dente. Le solde est calcul\u00e9 apr\u00e8s la d\u00e9claration des d\u00e9penses r\u00e9elles et intervient durant l\u2019\u00e9t\u00e9, selon le calendrier indiqu\u00e9 par <a href=\"https:\/\/www.service-public.fr\/particuliers\/vosdroits\/F8\" target=\"_blank\" rel=\"noopener\">Service-Public.fr le 15 avril 2026<\/a>.<\/p>\n\n<p class=\"wp-block-paragraph\">Un foyer qui d\u00e9clare pour la premi\u00e8re fois des frais de garde ne re\u00e7oit pas l\u2019acompte de janvier. L\u2019int\u00e9gralit\u00e9 du cr\u00e9dit d\u2019imp\u00f4t est alors r\u00e9gl\u00e9e apr\u00e8s le traitement de la d\u00e9claration, durant l\u2019\u00e9t\u00e9. L\u2019ann\u00e9e suivante, si les frais sont reconduits, l\u2019avance peut s\u2019appliquer sur la base du cr\u00e9dit obtenu l\u2019ann\u00e9e pr\u00e9c\u00e9dente.<\/p>\n\n<p class=\"wp-block-paragraph\">Cette avance ne correspond pas \u00e0 une validation d\u00e9finitive des d\u00e9penses de l\u2019ann\u00e9e en cours. Elle est calcul\u00e9e \u00e0 partir d\u2019une situation pass\u00e9e. Lorsque les co\u00fbts baissent, lorsqu\u2019un enfant atteint l\u2019\u00e2ge limite ou lorsqu\u2019un changement de garde intervient, l\u2019acompte peut devenir trop \u00e9lev\u00e9 et une restitution peut \u00eatre demand\u00e9e en septembre.<\/p>\n\n<h3 class=\"wp-block-heading\">Le passage des six ans et la marche budg\u00e9taire<\/h3>\n\n<p class=\"wp-block-paragraph\">Le crit\u00e8re d\u2019\u00e2ge s\u2019appr\u00e9cie au 1er janvier de l\u2019ann\u00e9e des d\u00e9penses. Pour les frais de 2025 d\u00e9clar\u00e9s en 2026, l\u2019enfant devait avoir moins de six ans au 1er janvier 2025. Pour les frais de 2026 d\u00e9clar\u00e9s en 2027, l\u2019enfant doit avoir moins de six ans au 1er janvier 2026, conform\u00e9ment \u00e0 <a href=\"https:\/\/www.service-public.fr\/particuliers\/vosdroits\/F8\" target=\"_blank\" rel=\"noopener\">la r\u00e8gle publi\u00e9e le 15 avril 2026<\/a>.<\/p>\n\n<p class=\"wp-block-paragraph\">Apr\u00e8s cet \u00e2ge, la garde p\u00e9riscolaire classique n\u2019ouvre plus droit \u00e0 ce cr\u00e9dit d\u2019imp\u00f4t. Le budget ne change donc pas seulement parce que les besoins d\u2019accueil \u00e9voluent. Il change aussi parce qu\u2019une r\u00e9duction fiscale dispara\u00eet. Cette \u00e9ch\u00e9ance doit \u00eatre int\u00e9gr\u00e9e au calcul du reste \u00e0 charge annuel avant de comparer deux solutions de garde.<\/p>\n\n<p class=\"wp-block-paragraph\">La garde \u00e0 domicile ob\u00e9it \u00e0 un r\u00e9gime diff\u00e9rent. Elle rel\u00e8ve du cr\u00e9dit d\u2019imp\u00f4t pour l\u2019emploi d\u2019un salari\u00e9 \u00e0 domicile, avec un plafond de d\u00e9penses distinct et plus large. Il serait erron\u00e9 de cumuler ces r\u00e8gles dans la m\u00eame ligne de d\u00e9claration ou de traiter les services \u00e0 la personne comme une simple prolongation de la garde en cr\u00e8che.<\/p>\n\n<p class=\"wp-block-paragraph\">Le co\u00fbt final d\u2019une place se lit donc sur quatre niveaux : la facture re\u00e7ue, les aides de la CAF ou de l\u2019employeur, le montant \u00e9ventuellement avanc\u00e9 en janvier, puis le solde fiscal r\u00e9gularis\u00e9 apr\u00e8s d\u00e9claration. Confondre ces \u00e9tapes donne l\u2019impression d\u2019un avantage imm\u00e9diat alors qu\u2019il s\u2019agit d\u2019un remboursement d\u00e9cal\u00e9.<\/p>\n\n<p class=\"wp-block-paragraph\">Pour un dossier individuel, la CAF reste comp\u00e9tente sur le CMG et les imp\u00f4ts sur la d\u00e9claration. Les informations locales sur les modalit\u00e9s d\u2019accueil, les commissions et les places \u00e0 Nevers rel\u00e8vent du <a href=\"https:\/\/www.nevers.fr\" target=\"_blank\" rel=\"noopener\">Relais Petite Enfance de la Ville de Nevers<\/a>, site consult\u00e9 le <strong>5 juillet 2026<\/strong>. Aucun montant d\u2019aide ne doit \u00eatre consid\u00e9r\u00e9 comme acquis avant la d\u00e9cision de l\u2019organisme concern\u00e9.<\/p>\n\n<script type=\"application\/ld+json\">\n{\"@context\":\"https:\/\/schema.org\",\"@type\":\"FAQPage\",\"mainEntity\":[{\"@type\":\"Question\",\"name\":\"Une micro-cru00e8che ouvre-t-elle droit au cru00e9dit du2019impu00f4t ?\",\"acceptedAnswer\":{\"@type\":\"Answer\",\"text\":\"Oui, lorsque lu2019accueil a lieu hors du domicile et que lu2019enfant remplit la condition du2019u00e2ge. Le calcul porte sur le reste ru00e9ellement payu00e9 apru00e8s du00e9duction du CMG structure et des autres aides reu00e7ues.\"}},{\"@type\":\"Question\",\"name\":\"Le cru00e9dit du2019impu00f4t est-il versu00e9 si le foyer ne paie pas du2019impu00f4t ?\",\"acceptedAnswer\":{\"@type\":\"Answer\",\"text\":\"Oui. Il su2019agit du2019un cru00e9dit du2019impu00f4t remboursable. Si son montant du00e9passe lu2019impu00f4t du00fb, lu2019excu00e9dent est restituu00e9 au foyer selon le calendrier fiscal.\"}},{\"@type\":\"Question\",\"name\":\"Les repas facturu00e9s par une cru00e8che sont-ils u00e0 du00e9clarer ?\",\"acceptedAnswer\":{\"@type\":\"Answer\",\"text\":\"Non. Les frais de nourriture sont exclus de la base du cru00e9dit du2019impu00f4t. Seuls les frais correspondant directement u00e0 la garde hors domicile peuvent u00eatre retenus.\"}},{\"@type\":\"Question\",\"name\":\"Faut-il retirer le CMG de la CAF avant de du00e9clarer les frais ?\",\"acceptedAnswer\":{\"@type\":\"Answer\",\"text\":\"Oui. Le complu00e9ment de libre choix du mode de garde doit u00eatre du00e9duit des du00e9penses, comme toute aide employeur affectu00e9e au financement de la garde.\"}},{\"@type\":\"Question\",\"name\":\"Que se passe-t-il en ru00e9sidence alternu00e9e ?\",\"acceptedAnswer\":{\"@type\":\"Answer\",\"text\":\"Chaque parent du00e9clare les du00e9penses quu2019il a ru00e9ellement supportu00e9es dans un demi-plafond de 1 750 euros par enfant. Le cru00e9dit maximal est alors de 875 euros par parent.\"}}]}\n<\/script>\n<h3>Une micro-cr\u00e8che ouvre-t-elle droit au cr\u00e9dit d\u2019imp\u00f4t ?<\/h3>\n<p>Oui, lorsque l\u2019accueil a lieu hors du domicile et que l\u2019enfant remplit la condition d\u2019\u00e2ge. Le calcul porte sur le reste r\u00e9ellement pay\u00e9 apr\u00e8s d\u00e9duction du CMG structure et des autres aides re\u00e7ues.<\/p>\n<h3>Le cr\u00e9dit d\u2019imp\u00f4t est-il vers\u00e9 si le foyer ne paie pas d\u2019imp\u00f4t ?<\/h3>\n<p>Oui. Il s\u2019agit d\u2019un cr\u00e9dit d\u2019imp\u00f4t remboursable. Si son montant d\u00e9passe l\u2019imp\u00f4t d\u00fb, l\u2019exc\u00e9dent est restitu\u00e9 au foyer selon le calendrier fiscal.<\/p>\n<h3>Les repas factur\u00e9s par une cr\u00e8che sont-ils \u00e0 d\u00e9clarer ?<\/h3>\n<p>Non. Les frais de nourriture sont exclus de la base du cr\u00e9dit d\u2019imp\u00f4t. Seuls les frais correspondant directement \u00e0 la garde hors domicile peuvent \u00eatre retenus.<\/p>\n<h3>Faut-il retirer le CMG de la CAF avant de d\u00e9clarer les frais ?<\/h3>\n<p>Oui. Le compl\u00e9ment de libre choix du mode de garde doit \u00eatre d\u00e9duit des d\u00e9penses, comme toute aide employeur affect\u00e9e au financement de la garde.<\/p>\n<h3>Que se passe-t-il en r\u00e9sidence altern\u00e9e ?<\/h3>\n<p>Chaque parent d\u00e9clare les d\u00e9penses qu\u2019il a r\u00e9ellement support\u00e9es dans un demi-plafond de 1 750 euros par enfant. Le cr\u00e9dit maximal est alors de 875 euros par parent.<\/p>\n\n","protected":false},"excerpt":{"rendered":"<p>Pour les d\u00e9penses engag\u00e9es en 2026, le cr\u00e9dit d\u2019imp\u00f4t pour une garde d\u2019enfant hors du domicile repr\u00e9sente 50\u00a0% du reste r\u00e9ellement pay\u00e9, dans la limite de 3\u00a0500\u00a0\u20ac par enfant. Le remboursement maximal atteint donc 1\u00a0750\u00a0\u20ac, ou 875\u00a0\u20ac par parent en r\u00e9sidence altern\u00e9e. Cette page applique les r\u00e8gles nationales aux d\u00e9penses de garde engag\u00e9es \u00e0 Nevers [&hellip;]<\/p>\n","protected":false},"author":1,"featured_media":0,"comment_status":"open","ping_status":"closed","sticky":false,"template":"","format":"standard","meta":{"footnotes":""},"categories":[17],"tags":[],"class_list":["post-97","post","type-post","status-publish","format-standard","hentry","category-tarifs-et-aides"],"_links":{"self":[{"href":"https:\/\/bebouillecreche.fr\/blog\/wp-json\/wp\/v2\/posts\/97","targetHints":{"allow":["GET"]}}],"collection":[{"href":"https:\/\/bebouillecreche.fr\/blog\/wp-json\/wp\/v2\/posts"}],"about":[{"href":"https:\/\/bebouillecreche.fr\/blog\/wp-json\/wp\/v2\/types\/post"}],"author":[{"embeddable":true,"href":"https:\/\/bebouillecreche.fr\/blog\/wp-json\/wp\/v2\/users\/1"}],"replies":[{"embeddable":true,"href":"https:\/\/bebouillecreche.fr\/blog\/wp-json\/wp\/v2\/comments?post=97"}],"version-history":[{"count":0,"href":"https:\/\/bebouillecreche.fr\/blog\/wp-json\/wp\/v2\/posts\/97\/revisions"}],"wp:attachment":[{"href":"https:\/\/bebouillecreche.fr\/blog\/wp-json\/wp\/v2\/media?parent=97"}],"wp:term":[{"taxonomy":"category","embeddable":true,"href":"https:\/\/bebouillecreche.fr\/blog\/wp-json\/wp\/v2\/categories?post=97"},{"taxonomy":"post_tag","embeddable":true,"href":"https:\/\/bebouillecreche.fr\/blog\/wp-json\/wp\/v2\/tags?post=97"}],"curies":[{"name":"wp","href":"https:\/\/api.w.org\/{rel}","templated":true}]}}