{"id":96,"date":"2026-08-31T11:16:55","date_gmt":"2026-08-31T11:16:55","guid":{"rendered":"https:\/\/bebouillecreche.fr\/blog\/creche-assistante-nevers-cout\/"},"modified":"2026-08-31T11:16:55","modified_gmt":"2026-08-31T11:16:55","slug":"creche-assistante-nevers-cout","status":"publish","type":"post","link":"https:\/\/bebouillecreche.fr\/blog\/creche-assistante-nevers-cout\/","title":{"rendered":"Cr\u00e8che ou assistante maternelle \u00e0 Nevers : le co\u00fbt compar\u00e9"},"content":{"rendered":"<p class=\"wp-block-paragraph\">\u00c0 Nevers, une cr\u00e8che municipale ou associative appliquant le bar\u00e8me PSU co\u00fbte g\u00e9n\u00e9ralement moins cher \u00e0 revenus modestes et moyens. Une assistante maternelle peut devenir proche apr\u00e8s CMG et cr\u00e9dit d\u2019imp\u00f4t, mais la facture d\u00e9pend du salaire n\u00e9goci\u00e9, des indemnit\u00e9s, des heures pr\u00e9vues et des aides r\u00e9ellement attribu\u00e9es.<\/p>\n\n<ul class=\"wp-block-list\"><li><strong>La cr\u00e8che collective PSU<\/strong> facture une participation calcul\u00e9e selon les revenus et le nombre d\u2019enfants \u00e0 charge.<\/li><li><strong>L\u2019assistante maternelle<\/strong> implique un salaire, des indemnit\u00e9s et une d\u00e9claration, puis un CMG vers\u00e9 sous conditions.<\/li><li><strong>Le cr\u00e9dit d\u2019imp\u00f4t<\/strong> r\u00e9duit une partie des d\u00e9penses restant \u00e0 la charge du foyer, mais il intervient apr\u00e8s le paiement.<\/li><li>Le prix affich\u00e9 par une micro-cr\u00e8che priv\u00e9e ne peut pas \u00eatre compar\u00e9 au tarif d\u2019une cr\u00e8che PSU sans int\u00e9grer les aides.<\/li><\/ul>\n\n<p class=\"wp-block-paragraph\">Ce comparatif couvre la garde d\u2019enfants Nevers et sa premi\u00e8re couronne, soit Coulanges-l\u00e8s-Nevers, Varennes-Vauzelles, Marzy, Fourchambault, Challuy, Sermoise-sur-Loire, Garchizy et Pougues-les-Eaux. Il traite du co\u00fbt d\u2019une place et des d\u00e9marches de paiement, non des questions de sant\u00e9, d\u2019alimentation, de sommeil ou de d\u00e9veloppement de l\u2019enfant.<\/p>\n\n<div id=\"ez-toc-container\" class=\"ez-toc-v2_0_87 counter-hierarchy ez-toc-counter ez-toc-grey ez-toc-container-direction\">\n<div class=\"ez-toc-title-container\">\n<p class=\"ez-toc-title\" style=\"cursor:inherit\">Sommaire<\/p>\n<span class=\"ez-toc-title-toggle\"><a href=\"#\" class=\"ez-toc-pull-right ez-toc-btn ez-toc-btn-xs ez-toc-btn-default ez-toc-toggle\" aria-label=\"Toggle Table of Content\"><span class=\"ez-toc-js-icon-con\"><span class=\"\"><span class=\"eztoc-hide\" style=\"display:none;\">Toggle<\/span><span class=\"ez-toc-icon-toggle-span\"><svg style=\"fill: #999;color:#999\" xmlns=\"http:\/\/www.w3.org\/2000\/svg\" class=\"list-377408\" width=\"20px\" height=\"20px\" viewBox=\"0 0 24 24\" fill=\"none\"><path d=\"M6 6H4v2h2V6zm14 0H8v2h12V6zM4 11h2v2H4v-2zm16 0H8v2h12v-2zM4 16h2v2H4v-2zm16 0H8v2h12v-2z\" fill=\"currentColor\"><\/path><\/svg><svg style=\"fill: #999;color:#999\" class=\"arrow-unsorted-368013\" xmlns=\"http:\/\/www.w3.org\/2000\/svg\" width=\"10px\" height=\"10px\" viewBox=\"0 0 24 24\" version=\"1.2\" baseProfile=\"tiny\"><path d=\"M18.2 9.3l-6.2-6.3-6.2 6.3c-.2.2-.3.4-.3.7s.1.5.3.7c.2.2.4.3.7.3h11c.3 0 .5-.1.7-.3.2-.2.3-.5.3-.7s-.1-.5-.3-.7zM5.8 14.7l6.2 6.3 6.2-6.3c.2-.2.3-.5.3-.7s-.1-.5-.3-.7c-.2-.2-.4-.3-.7-.3h-11c-.3 0-.5.1-.7.3-.2.2-.3.5-.3.7s.1.5.3.7z\"\/><\/svg><\/span><\/span><\/span><\/a><\/span><\/div>\n<nav><ul class='ez-toc-list ez-toc-list-level-1 eztoc-toggle-hide-by-default' ><li class='ez-toc-page-1 ez-toc-heading-level-2'><a class=\"ez-toc-link ez-toc-heading-1\" href=\"https:\/\/bebouillecreche.fr\/blog\/creche-assistante-nevers-cout\/#Quel_cout_creche_faut-il_prevoir_a_Nevers_avant_les_aides\" >Quel co\u00fbt cr\u00e8che faut-il pr\u00e9voir \u00e0 Nevers avant les aides ?<\/a><\/li><li class='ez-toc-page-1 ez-toc-heading-level-2'><a class=\"ez-toc-link ez-toc-heading-2\" href=\"https:\/\/bebouillecreche.fr\/blog\/creche-assistante-nevers-cout\/#Comment_calculer_le_tarif_assistante_maternelle_et_les_frais_a_ajouter\" >Comment calculer le tarif assistante maternelle et les frais \u00e0 ajouter ?<\/a><\/li><li class='ez-toc-page-1 ez-toc-heading-level-2'><a class=\"ez-toc-link ez-toc-heading-3\" href=\"https:\/\/bebouillecreche.fr\/blog\/creche-assistante-nevers-cout\/#Pourquoi_le_prix_creche_compare_change-t-il_apres_le_CMG_et_le_credit_dimpot\" >Pourquoi le prix cr\u00e8che compar\u00e9 change-t-il apr\u00e8s le CMG et le cr\u00e9dit d\u2019imp\u00f4t ?<\/a><\/li><li class='ez-toc-page-1 ez-toc-heading-level-2'><a class=\"ez-toc-link ez-toc-heading-4\" href=\"https:\/\/bebouillecreche.fr\/blog\/creche-assistante-nevers-cout\/#Quel_tableau_utiliser_pour_comparer_creche_collective_micro-creche_et_assistante_maternelle\" >Quel tableau utiliser pour comparer cr\u00e8che collective, micro-cr\u00e8che et assistante maternelle ?<\/a><\/li><li class='ez-toc-page-1 ez-toc-heading-level-2'><a class=\"ez-toc-link ez-toc-heading-5\" href=\"https:\/\/bebouillecreche.fr\/blog\/creche-assistante-nevers-cout\/#Quelles_demarches_permettent_de_securiser_le_budget_garde_enfant_a_Nevers\" >Quelles d\u00e9marches permettent de s\u00e9curiser le budget garde enfant \u00e0 Nevers ?<\/a><\/li><\/ul><\/nav><\/div>\n<h2 class=\"wp-block-heading\"><span class=\"ez-toc-section\" id=\"Quel_cout_creche_faut-il_prevoir_a_Nevers_avant_les_aides\"><\/span>Quel co\u00fbt cr\u00e8che faut-il pr\u00e9voir \u00e0 Nevers avant les aides ?<span class=\"ez-toc-section-end\"><\/span><\/h2>\n\n<p class=\"wp-block-paragraph\">Le co\u00fbt cr\u00e8che d\u00e9pend d\u2019abord du type d\u2019\u00e9tablissement. Une cr\u00e8che municipale ou associative conventionn\u00e9e applique habituellement la prestation de service unique, appel\u00e9e PSU. Dans ce syst\u00e8me, la participation familiale est calcul\u00e9e \u00e0 partir des ressources du foyer et du nombre d\u2019enfants \u00e0 charge. La Caf verse directement sa part \u00e0 la structure : les parents r\u00e8glent un prix horaire d\u00e9j\u00e0 r\u00e9duit.<\/p>\n\n<p class=\"wp-block-paragraph\">Le <a href=\"https:\/\/www.caf.fr\" target=\"_blank\" rel=\"noopener\">bar\u00e8me national de la Caf<\/a>, applicable selon les r\u00e8gles en vigueur au moment de la facturation, sert donc de point de d\u00e9part. Deux foyers utilisant le m\u00eame nombre d\u2019heures dans une m\u00eame cr\u00e8che Nevers peuvent recevoir des factures tr\u00e8s diff\u00e9rentes. Le tarif ne r\u00e9sulte pas d\u2019un prix libre fix\u00e9 par la direction, mais d\u2019un taux d\u2019effort appliqu\u00e9 aux ressources retenues par la Caf.<\/p>\n\n<p class=\"wp-block-paragraph\">Les donn\u00e9es disponibles pour ao\u00fbt 2026 situent la d\u00e9pense mensuelle en cr\u00e8che collective PSU entre <strong>200 et 900 euros<\/strong> pour un accueil r\u00e9gulier \u00e0 temps plein. Cette amplitude est large parce qu\u2019elle couvre des situations de revenus tr\u00e8s diff\u00e9rentes. Elle ne doit pas \u00eatre lue comme un tarif local unique : seule une simulation reposant sur les ressources du foyer et le contrat d\u2019heures permet d\u2019obtenir un montant exploitable.<\/p>\n\n<p class=\"wp-block-paragraph\">La cr\u00e8che collective pr\u00e9sente un avantage de lecture budg\u00e9taire. Le montant pay\u00e9 chaque mois correspond d\u00e9j\u00e0 au tarif aid\u00e9. Il n\u2019y a pas, dans le fonctionnement habituel de la PSU, de CMG \u00e0 attendre sur le compte bancaire pour diminuer ensuite une facture initialement \u00e9lev\u00e9e. Cette diff\u00e9rence de tr\u00e9sorerie compte lorsqu\u2019un budget garde enfant est serr\u00e9.<\/p>\n\n<p class=\"wp-block-paragraph\">Une micro-cr\u00e8che priv\u00e9e ne suit pas n\u00e9cessairement le m\u00eame mode de facturation. Certaines facturent un prix horaire libre, d\u2019autres proposent un forfait mensuel, parfois compl\u00e9t\u00e9 par des frais annexes pr\u00e9vus au contrat. Les donn\u00e9es de comparaison utilis\u00e9es pour ao\u00fbt 2026 retiennent un ordre de grandeur d\u2019environ <strong>1 900 euros par mois avant aides<\/strong> pour un temps plein. Ce montant doit \u00eatre v\u00e9rifi\u00e9 \u00e9tablissement par \u00e9tablissement, car un forfait annonc\u00e9 ne permet pas de d\u00e9duire le nombre d\u2019heures incluses, les absences factur\u00e9es ou les p\u00e9riodes de fermeture.<\/p>\n\n<p class=\"wp-block-paragraph\">Le dossier consacr\u00e9 au <a href=\"https:\/\/bebouillecreche.fr\/blog\/micro-creche-paje-tarif\/\">tarif des micro-cr\u00e8ches PAJE<\/a> aide \u00e0 distinguer ce qui rel\u00e8ve du prix factur\u00e9 par la structure et ce qui rel\u00e8ve du compl\u00e9ment vers\u00e9 ensuite par la Caf. Cette distinction \u00e9vite une erreur fr\u00e9quente : traiter le montant du CMG comme une r\u00e9duction automatique au moment du pr\u00e9l\u00e8vement.<\/p>\n\n<p class=\"wp-block-paragraph\">Une cr\u00e8che PSU et une micro-cr\u00e8che priv\u00e9e ne se comparent donc pas seulement \u00e0 partir du montant affich\u00e9. La premi\u00e8re fait intervenir l\u2019aide avant la facture parentale. La seconde peut imposer une avance bien plus \u00e9lev\u00e9e, m\u00eame quand le reste \u00e0 charge final se rapproche apr\u00e8s versement du CMG et prise en compte de l\u2019avantage fiscal.<\/p>\n\n<p class=\"wp-block-paragraph\">Le bar\u00e8me applicable \u00e0 une cr\u00e8che collective est d\u00e9taill\u00e9 dans ce <a href=\"https:\/\/bebouillecreche.fr\/blog\/bareme-psu-creche-nevers\/\">guide du bar\u00e8me PSU \u00e0 Nevers<\/a>. Avant de signer, le service petite enfance ou la direction de la structure doit confirmer les ressources prises en compte, le volume horaire contractualis\u00e9 et les r\u00e8gles de facturation des absences.<\/p>\n\n<h2 class=\"wp-block-heading\"><span class=\"ez-toc-section\" id=\"Comment_calculer_le_tarif_assistante_maternelle_et_les_frais_a_ajouter\"><\/span>Comment calculer le tarif assistante maternelle et les frais \u00e0 ajouter ?<span class=\"ez-toc-section-end\"><\/span><\/h2>\n\n<p class=\"wp-block-paragraph\">Le tarif assistante maternelle ne se r\u00e9duit pas au salaire horaire inscrit dans le contrat. Le parent employeur verse une r\u00e9mun\u00e9ration pour les heures pr\u00e9vues, puis ajoute les indemnit\u00e9s pr\u00e9vues par la convention collective et le contrat. Les frais assistante maternelle peuvent comprendre une indemnit\u00e9 d\u2019entretien, des indemnit\u00e9s de repas lorsque les repas sont fournis, ainsi que des majorations si le contrat les pr\u00e9voit pour certains horaires.<\/p>\n\n<p class=\"wp-block-paragraph\">Les donn\u00e9es de r\u00e9f\u00e9rence utilis\u00e9es pour ao\u00fbt 2026 placent le co\u00fbt brut d\u2019un accueil de <strong>45 heures par semaine<\/strong> entre <strong>793 et 1 040 euros par mois<\/strong>, avant CMG et cr\u00e9dit d\u2019imp\u00f4t. Le premier niveau correspond \u00e0 un plancher conventionnel \u00e9voqu\u00e9 dans les donn\u00e9es de comparaison. Le second repose sur un tarif horaire de r\u00e9f\u00e9rence de <strong>4,91 euros<\/strong>. Ces montants ne comprennent pas m\u00e9caniquement toutes les indemnit\u00e9s, qui doivent \u00eatre d\u00e9taill\u00e9es s\u00e9par\u00e9ment.<\/p>\n\n<p class=\"wp-block-paragraph\">Cette ventilation doit \u00eatre demand\u00e9e avant toute signature. Un prix horaire de 4,50 euros et un prix horaire de 4,90 euros peuvent produire une facture finale plus proche qu\u2019attendu si les indemnit\u00e9s d\u2019entretien, les repas, les cong\u00e9s pay\u00e9s et les jours d\u2019absence suivent des r\u00e8gles diff\u00e9rentes. Le contrat \u00e9crit reste le document \u00e0 relire ligne par ligne.<\/p>\n\n<p class=\"wp-block-paragraph\">La d\u00e9claration s\u2019effectue par le dispositif Pajemploi lorsque les conditions sont r\u00e9unies. Les cotisations sociales li\u00e9es \u00e0 l\u2019emploi d\u2019une assistante maternelle agr\u00e9\u00e9e peuvent \u00eatre prises en charge par la Caf selon les r\u00e8gles du CMG. La page officielle de <a href=\"https:\/\/www.service-public.fr\/particuliers\/vosdroits\/F345\" target=\"_blank\" rel=\"noopener\">service-public.fr sur le CMG<\/a> pr\u00e9cise les conditions d\u2019ouverture des droits, les plafonds et les d\u00e9marches \u00e0 v\u00e9rifier pour une situation r\u00e9elle.<\/p>\n\n<p class=\"wp-block-paragraph\">Un foyer doit aussi s\u00e9parer trois dates dans son suivi. La premi\u00e8re est la date \u00e0 laquelle le salaire et les indemnit\u00e9s sont dus. La deuxi\u00e8me est celle du versement \u00e9ventuel du CMG. La troisi\u00e8me est celle de la r\u00e9cup\u00e9ration fiscale. Confondre ces trois moments donne l\u2019impression que l\u2019assistante maternelle Nevers est imm\u00e9diatement moins co\u00fbteuse qu\u2019elle ne l\u2019est r\u00e9ellement sur le compte bancaire du mois.<\/p>\n\n<p class=\"wp-block-paragraph\">Le plafond horaire pris en compte dans le calcul du CMG constitue un autre point de contr\u00f4le. Les donn\u00e9es communiqu\u00e9es pour la r\u00e9forme entr\u00e9e en vigueur le <strong>1er avril 2026<\/strong> indiquent un plafond de <strong>8,09 euros par heure<\/strong>. Un prix sup\u00e9rieur \u00e0 ce plafond ne rend pas n\u00e9cessairement le contrat impossible, mais la partie d\u00e9passant la limite ne b\u00e9n\u00e9ficie pas de la m\u00eame prise en charge.<\/p>\n\n<p class=\"wp-block-paragraph\">Le budget garde enfant doit donc \u00eatre construit \u00e0 partir du nombre pr\u00e9cis d\u2019heures mensuelles. Pour 45 heures chaque semaine, le calcul ne peut pas reprendre le montant d\u2019un contrat de 35 ou 40 heures. Les semaines d\u2019absence pr\u00e9vues, les cong\u00e9s, les jours f\u00e9ri\u00e9s et les p\u00e9riodes non travaill\u00e9es modifient \u00e9galement le total annuel.<\/p>\n\n<p class=\"wp-block-paragraph\">Le Relais Petite Enfance reste l\u2019interlocuteur local pertinent pour v\u00e9rifier la recherche d\u2019une assistante maternelle Nevers et comprendre les documents contractuels. Le <a href=\"https:\/\/bebouillecreche.fr\/blog\/relais-petite-enfance-nevers\/\">Relais Petite Enfance de Nevers<\/a> peut orienter les parents vers les d\u00e9marches locales, sans d\u00e9cider \u00e0 la place des parties du contenu du contrat.<\/p>\n\n<figure class=\"is-provider-youtube is-type-video wp-block-embed wp-block-embed-youtube wp-embed-aspect-16-9 wp-has-aspect-ratio\"><div class=\"wp-block-embed__wrapper\">\n<iframe loading=\"lazy\" title=\"Micro-cr\u00e8che : le bon choix pour mon b\u00e9b\u00e9 ? (prix, avantages, diff\u00e9rences)\" width=\"500\" height=\"281\" src=\"https:\/\/www.youtube.com\/embed\/7FFZC0ILyek?feature=oembed\" frameborder=\"0\" allow=\"accelerometer; autoplay; clipboard-write; encrypted-media; gyroscope; picture-in-picture; web-share\" referrerpolicy=\"strict-origin-when-cross-origin\" allowfullscreen><\/iframe>\n<\/div><\/figure>\n\n<h2 class=\"wp-block-heading\"><span class=\"ez-toc-section\" id=\"Pourquoi_le_prix_creche_compare_change-t-il_apres_le_CMG_et_le_credit_dimpot\"><\/span>Pourquoi le prix cr\u00e8che compar\u00e9 change-t-il apr\u00e8s le CMG et le cr\u00e9dit d\u2019imp\u00f4t ?<span class=\"ez-toc-section-end\"><\/span><\/h2>\n\n<p class=\"wp-block-paragraph\">Le prix cr\u00e8che compar\u00e9 doit toujours distinguer le co\u00fbt brut, l\u2019aide vers\u00e9e pendant l\u2019ann\u00e9e et l\u2019avantage fiscal r\u00e9cup\u00e9r\u00e9 ult\u00e9rieurement. Une cr\u00e8che PSU applique d\u00e8s le d\u00e9part un tarif tenant compte de la participation Caf. Une assistante maternelle ou une micro-cr\u00e8che relevant de la PAJE conduit souvent \u00e0 une s\u00e9quence diff\u00e9rente : une facture est pay\u00e9e, le CMG est vers\u00e9 sous conditions, puis le cr\u00e9dit d\u2019imp\u00f4t est int\u00e9gr\u00e9 lors de la d\u00e9claration fiscale.<\/p>\n\n<p class=\"wp-block-paragraph\">Les donn\u00e9es utilis\u00e9es pour ao\u00fbt 2026 mentionnent un CMG maximal pouvant atteindre <strong>821,04 euros par mois<\/strong> pour l\u2019emploi d\u2019une assistante maternelle et <strong>992,13 euros par mois<\/strong> pour une micro-cr\u00e8che. Ces plafonds ne sont pas des montants garantis. Ils d\u00e9pendent notamment des ressources du foyer, du nombre d\u2019enfants \u00e0 charge, du volume d\u2019heures et des r\u00e8gles de calcul applicables au dossier.<\/p>\n\n<p class=\"wp-block-paragraph\">Le cr\u00e9dit d\u2019imp\u00f4t pour frais de garde d\u2019enfants de moins de six ans correspond \u00e0 <strong>50 % des d\u00e9penses retenues<\/strong>, dans la limite fiscale applicable. Les donn\u00e9es fournies retiennent un plafond de r\u00e9duction de <strong>1 750 euros par enfant et par an<\/strong>. Ce m\u00e9canisme ne doit pas \u00eatre int\u00e9gr\u00e9 comme un versement mensuel automatique : il r\u00e9duit l\u2019imp\u00f4t d\u00fb ou donne lieu \u00e0 restitution selon la situation fiscale et le calendrier de d\u00e9claration.<\/p>\n\n<p class=\"wp-block-paragraph\">Un exemple chiffr\u00e9 montre l\u2019\u00e9cart entre la facture et le co\u00fbt final. Un contrat d\u2019assistante maternelle factur\u00e9 1 000 euros mensuels avant aide repr\u00e9sente 12 000 euros sur douze mois, hors variation li\u00e9e aux indemnit\u00e9s et aux absences. Si le foyer re\u00e7oit 600 euros de CMG mensuel, il reste 400 euros \u00e0 avancer chaque mois, soit 4 800 euros sur l\u2019ann\u00e9e avant cr\u00e9dit d\u2019imp\u00f4t.<\/p>\n\n<p class=\"wp-block-paragraph\">Dans cet exemple, l\u2019avantage fiscal ne se calcule pas m\u00e9caniquement sur 12 000 euros. Il porte sur les d\u00e9penses \u00e9ligibles restant apr\u00e8s prise en compte des aides publiques, dans la limite annuelle fix\u00e9e par les r\u00e8gles fiscales. Le montant exact doit \u00eatre v\u00e9rifi\u00e9 sur la d\u00e9claration et sur les justificatifs Pajemploi. La comparaison utile n\u2019est donc pas \u00ab 1 000 euros contre 500 euros \u00bb, mais \u00ab avance mensuelle, CMG attendu, puis co\u00fbt net annuel apr\u00e8s fiscalit\u00e9 \u00bb.<\/p>\n\n<p class=\"wp-block-paragraph\">La micro-cr\u00e8che peut g\u00e9n\u00e9rer une avance de tr\u00e9sorerie plus importante. Avec un forfait proche de 1 900 euros par mois et une aide maximale th\u00e9orique de 992,13 euros, l\u2019\u00e9cart \u00e0 financer avant prise en compte du cr\u00e9dit d\u2019imp\u00f4t peut rester sup\u00e9rieur \u00e0 900 euros. Les donn\u00e9es de comparaison situent le reste \u00e0 charge mensuel indicatif entre <strong>900 et 1 185 euros<\/strong>, selon les revenus et le contrat.<\/p>\n\n<p class=\"wp-block-paragraph\">Dans une cr\u00e8che municipale, le m\u00eame foyer ne re\u00e7oit pas n\u00e9cessairement une somme distincte de la Caf. Il paie une facture tarif\u00e9e par le bar\u00e8me PSU. C\u2019est pourquoi le co\u00fbt cr\u00e8che para\u00eet souvent plus bas d\u00e8s le premier mois. Cette lisibilit\u00e9 ne dispense pas de contr\u00f4ler la facturation des heures r\u00e9serv\u00e9es et les modalit\u00e9s li\u00e9es aux absences pr\u00e9vues dans le r\u00e8glement de fonctionnement.<\/p>\n\n<p class=\"wp-block-paragraph\">Le simulateur de la Caf doit \u00eatre utilis\u00e9 avant de retenir un mode de garde Nevers. Le r\u00e9sultat doit ensuite \u00eatre compar\u00e9 avec un devis \u00e9crit ou un contrat d\u00e9taill\u00e9. Un montant obtenu \u00e0 partir d\u2019une estimation de revenus ou d\u2019horaires ne peut pas servir de base d\u00e9finitive \u00e0 un engagement de plusieurs mois.<\/p>\n\n<h2 class=\"wp-block-heading\"><span class=\"ez-toc-section\" id=\"Quel_tableau_utiliser_pour_comparer_creche_collective_micro-creche_et_assistante_maternelle\"><\/span>Quel tableau utiliser pour comparer cr\u00e8che collective, micro-cr\u00e8che et assistante maternelle ?<span class=\"ez-toc-section-end\"><\/span><\/h2>\n\n<p class=\"wp-block-paragraph\">Le tableau suivant ne donne pas les prix de chaque \u00e9tablissement du bassin nivernais. Il croise les m\u00e9canismes de facturation et les montants de r\u00e9f\u00e9rence fournis pour ao\u00fbt 2026. Les tarifs d\u2019une structure pr\u00e9cise doivent \u00eatre relev\u00e9s aupr\u00e8s d\u2019elle, avec la date de l\u2019\u00e9change, le nombre d\u2019heures incluses et les frais annexes indiqu\u00e9s.<\/p>\n\n<figure class=\"wp-block-table\"><table>\n<thead>\n<tr>\n<th>Mode de garde<\/th>\n<th>Facturation avant aides<\/th>\n<th>Aide principale<\/th>\n<th>Montant ou ordre de grandeur communiqu\u00e9<\/th>\n<th>Point \u00e0 v\u00e9rifier avant signature<\/th>\n<\/tr>\n<\/thead>\n<tbody>\n<tr>\n<td>Cr\u00e8che collective PSU<\/td>\n<td>Participation familiale horaire<\/td>\n<td>Aide Caf d\u00e9j\u00e0 int\u00e9gr\u00e9e au tarif<\/td>\n<td><strong>200 \u00e0 900 euros par mois<\/strong> selon les ressources et les heures<\/td>\n<td>Bar\u00e8me, heures contractualis\u00e9es, absences factur\u00e9es<\/td>\n<\/tr>\n<tr>\n<td>Micro-cr\u00e8che priv\u00e9e<\/td>\n<td>Tarif libre ou forfait mensuel<\/td>\n<td>CMG sous conditions<\/td>\n<td>Environ <strong>1 900 euros par mois<\/strong> avant aides pour un temps plein<\/td>\n<td>Heures incluses, frais suppl\u00e9mentaires, avance mensuelle<\/td>\n<\/tr>\n<tr>\n<td>Assistante maternelle agr\u00e9\u00e9e<\/td>\n<td>Salaire et indemnit\u00e9s pr\u00e9vues au contrat<\/td>\n<td>CMG et prise en charge des cotisations selon droit ouvert<\/td>\n<td><strong>793 \u00e0 1 040 euros par mois<\/strong> avant aides pour 45 heures hebdomadaires<\/td>\n<td>Salaire net, indemnit\u00e9s, cong\u00e9s, calendrier de paiement<\/td>\n<\/tr>\n<\/tbody>\n<\/table><\/figure>\n\n<p class=\"wp-block-paragraph\">Le croisement met en \u00e9vidence une diff\u00e9rence pratique. La cr\u00e8che collective fait varier directement le montant r\u00e9clam\u00e9 aux parents selon les ressources. L\u2019assistante maternelle et la micro-cr\u00e8che demandent souvent un travail de reconstitution : facture initiale, aide Caf, puis fiscalit\u00e9. Le mode le moins co\u00fbteux au terme de l\u2019ann\u00e9e peut donc ne pas \u00eatre celui qui exige le moins de tr\u00e9sorerie le premier mois.<\/p>\n\n<p class=\"wp-block-paragraph\">Les tarifs annonc\u00e9s dans un tableau g\u00e9n\u00e9ral ne remplacent pas un relev\u00e9 local. Pour une cr\u00e8che Nevers, il faut demander si la structure applique la PSU ou la PAJE, quelle p\u00e9riode de fermeture est pr\u00e9vue et si les heures r\u00e9serv\u00e9es restent dues en cas d\u2019absence. Pour une assistante maternelle Nevers, il faut demander le salaire horaire, l\u2019indemnit\u00e9 d\u2019entretien quotidienne, le repas \u00e9ventuel et les modalit\u00e9s de cong\u00e9s.<\/p>\n\n<p class=\"wp-block-paragraph\">La comparaison doit aussi \u00eatre faite sur douze mois, non sur quatre semaines isol\u00e9es. Une mensualisation peut lisser certaines d\u00e9penses, mais elle ne fait pas dispara\u00eetre les p\u00e9riodes de fermeture, les cong\u00e9s r\u00e9mun\u00e9r\u00e9s ou les r\u00e9gularisations de fin de contrat. Chaque \u00e9l\u00e9ment doit \u00eatre not\u00e9 s\u00e9par\u00e9ment avant d\u2019additionner les co\u00fbts.<\/p>\n\n<p class=\"wp-block-paragraph\">La disponibilit\u00e9 change parfois l\u2019ordre des calculs. Une place en cr\u00e8che municipale n\u00e9cessite une d\u00e9marche d\u2019inscription et un passage devant une commission lorsque la commune fonctionne ainsi. Le <a href=\"https:\/\/bebouillecreche.fr\/blog\/inscription-enfant-creche\/\">dossier d\u2019inscription en cr\u00e8che<\/a> permet de rep\u00e9rer les pi\u00e8ces \u00e0 pr\u00e9parer et l\u2019interlocuteur comp\u00e9tent avant la date de d\u00e9p\u00f4t.<\/p>\n\n<p class=\"wp-block-paragraph\">Les micro-cr\u00e8ches priv\u00e9es constituent un cas distinct, notamment lorsqu\u2019une place est accessible plus rapidement mais \u00e0 un forfait plus \u00e9lev\u00e9. Le relev\u00e9 des <a href=\"https:\/\/bebouillecreche.fr\/blog\/micro-creches-nevers-places\/\">places en micro-cr\u00e8ches \u00e0 Nevers<\/a> doit \u00eatre lu avec la date de v\u00e9rification de chaque ligne. Une place ou un tarif non dat\u00e9 ne permet pas de construire un budget fiable.<\/p>\n\n<p class=\"wp-block-paragraph\">Le tableau ne classe donc pas les modes d\u2019accueil. Il sert \u00e0 rep\u00e9rer les lignes du devis ou du contrat qui transforment un tarif annonc\u00e9 en d\u00e9pense r\u00e9elle sur l\u2019ann\u00e9e.<\/p>\n\n<figure class=\"is-provider-youtube is-type-video wp-block-embed wp-block-embed-youtube wp-embed-aspect-16-9 wp-has-aspect-ratio\"><div class=\"wp-block-embed__wrapper\">\n<iframe loading=\"lazy\" title=\"Quelle est la diff\u00e9rence entre une cr\u00e8che priv\u00e9e et une assistante maternelle ?\" width=\"500\" height=\"281\" src=\"https:\/\/www.youtube.com\/embed\/wjilfM5fA7Q?feature=oembed\" frameborder=\"0\" allow=\"accelerometer; autoplay; clipboard-write; encrypted-media; gyroscope; picture-in-picture; web-share\" referrerpolicy=\"strict-origin-when-cross-origin\" allowfullscreen><\/iframe>\n<\/div><\/figure>\n\n<h2 class=\"wp-block-heading\"><span class=\"ez-toc-section\" id=\"Quelles_demarches_permettent_de_securiser_le_budget_garde_enfant_a_Nevers\"><\/span>Quelles d\u00e9marches permettent de s\u00e9curiser le budget garde enfant \u00e0 Nevers ?<span class=\"ez-toc-section-end\"><\/span><\/h2>\n\n<p class=\"wp-block-paragraph\">La premi\u00e8re d\u00e9marche consiste \u00e0 \u00e9crire un comparatif personnel avant toute r\u00e9servation. Une feuille simple suffit, \u00e0 condition de s\u00e9parer le montant \u00e0 payer chaque mois du co\u00fbt final esp\u00e9r\u00e9 apr\u00e8s aides. Cette s\u00e9paration \u00e9vite de signer un forfait dont l\u2019avance mensuelle d\u00e9passe la capacit\u00e9 r\u00e9elle du foyer, m\u00eame si le cr\u00e9dit d\u2019imp\u00f4t r\u00e9duit plus tard la d\u00e9pense annuelle.<\/p>\n\n<p class=\"wp-block-paragraph\">Pour une cr\u00e8che collective, il faut demander le nombre d\u2019heures contractualis\u00e9es, le tarif horaire estim\u00e9 selon les ressources retenues et les r\u00e8gles de facturation pendant les absences. Le r\u00e8glement de fonctionnement doit pr\u00e9ciser ces \u00e9l\u00e9ments. Les parents peuvent ensuite rapprocher cette estimation de leur simulation Caf, en gardant la date du calcul et les revenus utilis\u00e9s.<\/p>\n\n<p class=\"wp-block-paragraph\">Pour un emploi direct, le contrat de l\u2019assistante maternelle doit distinguer le salaire, l\u2019indemnit\u00e9 d\u2019entretien, les repas lorsqu\u2019ils sont fournis et les cong\u00e9s pay\u00e9s. Une ligne globale annonc\u00e9e oralement ne suffit pas \u00e0 comparer les frais assistante maternelle avec une facture de cr\u00e8che. Une somme mensuelle ne peut \u00eatre v\u00e9rifi\u00e9e qu\u2019en retrouvant le nombre d\u2019heures, le tarif et chaque indemnit\u00e9.<\/p>\n\n<ul class=\"wp-block-list\"><li>Conservez une simulation Caf dat\u00e9e avant la signature, avec les revenus et le nombre d\u2019heures utilis\u00e9s.<\/li><li>Demandez un document \u00e9crit indiquant le prix horaire ou le forfait, ainsi que les d\u00e9penses incluses et exclues.<\/li><li>Calculez le total sur douze mois, en distinguant les avances mensuelles du cr\u00e9dit d\u2019imp\u00f4t r\u00e9cup\u00e9rable.<\/li><li>V\u00e9rifiez la disponibilit\u00e9 \u00e0 une date pr\u00e9cise aupr\u00e8s du service petite enfance ou de l\u2019interlocuteur concern\u00e9.<\/li><\/ul>\n\n<p class=\"wp-block-paragraph\">Une situation de garde d\u2019enfants Nevers peut aussi combiner plusieurs solutions sur la semaine. Dans ce cas, le CMG ne doit pas \u00eatre suppos\u00e9 identique \u00e0 celui d\u2019un accueil \u00e0 temps plein. Le volume d\u00e9clar\u00e9, les plafonds applicables et les conditions du contrat modifient le calcul. La Caf demeure l\u2019organisme qui peut confirmer les droits sur le dossier r\u00e9el.<\/p>\n\n<p class=\"wp-block-paragraph\">La premi\u00e8re couronne nivernaise \u00e9largit parfois les possibilit\u00e9s, mais elle ne transforme pas les r\u00e8gles de facturation. Une place \u00e0 Coulanges-l\u00e8s-Nevers ou \u00e0 Varennes-Vauzelles doit \u00eatre compar\u00e9e avec les m\u00eames \u00e9l\u00e9ments : statut de gestion, amplitude r\u00e9ellement pratiqu\u00e9e, tarif, heures incluses et date de v\u00e9rification. Le point local sur les <a href=\"https:\/\/bebouillecreche.fr\/blog\/creches-coulanges-varennes\/\">cr\u00e8ches de Coulanges-l\u00e8s-Nevers et Varennes-Vauzelles<\/a> peut servir de point de d\u00e9part pour identifier les structures \u00e0 contacter.<\/p>\n\n<p class=\"wp-block-paragraph\">La demande adress\u00e9e \u00e0 une structure doit rester pr\u00e9cise. Il faut demander le tarif, les frais inclus, les horaires r\u00e9ellement propos\u00e9s et la date \u00e0 laquelle l\u2019information est valable. Si un \u00e9tablissement refuse de communiquer un forfait par t\u00e9l\u00e9phone, le montant ne doit pas \u00eatre estim\u00e9. Une ligne laiss\u00e9e vide dans un comparatif est plus utile qu\u2019un chiffre incertain.<\/p>\n\n<p class=\"wp-block-paragraph\">Le budget garde enfant devient exploitable lorsque chaque montant est reli\u00e9 \u00e0 un document, une simulation ou un \u00e9change dat\u00e9. La Caf, le Relais Petite Enfance et le service petite enfance comp\u00e9tent restent les interlocuteurs \u00e0 solliciter lorsque le calcul d\u00e9pend d\u2019un dossier individuel.<\/p>\n\n<script type=\"application\/ld+json\">\n{\"@context\":\"https:\/\/schema.org\",\"@type\":\"FAQPage\",\"mainEntity\":[{\"@type\":\"Question\",\"name\":\"La cru00e8che collective est-elle toujours moins chu00e8re quu2019une assistante maternelle u00e0 Nevers ?\",\"acceptedAnswer\":{\"@type\":\"Answer\",\"text\":\"La cru00e8che PSU est souvent moins cou00fbteuse pour les foyers aux revenus modestes ou moyens, car la participation est calculu00e9e directement selon les ressources. Lu2019assistante maternelle peut se rapprocher de ce cou00fbt apru00e8s CMG et cru00e9dit du2019impu00f4t, mais le ru00e9sultat du00e9pend du contrat, des indemnitu00e9s et des droits ouverts aupru00e8s de la Caf.\"}},{\"@type\":\"Question\",\"name\":\"Le CMG est-il versu00e9 directement u00e0 lu2019assistante maternelle ?\",\"acceptedAnswer\":{\"@type\":\"Answer\",\"text\":\"Le complu00e9ment de libre choix du mode de garde est versu00e9 au parent employeur lorsque les conditions sont remplies. Le salaire et les indemnitu00e9s pru00e9vus au contrat restent u00e0 ru00e9gler selon les modalitu00e9s du00e9claru00e9es via Pajemploi.\"}},{\"@type\":\"Question\",\"name\":\"Quels frais doivent figurer dans un contrat avec une assistante maternelle ?\",\"acceptedAnswer\":{\"@type\":\"Answer\",\"text\":\"Le document doit su00e9parer le salaire horaire, le nombre du2019heures pru00e9vues, lu2019indemnitu00e9 du2019entretien, les repas lorsquu2019ils sont facturu00e9s, les congu00e9s payu00e9s et les ru00e8gles applicables aux absences. Cette su00e9paration permet de comparer le contrat avec une facture de cru00e8che.\"}},{\"@type\":\"Question\",\"name\":\"Le cru00e9dit du2019impu00f4t diminue-t-il la facture chaque mois ?\",\"acceptedAnswer\":{\"@type\":\"Answer\",\"text\":\"Non. Le cru00e9dit du2019impu00f4t est pris en compte lors de la du00e9claration fiscale, selon les du00e9penses u00e9ligibles et les plafonds applicables. Il faut donc pru00e9voir lu2019avance de tru00e9sorerie mensuelle avant cette ru00e9cupu00e9ration.\"}}]}\n<\/script>\n<h3>La cr\u00e8che collective est-elle toujours moins ch\u00e8re qu\u2019une assistante maternelle \u00e0 Nevers ?<\/h3>\n<p>La cr\u00e8che PSU est souvent moins co\u00fbteuse pour les foyers aux revenus modestes ou moyens, car la participation est calcul\u00e9e directement selon les ressources. L\u2019assistante maternelle peut se rapprocher de ce co\u00fbt apr\u00e8s CMG et cr\u00e9dit d\u2019imp\u00f4t, mais le r\u00e9sultat d\u00e9pend du contrat, des indemnit\u00e9s et des droits ouverts aupr\u00e8s de la Caf.<\/p>\n<h3>Le CMG est-il vers\u00e9 directement \u00e0 l\u2019assistante maternelle ?<\/h3>\n<p>Le compl\u00e9ment de libre choix du mode de garde est vers\u00e9 au parent employeur lorsque les conditions sont remplies. Le salaire et les indemnit\u00e9s pr\u00e9vus au contrat restent \u00e0 r\u00e9gler selon les modalit\u00e9s d\u00e9clar\u00e9es via Pajemploi.<\/p>\n<h3>Quels frais doivent figurer dans un contrat avec une assistante maternelle ?<\/h3>\n<p>Le document doit s\u00e9parer le salaire horaire, le nombre d\u2019heures pr\u00e9vues, l\u2019indemnit\u00e9 d\u2019entretien, les repas lorsqu\u2019ils sont factur\u00e9s, les cong\u00e9s pay\u00e9s et les r\u00e8gles applicables aux absences. Cette s\u00e9paration permet de comparer le contrat avec une facture de cr\u00e8che.<\/p>\n<h3>Le cr\u00e9dit d\u2019imp\u00f4t diminue-t-il la facture chaque mois ?<\/h3>\n<p>Non. Le cr\u00e9dit d\u2019imp\u00f4t est pris en compte lors de la d\u00e9claration fiscale, selon les d\u00e9penses \u00e9ligibles et les plafonds applicables. Il faut donc pr\u00e9voir l\u2019avance de tr\u00e9sorerie mensuelle avant cette r\u00e9cup\u00e9ration.<\/p>\n\n","protected":false},"excerpt":{"rendered":"<p>\u00c0 Nevers, une cr\u00e8che municipale ou associative appliquant le bar\u00e8me PSU co\u00fbte g\u00e9n\u00e9ralement moins cher \u00e0 revenus modestes et moyens. Une assistante maternelle peut devenir proche apr\u00e8s CMG et cr\u00e9dit d\u2019imp\u00f4t, mais la facture d\u00e9pend du salaire n\u00e9goci\u00e9, des indemnit\u00e9s, des heures pr\u00e9vues et des aides r\u00e9ellement attribu\u00e9es. Ce comparatif couvre la garde d\u2019enfants Nevers [&hellip;]<\/p>\n","protected":false},"author":1,"featured_media":0,"comment_status":"open","ping_status":"closed","sticky":false,"template":"","format":"standard","meta":{"footnotes":""},"categories":[17],"tags":[],"class_list":["post-96","post","type-post","status-publish","format-standard","hentry","category-tarifs-et-aides"],"_links":{"self":[{"href":"https:\/\/bebouillecreche.fr\/blog\/wp-json\/wp\/v2\/posts\/96","targetHints":{"allow":["GET"]}}],"collection":[{"href":"https:\/\/bebouillecreche.fr\/blog\/wp-json\/wp\/v2\/posts"}],"about":[{"href":"https:\/\/bebouillecreche.fr\/blog\/wp-json\/wp\/v2\/types\/post"}],"author":[{"embeddable":true,"href":"https:\/\/bebouillecreche.fr\/blog\/wp-json\/wp\/v2\/users\/1"}],"replies":[{"embeddable":true,"href":"https:\/\/bebouillecreche.fr\/blog\/wp-json\/wp\/v2\/comments?post=96"}],"version-history":[{"count":0,"href":"https:\/\/bebouillecreche.fr\/blog\/wp-json\/wp\/v2\/posts\/96\/revisions"}],"wp:attachment":[{"href":"https:\/\/bebouillecreche.fr\/blog\/wp-json\/wp\/v2\/media?parent=96"}],"wp:term":[{"taxonomy":"category","embeddable":true,"href":"https:\/\/bebouillecreche.fr\/blog\/wp-json\/wp\/v2\/categories?post=96"},{"taxonomy":"post_tag","embeddable":true,"href":"https:\/\/bebouillecreche.fr\/blog\/wp-json\/wp\/v2\/tags?post=96"}],"curies":[{"name":"wp","href":"https:\/\/api.w.org\/{rel}","templated":true}]}}