{"id":95,"date":"2026-08-31T11:15:17","date_gmt":"2026-08-31T11:15:17","guid":{"rendered":"https:\/\/bebouillecreche.fr\/blog\/cmg-micro-creche-montant\/"},"modified":"2026-08-31T11:15:17","modified_gmt":"2026-08-31T11:15:17","slug":"cmg-micro-creche-montant","status":"publish","type":"post","link":"https:\/\/bebouillecreche.fr\/blog\/cmg-micro-creche-montant\/","title":{"rendered":"CMG en micro-cr\u00e8che : le montant r\u00e9ellement vers\u00e9"},"content":{"rendered":"<p class=\"wp-block-paragraph\">Pour une micro-cr\u00e8che en tarification libre, le <strong>CMG<\/strong> ne correspond pas au montant factur\u00e9 : la CAF rembourse au maximum 85\u00a0% des frais dus, dans la limite d\u2019un plafond mensuel li\u00e9 aux ressources, \u00e0 la composition du foyer et \u00e0 l\u2019\u00e2ge de l\u2019enfant. Les factures sont d\u2019abord r\u00e9gl\u00e9es par les parents.<\/p>\n\n<ul class=\"wp-block-list\"><li>Pour un couple avec un enfant de moins de trois ans, le plafond mensuel va de <strong>718,41\u00a0\u20ac \u00e0 992,12\u00a0\u20ac<\/strong> selon les revenus retenus.<\/li><li>Un parent isol\u00e9 peut recevoir entre <strong>933,94\u00a0\u20ac et 1\u00a0289,77\u00a0\u20ac<\/strong> par mois pour un enfant de moins de trois ans.<\/li><li>Le versement ne d\u00e9passe jamais <strong>85\u00a0%<\/strong> de la d\u00e9pense r\u00e9ellement due \u00e0 la micro-cr\u00e8che.<\/li><li>Le tarif horaire de la micro-cr\u00e8che doit rester inf\u00e9rieur ou \u00e9gal \u00e0 <strong>10\u00a0\u20ac par heure<\/strong> pour ouvrir droit au dispositif.<\/li><\/ul>\n\n<p class=\"wp-block-paragraph\">Les r\u00e8gles pr\u00e9sent\u00e9es ici concernent les familles utilisant une micro-cr\u00e8che \u00e0 Nevers, dans sa premi\u00e8re couronne et partout en France sous le r\u00e9gime du CMG structure. Elles ne couvrent ni l\u2019attribution d\u2019une place, ni les tarifs r\u00e9ellement pratiqu\u00e9s par chaque \u00e9tablissement, ni les questions concernant l\u2019accueil de l\u2019enfant.<\/p>\n\n<div id=\"ez-toc-container\" class=\"ez-toc-v2_0_87 counter-hierarchy ez-toc-counter ez-toc-grey ez-toc-container-direction\">\n<div class=\"ez-toc-title-container\">\n<p class=\"ez-toc-title\" style=\"cursor:inherit\">Sommaire<\/p>\n<span class=\"ez-toc-title-toggle\"><a href=\"#\" class=\"ez-toc-pull-right ez-toc-btn ez-toc-btn-xs ez-toc-btn-default ez-toc-toggle\" aria-label=\"Toggle Table of Content\"><span class=\"ez-toc-js-icon-con\"><span class=\"\"><span class=\"eztoc-hide\" style=\"display:none;\">Toggle<\/span><span class=\"ez-toc-icon-toggle-span\"><svg style=\"fill: #999;color:#999\" xmlns=\"http:\/\/www.w3.org\/2000\/svg\" class=\"list-377408\" width=\"20px\" height=\"20px\" viewBox=\"0 0 24 24\" fill=\"none\"><path d=\"M6 6H4v2h2V6zm14 0H8v2h12V6zM4 11h2v2H4v-2zm16 0H8v2h12v-2zM4 16h2v2H4v-2zm16 0H8v2h12v-2z\" fill=\"currentColor\"><\/path><\/svg><svg style=\"fill: #999;color:#999\" class=\"arrow-unsorted-368013\" xmlns=\"http:\/\/www.w3.org\/2000\/svg\" width=\"10px\" height=\"10px\" viewBox=\"0 0 24 24\" version=\"1.2\" baseProfile=\"tiny\"><path d=\"M18.2 9.3l-6.2-6.3-6.2 6.3c-.2.2-.3.4-.3.7s.1.5.3.7c.2.2.4.3.7.3h11c.3 0 .5-.1.7-.3.2-.2.3-.5.3-.7s-.1-.5-.3-.7zM5.8 14.7l6.2 6.3 6.2-6.3c.2-.2.3-.5.3-.7s-.1-.5-.3-.7c-.2-.2-.4-.3-.7-.3h-11c-.3 0-.5.1-.7.3-.2.2-.3.5-.3.7s.1.5.3.7z\"\/><\/svg><\/span><\/span><\/span><\/a><\/span><\/div>\n<nav><ul class='ez-toc-list ez-toc-list-level-1 eztoc-toggle-hide-by-default' ><li class='ez-toc-page-1 ez-toc-heading-level-2'><a class=\"ez-toc-link ez-toc-heading-1\" href=\"https:\/\/bebouillecreche.fr\/blog\/cmg-micro-creche-montant\/#Quel_montant_de_CMG_la_CAF_verse-t-elle_pour_une_micro-creche\" >Quel montant de CMG la CAF verse-t-elle pour une micro-cr\u00e8che\u00a0?<\/a><\/li><li class='ez-toc-page-1 ez-toc-heading-level-2'><a class=\"ez-toc-link ez-toc-heading-2\" href=\"https:\/\/bebouillecreche.fr\/blog\/cmg-micro-creche-montant\/#Comment_calculer_le_montant_reellement_verse_apres_la_facture_de_micro-creche\" >Comment calculer le montant r\u00e9ellement vers\u00e9 apr\u00e8s la facture de micro-cr\u00e8che\u00a0?<\/a><\/li><li class='ez-toc-page-1 ez-toc-heading-level-2'><a class=\"ez-toc-link ez-toc-heading-3\" href=\"https:\/\/bebouillecreche.fr\/blog\/cmg-micro-creche-montant\/#Quelles_conditions_permettent_de_recevoir_le_CMG_en_micro-creche\" >Quelles conditions permettent de recevoir le CMG en micro-cr\u00e8che\u00a0?<\/a><\/li><li class='ez-toc-page-1 ez-toc-heading-level-2'><a class=\"ez-toc-link ez-toc-heading-4\" href=\"https:\/\/bebouillecreche.fr\/blog\/cmg-micro-creche-montant\/#Dans_quels_cas_le_plafond_du_CMG_est-il_majore\" >Dans quels cas le plafond du CMG est-il major\u00e9\u00a0?<\/a><\/li><li class='ez-toc-page-1 ez-toc-heading-level-2'><a class=\"ez-toc-link ez-toc-heading-5\" href=\"https:\/\/bebouillecreche.fr\/blog\/cmg-micro-creche-montant\/#Comment_verifier_le_financement_dune_micro-creche_avant_de_signer_le_contrat\" >Comment v\u00e9rifier le financement d\u2019une micro-cr\u00e8che avant de signer le contrat\u00a0?<\/a><\/li><\/ul><\/nav><\/div>\n<h2 class=\"wp-block-heading\"><span class=\"ez-toc-section\" id=\"Quel_montant_de_CMG_la_CAF_verse-t-elle_pour_une_micro-creche\"><\/span>Quel montant de CMG la CAF verse-t-elle pour une micro-cr\u00e8che\u00a0?<span class=\"ez-toc-section-end\"><\/span><\/h2>\n\n<p class=\"wp-block-paragraph\">Le <strong>montant vers\u00e9<\/strong> d\u00e9pend d\u2019abord du type de financement de la micro-cr\u00e8che. Une micro-cr\u00e8che en tarification libre facture directement les parents. Ceux-ci demandent ensuite le compl\u00e9ment de libre choix du mode de garde aupr\u00e8s de la <strong>CAF<\/strong>, ou de la MSA pour les personnes relevant du r\u00e9gime agricole.<\/p>\n\n<p class=\"wp-block-paragraph\">Le bar\u00e8me applicable en 2026 utilise le revenu net cat\u00e9goriel de <strong>2024<\/strong>. Cette r\u00e8gle est indiqu\u00e9e dans la fiche mise \u00e0 jour par <a href=\"https:\/\/www.service-public.fr\" target=\"_blank\" rel=\"noopener\">Service-Public.fr<\/a> et v\u00e9rifi\u00e9e le <strong>4 ao\u00fbt 2025<\/strong>. Le revenu pris en compte n\u2019est donc pas forc\u00e9ment celui visible sur les derniers bulletins de salaire.<\/p>\n\n<p class=\"wp-block-paragraph\">Pour un couple ayant un enfant \u00e0 charge \u00e2g\u00e9 de moins de trois ans, trois plafonds existent. Les ressources annuelles inf\u00e9rieures ou \u00e9gales \u00e0 <strong>24\u00a0333\u00a0\u20ac<\/strong> ouvrent droit \u00e0 une prise en charge maximale de <strong>992,12\u00a0\u20ac<\/strong> par mois. Entre <strong>24\u00a0333\u00a0\u20ac<\/strong> et <strong>54\u00a0075\u00a0\u20ac<\/strong>, le plafond est de <strong>855,25\u00a0\u20ac<\/strong>. Au-del\u00e0 de <strong>54\u00a0075\u00a0\u20ac<\/strong>, il atteint <strong>718,41\u00a0\u20ac<\/strong>.<\/p>\n\n<p class=\"wp-block-paragraph\">Ces chiffres sont des plafonds. Ils ne garantissent pas que ce montant sera effectivement cr\u00e9dit\u00e9 sur le compte. Le dispositif fixe aussi une limite de 85\u00a0% des d\u00e9penses. Une facture de 600\u00a0\u20ac ne peut donc pas donner lieu \u00e0 une aide financi\u00e8re sup\u00e9rieure \u00e0 <strong>510\u00a0\u20ac<\/strong>, m\u00eame si le plafond th\u00e9orique du foyer est plus \u00e9lev\u00e9.<\/p>\n\n<p class=\"wp-block-paragraph\">Les plafonds changent avec le nombre d\u2019enfants \u00e0 charge. Pour un couple avec deux enfants, la premi\u00e8re tranche s\u2019arr\u00eate \u00e0 <strong>27\u00a0786\u00a0\u20ac<\/strong> de ressources annuelles. Avec trois enfants, elle s\u2019arr\u00eate \u00e0 <strong>31\u00a0239\u00a0\u20ac<\/strong>. Avec quatre enfants, elle s\u2019arr\u00eate \u00e0 <strong>34\u00a0692\u00a0\u20ac<\/strong>. Le montant plafond pour un enfant de moins de trois ans reste toutefois fix\u00e9 \u00e0 992,12\u00a0\u20ac, 855,25\u00a0\u20ac ou 718,41\u00a0\u20ac, selon la tranche.<\/p>\n\n<p class=\"wp-block-paragraph\">Le calcul est diff\u00e9rent pour un parent isol\u00e9. Pour un enfant de moins de trois ans, la prise en charge maximale est de <strong>1\u00a0289,77\u00a0\u20ac<\/strong> lorsque les ressources n\u2019exc\u00e8dent pas 34\u00a0066\u00a0\u20ac par an. Elle est de <strong>1\u00a0111,82\u00a0\u20ac<\/strong> entre 34\u00a0066\u00a0\u20ac et 75\u00a0705\u00a0\u20ac, puis de <strong>933,94\u00a0\u20ac<\/strong> au-del\u00e0.<\/p>\n\n<p class=\"wp-block-paragraph\">Le montant est r\u00e9duit lorsque l\u2019enfant a entre trois et six ans. Pour un couple, les plafonds mensuels deviennent 496,06\u00a0\u20ac, 427,63\u00a0\u20ac ou 359,21\u00a0\u20ac. Pour un parent isol\u00e9, ils deviennent 644,88\u00a0\u20ac, 555,92\u00a0\u20ac ou 466,98\u00a0\u20ac. L\u2019\u00e2ge modifie donc directement la facture nette support\u00e9e par le foyer.<\/p>\n\n<p class=\"wp-block-paragraph\">Une micro-cr\u00e8che ne rel\u00e8ve pas toujours du m\u00eame mod\u00e8le de financement. Certaines structures re\u00e7oivent un financement direct de la CAF et appliquent alors une tarification calcul\u00e9e selon les ressources. Dans ce cas, le m\u00e9canisme n\u2019est pas celui d\u2019une cr\u00e8che priv\u00e9e factur\u00e9e librement avec CMG vers\u00e9 \u00e0 la famille. La distinction est d\u00e9taill\u00e9e dans ce rep\u00e8re sur <a href=\"https:\/\/bebouillecreche.fr\/blog\/micro-creche-paje-tarif\/\">la tarification PAJE des micro-cr\u00e8ches<\/a>.<\/p>\n\n<h2 class=\"wp-block-heading\"><span class=\"ez-toc-section\" id=\"Comment_calculer_le_montant_reellement_verse_apres_la_facture_de_micro-creche\"><\/span>Comment calculer le montant r\u00e9ellement vers\u00e9 apr\u00e8s la facture de micro-cr\u00e8che\u00a0?<span class=\"ez-toc-section-end\"><\/span><\/h2>\n\n<p class=\"wp-block-paragraph\">Le calcul commence par la facture mensuelle r\u00e9ellement acquitt\u00e9e. Une micro-cr\u00e8che peut facturer les heures r\u00e9serv\u00e9es, les heures r\u00e9alis\u00e9es, des repas, des couches ou des frais administratifs selon son contrat. Le CMG porte sur les frais dus \u00e0 la structure, mais le dossier doit permettre \u00e0 la CAF d\u2019identifier le montant pay\u00e9.<\/p>\n\n<p class=\"wp-block-paragraph\">Le plafond mensuel li\u00e9 aux ressources n\u2019est que la deuxi\u00e8me \u00e9tape. Il faut ensuite comparer ce plafond \u00e0 <strong>85\u00a0%<\/strong> de la facture. Le montant r\u00e9ellement vers\u00e9 est le plus petit des deux chiffres. Cette r\u00e8gle \u00e9vite de confondre un droit maximal de bar\u00e8me avec une somme automatiquement re\u00e7ue.<\/p>\n\n<h3 class=\"wp-block-heading\">Exemple chiffr\u00e9 avec une facture de 800\u00a0\u20ac par mois<\/h3>\n\n<p class=\"wp-block-paragraph\">Un couple avec un enfant de moins de trois ans et 28\u00a0000\u00a0\u20ac de ressources annuelles rel\u00e8ve de la tranche interm\u00e9diaire. Son plafond mensuel est de <strong>855,25\u00a0\u20ac<\/strong>. Si sa micro-cr\u00e8che facture 800\u00a0\u20ac pour le mois, 85\u00a0% de cette d\u00e9pense repr\u00e9sente <strong>680\u00a0\u20ac<\/strong>.<\/p>\n\n<p class=\"wp-block-paragraph\">Le plafond de 855,25\u00a0\u20ac est sup\u00e9rieur \u00e0 680\u00a0\u20ac. La CAF ne verse donc pas 855,25\u00a0\u20ac, mais <strong>680\u00a0\u20ac<\/strong>. Le reste imm\u00e9diatement pay\u00e9 par les parents, apr\u00e8s CMG, est de <strong>120\u00a0\u20ac<\/strong>, avant prise en compte \u00e9ventuelle du cr\u00e9dit d\u2019imp\u00f4t.<\/p>\n\n<h3 class=\"wp-block-heading\">Exemple chiffr\u00e9 lorsque le plafond bloque le remboursement<\/h3>\n\n<p class=\"wp-block-paragraph\">Un couple ayant un enfant de moins de trois ans et des ressources sup\u00e9rieures \u00e0 54\u00a0075\u00a0\u20ac appartient \u00e0 la troisi\u00e8me tranche. Son plafond est de <strong>718,41\u00a0\u20ac<\/strong>. Avec une facture mensuelle de 1\u00a0000\u00a0\u20ac, 85\u00a0% repr\u00e9sente 850\u00a0\u20ac.<\/p>\n\n<p class=\"wp-block-paragraph\">Le seuil de 85\u00a0% autoriserait 850\u00a0\u20ac, mais le plafond de ressources est plus bas. Le CMG r\u00e9ellement vers\u00e9 est donc limit\u00e9 \u00e0 <strong>718,41\u00a0\u20ac<\/strong>. Le reste \u00e0 avancer apr\u00e8s l\u2019aide est de <strong>281,59\u00a0\u20ac<\/strong>, sans int\u00e9grer le cr\u00e9dit d\u2019imp\u00f4t \u00e9ventuel.<\/p>\n\n<figure class=\"wp-block-table\"><table>\n<thead>\n<tr>\n<th>Situation retenue<\/th>\n<th>Facture mensuelle<\/th>\n<th>85\u00a0% de la facture<\/th>\n<th>Plafond CMG applicable<\/th>\n<th>CMG r\u00e9ellement vers\u00e9<\/th>\n<th>Reste apr\u00e8s CMG<\/th>\n<\/tr>\n<\/thead>\n<tbody>\n<tr>\n<td>Couple, 1 enfant, 28\u00a0000\u00a0\u20ac de ressources annuelles<\/td>\n<td>800\u00a0\u20ac<\/td>\n<td>680\u00a0\u20ac<\/td>\n<td>855,25\u00a0\u20ac<\/td>\n<td><strong>680\u00a0\u20ac<\/strong><\/td>\n<td>120\u00a0\u20ac<\/td>\n<\/tr>\n<tr>\n<td>Couple, 1 enfant, ressources sup\u00e9rieures \u00e0 54\u00a0075\u00a0\u20ac<\/td>\n<td>1\u00a0000\u00a0\u20ac<\/td>\n<td>850\u00a0\u20ac<\/td>\n<td>718,41\u00a0\u20ac<\/td>\n<td><strong>718,41\u00a0\u20ac<\/strong><\/td>\n<td>281,59\u00a0\u20ac<\/td>\n<\/tr>\n<tr>\n<td>Parent isol\u00e9, 1 enfant, 25\u00a0000\u00a0\u20ac de ressources annuelles<\/td>\n<td>700\u00a0\u20ac<\/td>\n<td>595\u00a0\u20ac<\/td>\n<td>1\u00a0289,77\u00a0\u20ac<\/td>\n<td><strong>595\u00a0\u20ac<\/strong><\/td>\n<td>105\u00a0\u20ac<\/td>\n<\/tr>\n<\/tbody>\n<\/table><\/figure>\n\n<p class=\"wp-block-paragraph\">Tableau construit \u00e0 partir du bar\u00e8me CMG structure publi\u00e9 par <a href=\"https:\/\/www.service-public.fr\" target=\"_blank\" rel=\"noopener\">Service-Public.fr<\/a>, v\u00e9rifi\u00e9 le <strong>4 ao\u00fbt 2025<\/strong>, pour les droits 2026. Il illustre des calculs de plafonnement et ne remplace pas l\u2019\u00e9tude du dossier par la CAF ou la MSA.<\/p>\n\n<p class=\"wp-block-paragraph\">Le cr\u00e9dit d\u2019imp\u00f4t li\u00e9 aux frais de garde intervient selon une logique distincte. Il ne r\u00e9duit pas n\u00e9cessairement le pr\u00e9l\u00e8vement mensuel de la micro-cr\u00e8che. Il est g\u00e9n\u00e9ralement pris en compte via la d\u00e9claration fiscale, avec ses propres plafonds et modalit\u00e9s. M\u00e9langer CMG et avantage fiscal conduit \u00e0 annoncer un reste \u00e0 charge mensuel qui n\u2019est pas celui effectivement pay\u00e9 au moment de la facture.<\/p>\n\n<p class=\"wp-block-paragraph\">La bonne lecture d\u2019un devis consiste donc \u00e0 s\u00e9parer trois lignes\u00a0: le montant factur\u00e9, l\u2019aide financi\u00e8re susceptible d\u2019\u00eatre vers\u00e9e par la CAF, puis l\u2019avantage fiscal \u00e9ventuel. Cette s\u00e9paration permet de comparer une micro-cr\u00e8che avec une assistante maternelle sans additionner des aides vers\u00e9es \u00e0 des moments diff\u00e9rents.<\/p>\n\n<figure class=\"is-provider-youtube is-type-video wp-block-embed wp-block-embed-youtube wp-embed-aspect-16-9 wp-has-aspect-ratio\"><div class=\"wp-block-embed__wrapper\">\n<iframe loading=\"lazy\" title=\"Quel est le tarif d&amp;apos;une place en cr\u00e8che ? Comment calculer et estimer son prix et les aides ?\" width=\"500\" height=\"281\" src=\"https:\/\/www.youtube.com\/embed\/PyT1qTrnT2g?feature=oembed\" frameborder=\"0\" allow=\"accelerometer; autoplay; clipboard-write; encrypted-media; gyroscope; picture-in-picture; web-share\" referrerpolicy=\"strict-origin-when-cross-origin\" allowfullscreen><\/iframe>\n<\/div><\/figure>\n\n<h2 class=\"wp-block-heading\"><span class=\"ez-toc-section\" id=\"Quelles_conditions_permettent_de_recevoir_le_CMG_en_micro-creche\"><\/span>Quelles conditions permettent de recevoir le CMG en micro-cr\u00e8che\u00a0?<span class=\"ez-toc-section-end\"><\/span><\/h2>\n\n<p class=\"wp-block-paragraph\">Le CMG structure suppose d\u2019abord que l\u2019\u00e9tablissement corresponde juridiquement \u00e0 une micro-cr\u00e8che. La capacit\u00e9 d\u2019accueil est limit\u00e9e \u00e0 <strong>12 places maximum<\/strong>. Cette donn\u00e9e ne permet pas de conna\u00eetre les places disponibles, mais elle distingue ce mode d\u2019accueil d\u2019une cr\u00e8che collective plus grande.<\/p>\n\n<p class=\"wp-block-paragraph\">Le tarif constitue une seconde condition tr\u00e8s concr\u00e8te. La <strong>tarification<\/strong> factur\u00e9e par la micro-cr\u00e8che ne doit pas d\u00e9passer <strong>10\u00a0\u20ac par heure<\/strong>. Un devis doit donc \u00eatre lu ligne par ligne, en identifiant les heures retenues et les frais ajout\u00e9s. Le d\u00e9passement de ce seuil fait obstacle au droit au CMG structure selon la fiche de r\u00e9f\u00e9rence de Service-Public.fr v\u00e9rifi\u00e9e le 4 ao\u00fbt 2025.<\/p>\n\n<p class=\"wp-block-paragraph\">L\u2019enfant doit avoir moins de six ans. Le droit cesse le premier jour du mois civil suivant celui durant lequel les conditions ne sont plus r\u00e9unies. Si la condition d\u2019\u00e2ge prend fin le 12 avril, le versement cesse le <strong>1er mai<\/strong>.<\/p>\n\n<p class=\"wp-block-paragraph\">La condition d\u2019activit\u00e9 varie selon que le foyer est compos\u00e9 d\u2019un couple ou d\u2019un parent seul. Dans la situation ordinaire, au moins l\u2019un des membres du couple doit travailler. Une personne seule doit elle aussi exercer une activit\u00e9. Les travailleurs ind\u00e9pendants doivent \u00eatre \u00e0 jour de leurs cotisations d\u2019assurance vieillesse.<\/p>\n\n<p class=\"wp-block-paragraph\">Le travail ne se limite pas \u00e0 un contrat de travail en cours. Les indemnit\u00e9s journali\u00e8res de maladie, de maternit\u00e9, d\u2019adoption, de paternit\u00e9 ou d\u2019accident du travail sont prises en compte. Le ch\u00f4mage indemnis\u00e9 et une formation professionnelle r\u00e9mun\u00e9r\u00e9e peuvent \u00e9galement r\u00e9pondre \u00e0 cette condition.<\/p>\n\n<p class=\"wp-block-paragraph\">Des exceptions existent. La condition d\u2019activit\u00e9 n\u2019est pas demand\u00e9e lorsque les deux membres d\u2019un couple sont \u00e9tudiants ou en service civique. Elle n\u2019est pas demand\u00e9e non plus lorsqu\u2019un membre du foyer b\u00e9n\u00e9ficie de l\u2019AAH. Le RSA assorti d\u2019une inscription comme demandeur d\u2019emploi et l\u2019allocation de solidarit\u00e9 sp\u00e9cifique ouvrent \u00e9galement un r\u00e9gime particulier.<\/p>\n\n<p class=\"wp-block-paragraph\">Pour un parent isol\u00e9, le m\u00eame principe s\u2019applique \u00e0 sa propre situation. Les \u00e9tudes, le service civique, l\u2019AAH, le RSA avec inscription comme demandeur d\u2019emploi et l\u2019ASS peuvent permettre l\u2019acc\u00e8s au CMG sans activit\u00e9 professionnelle exerc\u00e9e. Le dossier n\u2019est pas appr\u00e9ci\u00e9 de la m\u00eame mani\u00e8re pour chaque situation, ce qui impose de v\u00e9rifier la r\u00e9ponse de la CAF avant de signer un contrat co\u00fbteux.<\/p>\n\n<p class=\"wp-block-paragraph\">Le CMG est vers\u00e9 pour chaque enfant gard\u00e9 lorsque les conditions sont r\u00e9unies. Plusieurs CMG peuvent donc \u00eatre cumul\u00e9s pour plusieurs enfants, y compris lorsque les modes d\u2019accueil diff\u00e8rent. Une famille peut, selon son dossier, avoir une aide pour une place en micro-cr\u00e8che et une autre pour une assistante maternelle.<\/p>\n\n<p class=\"wp-block-paragraph\">Le versement intervient pour le mois pr\u00e9c\u00e9dant celui de la demande lorsque les crit\u00e8res sont remplis. Une demande tardive peut donc d\u00e9placer la date de perception, m\u00eame si le droit est reconnu. Le document \u00e0 remettre peut \u00eatre l\u2019attestation mensuelle CMG micro-cr\u00e8che ou une facture acquitt\u00e9e portant le num\u00e9ro d\u2019allocataire.<\/p>\n\n<p class=\"wp-block-paragraph\">La v\u00e9rification pr\u00e9alable est particuli\u00e8rement utile dans le bassin de Nevers, o\u00f9 le contrat, les frais inclus et le mode de financement doivent \u00eatre obtenus avant tout calcul. La page recensant <a href=\"https:\/\/bebouillecreche.fr\/blog\/micro-creches-nevers-places\/\">les micro-cr\u00e8ches et leurs places \u00e0 Nevers<\/a> permet d\u2019identifier les \u00e9tablissements \u00e0 contacter, sans pr\u00e9juger de leur disponibilit\u00e9 au jour de la demande.<\/p>\n\n<h2 class=\"wp-block-heading\"><span class=\"ez-toc-section\" id=\"Dans_quels_cas_le_plafond_du_CMG_est-il_majore\"><\/span>Dans quels cas le plafond du CMG est-il major\u00e9\u00a0?<span class=\"ez-toc-section-end\"><\/span><\/h2>\n\n<p class=\"wp-block-paragraph\">Le bar\u00e8me pr\u00e9voit des majorations, mais elles n\u2019annulent jamais la limite de <strong>85\u00a0%<\/strong> des d\u00e9penses dues. Cette limite reste active m\u00eame lorsque plusieurs situations ouvrant droit \u00e0 une hausse du plafond se cumulent. Une d\u00e9pense de 500\u00a0\u20ac ne peut donc pas donner lieu \u00e0 un CMG sup\u00e9rieur \u00e0 <strong>425\u00a0\u20ac<\/strong>.<\/p>\n\n<p class=\"wp-block-paragraph\">Une majoration de <strong>10\u00a0%<\/strong> peut s\u2019appliquer pour des horaires atypiques. Sont concern\u00e9s le travail de nuit entre 22 heures et 6 heures, le dimanche et les jours f\u00e9ri\u00e9s. La garde doit couvrir au moins <strong>25 heures dans le mois<\/strong> pendant ces p\u00e9riodes.<\/p>\n\n<p class=\"wp-block-paragraph\">Dans un couple, les deux membres doivent travailler sur ces horaires pour ouvrir droit \u00e0 la hausse de 10\u00a0%. Un parent isol\u00e9 peut y acc\u00e9der d\u00e8s lors qu\u2019il r\u00e9pond lui-m\u00eame \u00e0 la condition. Le fait que la micro-cr\u00e8che soit ouverte plus tard ne suffit pas\u00a0: il faut que les heures de garde correspondent r\u00e9ellement au travail de nuit, du dimanche ou des jours f\u00e9ri\u00e9s.<\/p>\n\n<p class=\"wp-block-paragraph\">Une majoration de <strong>30\u00a0%<\/strong> est pr\u00e9vue lorsque l\u2019un des membres du foyer per\u00e7oit l\u2019allocation aux adultes handicap\u00e9s. Une autre hausse de 30\u00a0% est possible lorsqu\u2019un enfant ouvre droit \u00e0 l\u2019allocation d\u2019\u00e9ducation de l\u2019enfant handicap\u00e9. Les deux majorations sont cumulables avec celle li\u00e9e aux horaires atypiques.<\/p>\n\n<p class=\"wp-block-paragraph\">Le plafond major\u00e9 ne doit pas \u00eatre confondu avec une prise en charge int\u00e9grale. Une famille dont le plafond augmente de 30\u00a0% peut atteindre un seuil de bar\u00e8me plus \u00e9lev\u00e9, mais l\u2019aide reste calcul\u00e9e contre 85\u00a0% de la d\u00e9pense r\u00e9elle. Le prix pay\u00e9 \u00e0 la micro-cr\u00e8che demeure donc d\u00e9terminant.<\/p>\n\n<h3 class=\"wp-block-heading\">CMG et PreParE lors d\u2019un temps partiel<\/h3>\n\n<p class=\"wp-block-paragraph\">Le cumul du CMG avec la PreParE est possible quand l\u2019activit\u00e9 ou la formation professionnelle r\u00e9mun\u00e9r\u00e9e est exerc\u00e9e \u00e0 temps partiel. Lorsque l\u2019activit\u00e9 est inf\u00e9rieure ou \u00e9gale \u00e0 50\u00a0% du temps habituel, le CMG est r\u00e9duit de moiti\u00e9. Entre plus de 50\u00a0% et 80\u00a0%, le compl\u00e9ment peut \u00eatre vers\u00e9 \u00e0 taux plein.<\/p>\n\n<p class=\"wp-block-paragraph\">En cas de cessation totale d\u2019activit\u00e9 professionnelle avec PreParE, le CMG n\u2019est pas vers\u00e9. Cette r\u00e8gle modifie l\u2019\u00e9quilibre financier d\u2019une place en cr\u00e8che priv\u00e9e. Un devis supportable avec un CMG \u00e0 taux plein peut ne plus l\u2019\u00eatre apr\u00e8s passage \u00e0 une cessation compl\u00e8te d\u2019activit\u00e9.<\/p>\n\n<p class=\"wp-block-paragraph\">Le dossier doit \u00eatre actualis\u00e9 d\u00e8s que la situation professionnelle \u00e9volue. Changement de domicile, d\u00e9but de temps partiel, arr\u00eat de l\u2019activit\u00e9, passage au ch\u00f4mage indemnis\u00e9 ou modification de la composition du foyer peuvent modifier le droit. La CAF appr\u00e9cie le dossier r\u00e9el, pas une simulation conserv\u00e9e plusieurs mois apr\u00e8s.<\/p>\n\n<p class=\"wp-block-paragraph\">Les horaires constituent aussi un crit\u00e8re de choix avant la signature. Les familles travaillant en horaires d\u00e9cal\u00e9s doivent v\u00e9rifier \u00e0 la fois l\u2019amplitude affich\u00e9e et les conditions pr\u00e9vues dans le contrat. Le relev\u00e9 local des <a href=\"https:\/\/bebouillecreche.fr\/blog\/creches-coulanges-varennes\/\">cr\u00e8ches de Coulanges-l\u00e8s-Nevers et Varennes-Vauzelles<\/a> aide \u00e0 pr\u00e9parer les appels, mais seul l\u2019\u00e9tablissement confirme ses horaires et son tarif au moment de l\u2019inscription.<\/p>\n\n<p class=\"wp-block-paragraph\">La majoration est donc un correctif cibl\u00e9, non une garantie de paiement suppl\u00e9mentaire. Elle doit \u00eatre calcul\u00e9e apr\u00e8s la facture, le plafond initial et la limite de 85\u00a0%.<\/p>\n\n<figure class=\"is-provider-youtube is-type-video wp-block-embed wp-block-embed-youtube wp-embed-aspect-16-9 wp-has-aspect-ratio\"><div class=\"wp-block-embed__wrapper\">\n<iframe loading=\"lazy\" title=\"Si je paye mon assistante maternelle \u00e0 80 %, mes aides CMG seront-elles maintenues ?\" width=\"500\" height=\"281\" src=\"https:\/\/www.youtube.com\/embed\/nWvDIBJpcF8?feature=oembed\" frameborder=\"0\" allow=\"accelerometer; autoplay; clipboard-write; encrypted-media; gyroscope; picture-in-picture; web-share\" referrerpolicy=\"strict-origin-when-cross-origin\" allowfullscreen><\/iframe>\n<\/div><\/figure>\n\n<h2 class=\"wp-block-heading\"><span class=\"ez-toc-section\" id=\"Comment_verifier_le_financement_dune_micro-creche_avant_de_signer_le_contrat\"><\/span>Comment v\u00e9rifier le financement d\u2019une micro-cr\u00e8che avant de signer le contrat\u00a0?<span class=\"ez-toc-section-end\"><\/span><\/h2>\n\n<p class=\"wp-block-paragraph\">Avant la signature, il faut obtenir une r\u00e9ponse pr\u00e9cise sur le mod\u00e8le de financement. La question utile porte sur le r\u00e9gime appliqu\u00e9 \u00e0 la place propos\u00e9e\u00a0: tarif calcul\u00e9 sur les ressources avec financement direct de la CAF, ou tarification libre avec demande de CMG par les parents. Les deux syst\u00e8mes n\u2019aboutissent pas \u00e0 la m\u00eame facture ni au m\u00eame calendrier de paiement.<\/p>\n\n<p class=\"wp-block-paragraph\">Une micro-cr\u00e8che relevant du CMG structure remet g\u00e9n\u00e9ralement chaque mois une attestation \u00e0 compl\u00e9ter ou une facture acquitt\u00e9e. Cette pi\u00e8ce doit permettre d\u2019\u00e9tablir ce qui a \u00e9t\u00e9 pay\u00e9. Sans facture claire, le parent ne peut pas v\u00e9rifier le nombre d\u2019heures, les frais annexes et le montant transmis \u00e0 la CAF.<\/p>\n\n<p class=\"wp-block-paragraph\">Le devis m\u00e9rite une v\u00e9rification sur cinq points\u00a0:<\/p>\n\n<ol class=\"wp-block-list\"><li>Le tarif horaire doit \u00eatre \u00e9crit en euros et ne pas d\u00e9passer 10\u00a0\u20ac pour le CMG structure.<\/li><li>Le nombre d\u2019heures mensualis\u00e9es doit appara\u00eetre s\u00e9par\u00e9ment des heures compl\u00e9mentaires.<\/li><li>Les \u00e9l\u00e9ments inclus dans la facture doivent \u00eatre identifi\u00e9s sans formule globale.<\/li><li>Les semaines de fermeture et les absences factur\u00e9es doivent \u00eatre pr\u00e9vues par le contrat.<\/li><li>Le document mensuel demand\u00e9 par la CAF doit \u00eatre remis dans un d\u00e9lai compatible avec la d\u00e9claration.<\/li><\/ol>\n\n<p class=\"wp-block-paragraph\">Le <a href=\"https:\/\/www.mesdroitssociaux.gouv.fr\/accueil\/\" target=\"_blank\" rel=\"noopener\">simulateur officiel Mesdroitssociaux.gouv.fr<\/a>, \u00e9dit\u00e9 par la Direction de l\u2019information l\u00e9gale et administrative et v\u00e9rifi\u00e9 le 4 ao\u00fbt 2025, sert \u00e0 produire une estimation. Il ne remplace pas la d\u00e9cision de la caisse. Les ressources, la situation familiale, l\u2019\u00e2ge de l\u2019enfant et le co\u00fbt r\u00e9el restent \u00e0 renseigner avec exactitude.<\/p>\n\n<p class=\"wp-block-paragraph\">Le simulateur peut \u00eatre utilis\u00e9 avant et apr\u00e8s r\u00e9ception d\u2019un devis. Avant, il permet de rep\u00e9rer l\u2019ordre de grandeur du plafond applicable. Apr\u00e8s, il permet de comparer le r\u00e9sultat avec 85\u00a0% de la d\u00e9pense mensuelle annonc\u00e9e. Un \u00e9cart important doit conduire \u00e0 relire le contrat et \u00e0 demander une explication \u00e0 la CAF ou \u00e0 la MSA.<\/p>\n\n<p class=\"wp-block-paragraph\">Les d\u00e9marches locales d\u2019inscription restent distinctes du droit au CMG. Obtenir une place ne garantit pas automatiquement l\u2019aide, et \u00eatre \u00e9ligible \u00e0 l\u2019aide ne cr\u00e9e pas une place disponible. Pour les d\u00e9marches li\u00e9es au d\u00e9p\u00f4t de dossier et aux interlocuteurs du territoire, le <a href=\"https:\/\/bebouillecreche.fr\/blog\/relais-petite-enfance-nevers\/\">Relais Petite Enfance de Nevers<\/a> est l\u2019interlocuteur local \u00e0 identifier avant les commissions d\u2019attribution.<\/p>\n\n<p class=\"wp-block-paragraph\">Les tarifs et modalit\u00e9s des micro-cr\u00e8ches \u00e9voluent. Un montant annonc\u00e9 lors d\u2019un premier \u00e9change ne suffit pas pour \u00e9tablir une mensualit\u00e9 durable. Le contrat sign\u00e9, la facture acquitt\u00e9e et la r\u00e9ponse officielle de la CAF doivent porter des dates concordantes.<\/p>\n\n<p class=\"wp-block-paragraph\">La comparaison avec une assistante maternelle demande la m\u00eame rigueur, mais les frais, d\u00e9clarations et r\u00e8gles de calcul peuvent diff\u00e9rer. Le point de d\u00e9part reste identique\u00a0: mesurer ce qui est d\u00fb chaque mois, identifier le CMG possible, puis isoler ce qui sera \u00e9ventuellement r\u00e9cup\u00e9r\u00e9 plus tard par le cr\u00e9dit d\u2019imp\u00f4t.<\/p>\n\n<script type=\"application\/ld+json\">\n{\"@context\":\"https:\/\/schema.org\",\"@type\":\"FAQPage\",\"mainEntity\":[{\"@type\":\"Question\",\"name\":\"Le CMG rembourse-t-il toute la facture de la micro-cru00e8che ?\",\"acceptedAnswer\":{\"@type\":\"Answer\",\"text\":\"Non. La prise en charge est plafonnu00e9e u00e0 85 % des frais dus et limitu00e9e par le plafond mensuel correspondant aux ressources, au nombre du2019enfants u00e0 charge et u00e0 lu2019u00e2ge de lu2019enfant.\"}},{\"@type\":\"Question\",\"name\":\"Quel est le plafond CMG pour un couple avec un enfant de moins de trois ans ?\",\"acceptedAnswer\":{\"@type\":\"Answer\",\"text\":\"Pour les droits 2026, il est de 992,12 u20ac, 855,25 u20ac ou 718,41 u20ac par mois selon les ressources annuelles retenues. Le montant final reste limitu00e9 u00e0 85 % de la facture.\"}},{\"@type\":\"Question\",\"name\":\"Une micro-cru00e8che u00e0 plus de 10 u20ac de lu2019heure ouvre-t-elle droit au CMG structure ?\",\"acceptedAnswer\":{\"@type\":\"Answer\",\"text\":\"Non. La fiche Service-Public vu00e9rifiu00e9e le 4 aou00fbt 2025 indique que la tarification de la micro-cru00e8che ne doit pas du00e9passer 10 u20ac par heure.\"}},{\"@type\":\"Question\",\"name\":\"Faut-il payer la micro-cru00e8che avant de recevoir le CMG ?\",\"acceptedAnswer\":{\"@type\":\"Answer\",\"text\":\"Oui. Dans le ru00e9gime CMG structure, les parents ru00e8glent directement la micro-cru00e8che et transmettent ensuite lu2019attestation mensuelle ou la facture acquittu00e9e demandu00e9e par la CAF ou la MSA.\"}}]}\n<\/script>\n<h3>Le CMG rembourse-t-il toute la facture de la micro-cr\u00e8che ?<\/h3>\n<p>Non. La prise en charge est plafonn\u00e9e \u00e0 85 % des frais dus et limit\u00e9e par le plafond mensuel correspondant aux ressources, au nombre d\u2019enfants \u00e0 charge et \u00e0 l\u2019\u00e2ge de l\u2019enfant.<\/p>\n<h3>Quel est le plafond CMG pour un couple avec un enfant de moins de trois ans ?<\/h3>\n<p>Pour les droits 2026, il est de 992,12 \u20ac, 855,25 \u20ac ou 718,41 \u20ac par mois selon les ressources annuelles retenues. Le montant final reste limit\u00e9 \u00e0 85 % de la facture.<\/p>\n<h3>Une micro-cr\u00e8che \u00e0 plus de 10 \u20ac de l\u2019heure ouvre-t-elle droit au CMG structure ?<\/h3>\n<p>Non. La fiche Service-Public v\u00e9rifi\u00e9e le 4 ao\u00fbt 2025 indique que la tarification de la micro-cr\u00e8che ne doit pas d\u00e9passer 10 \u20ac par heure.<\/p>\n<h3>Faut-il payer la micro-cr\u00e8che avant de recevoir le CMG ?<\/h3>\n<p>Oui. Dans le r\u00e9gime CMG structure, les parents r\u00e8glent directement la micro-cr\u00e8che et transmettent ensuite l\u2019attestation mensuelle ou la facture acquitt\u00e9e demand\u00e9e par la CAF ou la MSA.<\/p>\n\n","protected":false},"excerpt":{"rendered":"<p>Pour une micro-cr\u00e8che en tarification libre, le CMG ne correspond pas au montant factur\u00e9 : la CAF rembourse au maximum 85\u00a0% des frais dus, dans la limite d\u2019un plafond mensuel li\u00e9 aux ressources, \u00e0 la composition du foyer et \u00e0 l\u2019\u00e2ge de l\u2019enfant. Les factures sont d\u2019abord r\u00e9gl\u00e9es par les parents. Les r\u00e8gles pr\u00e9sent\u00e9es ici [&hellip;]<\/p>\n","protected":false},"author":1,"featured_media":0,"comment_status":"open","ping_status":"closed","sticky":false,"template":"","format":"standard","meta":{"footnotes":""},"categories":[17],"tags":[],"class_list":["post-95","post","type-post","status-publish","format-standard","hentry","category-tarifs-et-aides"],"_links":{"self":[{"href":"https:\/\/bebouillecreche.fr\/blog\/wp-json\/wp\/v2\/posts\/95","targetHints":{"allow":["GET"]}}],"collection":[{"href":"https:\/\/bebouillecreche.fr\/blog\/wp-json\/wp\/v2\/posts"}],"about":[{"href":"https:\/\/bebouillecreche.fr\/blog\/wp-json\/wp\/v2\/types\/post"}],"author":[{"embeddable":true,"href":"https:\/\/bebouillecreche.fr\/blog\/wp-json\/wp\/v2\/users\/1"}],"replies":[{"embeddable":true,"href":"https:\/\/bebouillecreche.fr\/blog\/wp-json\/wp\/v2\/comments?post=95"}],"version-history":[{"count":0,"href":"https:\/\/bebouillecreche.fr\/blog\/wp-json\/wp\/v2\/posts\/95\/revisions"}],"wp:attachment":[{"href":"https:\/\/bebouillecreche.fr\/blog\/wp-json\/wp\/v2\/media?parent=95"}],"wp:term":[{"taxonomy":"category","embeddable":true,"href":"https:\/\/bebouillecreche.fr\/blog\/wp-json\/wp\/v2\/categories?post=95"},{"taxonomy":"post_tag","embeddable":true,"href":"https:\/\/bebouillecreche.fr\/blog\/wp-json\/wp\/v2\/tags?post=95"}],"curies":[{"name":"wp","href":"https:\/\/api.w.org\/{rel}","templated":true}]}}