{"id":94,"date":"2026-08-31T11:13:17","date_gmt":"2026-08-31T11:13:17","guid":{"rendered":"https:\/\/bebouillecreche.fr\/blog\/bareme-psu-creche-nevers\/"},"modified":"2026-08-31T11:13:17","modified_gmt":"2026-08-31T11:13:17","slug":"bareme-psu-creche-nevers","status":"publish","type":"post","link":"https:\/\/bebouillecreche.fr\/blog\/bareme-psu-creche-nevers\/","title":{"rendered":"Bar\u00e8me PSU : comment se calcule l&rsquo;heure de cr\u00e8che \u00e0 Nevers"},"content":{"rendered":"<p class=\"wp-block-paragraph\">\u00c0 Nevers, l\u2019heure de cr\u00e8che en <strong>PSU<\/strong> se calcule \u00e0 partir des ressources mensuelles retenues par la Caf et du nombre d\u2019enfants \u00e0 charge. Pour un accueil collectif, le tarif obtenu est horaire, puis multipli\u00e9 par les heures pr\u00e9vues au contrat. Le bar\u00e8me est national, mais la facture d\u00e9pend aussi des jours et semaines r\u00e9ellement r\u00e9serv\u00e9s.<\/p>\n\n<ul class=\"wp-block-list\"><li>Le <strong>Bar\u00e8me PSU<\/strong> ne fixe pas un prix unique : il applique un taux d\u2019effort diff\u00e9rent selon le nombre d\u2019enfants \u00e0 charge.<\/li><li>Les ressources utilis\u00e9es pour la tarification de 2026 correspondent en principe aux revenus de l\u2019ann\u00e9e <strong>2024<\/strong>, avec examen de la situation d\u00e9clar\u00e9e \u00e0 la Caf.<\/li><li>Une cr\u00e8che municipale, associative ou priv\u00e9e peut appliquer le m\u00eame calcul tarif cr\u00e8che si elle rel\u00e8ve de la PSU.<\/li><li>Le CMG ne s\u2019ajoute pas \u00e0 une place PSU : l\u2019aide Caf est d\u00e9j\u00e0 vers\u00e9e au gestionnaire dans ce mod\u00e8le.<\/li><li>Le cr\u00e9dit d\u2019imp\u00f4t pour la garde d\u2019enfants peut r\u00e9duire le co\u00fbt support\u00e9 apr\u00e8s la d\u00e9claration fiscale, sous ses conditions propres.<\/li><\/ul>\n\n<p class=\"wp-block-paragraph\">Ce relev\u00e9 traite du prix cr\u00e8che Nevers et de la premi\u00e8re couronne, pour les enfants de moins de trois ans, sur les r\u00e8gles nationales applicables en 2026. Il ne traite ni du choix p\u00e9dagogique, ni de la sant\u00e9, ni de l\u2019organisation quotidienne de l\u2019accueil petite enfance.<\/p>\n\n<p class=\"wp-block-paragraph\">Les r\u00e8gles de calcul ont \u00e9t\u00e9 v\u00e9rifi\u00e9es dans les documents de la <a href=\"https:\/\/www.caf.fr\" target=\"_blank\" rel=\"noopener\">Caisse d\u2019allocations familiales<\/a> consult\u00e9s le <strong>15 septembre 2026<\/strong>. Les montants individuels restent \u00e0 confirmer par le gestionnaire de la structure et par la Caf, car un changement de composition du foyer ou de ressources peut modifier la participation familiale.<\/p>\n\n<div id=\"ez-toc-container\" class=\"ez-toc-v2_0_87 counter-hierarchy ez-toc-counter ez-toc-grey ez-toc-container-direction\">\n<div class=\"ez-toc-title-container\">\n<p class=\"ez-toc-title\" style=\"cursor:inherit\">Sommaire<\/p>\n<span class=\"ez-toc-title-toggle\"><a href=\"#\" class=\"ez-toc-pull-right ez-toc-btn ez-toc-btn-xs ez-toc-btn-default ez-toc-toggle\" aria-label=\"Toggle Table of Content\"><span class=\"ez-toc-js-icon-con\"><span class=\"\"><span class=\"eztoc-hide\" style=\"display:none;\">Toggle<\/span><span class=\"ez-toc-icon-toggle-span\"><svg style=\"fill: #999;color:#999\" xmlns=\"http:\/\/www.w3.org\/2000\/svg\" class=\"list-377408\" width=\"20px\" height=\"20px\" viewBox=\"0 0 24 24\" fill=\"none\"><path d=\"M6 6H4v2h2V6zm14 0H8v2h12V6zM4 11h2v2H4v-2zm16 0H8v2h12v-2zM4 16h2v2H4v-2zm16 0H8v2h12v-2z\" fill=\"currentColor\"><\/path><\/svg><svg style=\"fill: #999;color:#999\" class=\"arrow-unsorted-368013\" xmlns=\"http:\/\/www.w3.org\/2000\/svg\" width=\"10px\" height=\"10px\" viewBox=\"0 0 24 24\" version=\"1.2\" baseProfile=\"tiny\"><path d=\"M18.2 9.3l-6.2-6.3-6.2 6.3c-.2.2-.3.4-.3.7s.1.5.3.7c.2.2.4.3.7.3h11c.3 0 .5-.1.7-.3.2-.2.3-.5.3-.7s-.1-.5-.3-.7zM5.8 14.7l6.2 6.3 6.2-6.3c.2-.2.3-.5.3-.7s-.1-.5-.3-.7c-.2-.2-.4-.3-.7-.3h-11c-.3 0-.5.1-.7.3-.2.2-.3.5-.3.7s.1.5.3.7z\"\/><\/svg><\/span><\/span><\/span><\/a><\/span><\/div>\n<nav><ul class='ez-toc-list ez-toc-list-level-1 eztoc-toggle-hide-by-default' ><li class='ez-toc-page-1 ez-toc-heading-level-2'><a class=\"ez-toc-link ez-toc-heading-1\" href=\"https:\/\/bebouillecreche.fr\/blog\/bareme-psu-creche-nevers\/#Quelle_formule_applique_le_Bareme_PSU_pour_une_heure_de_creche_a_Nevers\" >Quelle formule applique le Bar\u00e8me PSU pour une heure de cr\u00e8che \u00e0 Nevers<\/a><\/li><li class='ez-toc-page-1 ez-toc-heading-level-2'><a class=\"ez-toc-link ez-toc-heading-2\" href=\"https:\/\/bebouillecreche.fr\/blog\/bareme-psu-creche-nevers\/#Quelles_ressources_sont_retenues_pour_le_calcul_tarif_creche_en_2026\" >Quelles ressources sont retenues pour le calcul tarif cr\u00e8che en 2026<\/a><\/li><li class='ez-toc-page-1 ez-toc-heading-level-2'><a class=\"ez-toc-link ez-toc-heading-3\" href=\"https:\/\/bebouillecreche.fr\/blog\/bareme-psu-creche-nevers\/#Combien_coute_une_heure_de_creche_PSU_avec_2_800_euros_de_ressources_mensuelles\" >Combien co\u00fbte une heure de cr\u00e8che PSU avec 2 800 euros de ressources mensuelles<\/a><\/li><li class='ez-toc-page-1 ez-toc-heading-level-2'><a class=\"ez-toc-link ez-toc-heading-4\" href=\"https:\/\/bebouillecreche.fr\/blog\/bareme-psu-creche-nevers\/#Pourquoi_le_CMG_ne_diminue_pas_une_facture_de_creche_PSU\" >Pourquoi le CMG ne diminue pas une facture de cr\u00e8che PSU<\/a><\/li><li class='ez-toc-page-1 ez-toc-heading-level-2'><a class=\"ez-toc-link ez-toc-heading-5\" href=\"https:\/\/bebouillecreche.fr\/blog\/bareme-psu-creche-nevers\/#Quels_documents_demander_avant_de_signer_un_contrat_de_creche_a_Nevers\" >Quels documents demander avant de signer un contrat de cr\u00e8che \u00e0 Nevers<\/a><\/li><\/ul><\/nav><\/div>\n<h2 class=\"wp-block-heading\"><span class=\"ez-toc-section\" id=\"Quelle_formule_applique_le_Bareme_PSU_pour_une_heure_de_creche_a_Nevers\"><\/span>Quelle formule applique le Bar\u00e8me PSU pour une heure de cr\u00e8che \u00e0 Nevers<span class=\"ez-toc-section-end\"><\/span><\/h2>\n\n<p class=\"wp-block-paragraph\">Le calcul de l\u2019heure de cr\u00e8che repose sur une formule courte : ressources mensuelles retenues multipli\u00e9es par le taux d\u2019effort correspondant \u00e0 la composition du foyer. Le r\u00e9sultat est un prix horaire. La cr\u00e8che applique ensuite ce prix au volume d\u2019heures inscrit dans le contrat d\u2019accueil.<\/p>\n\n<p class=\"wp-block-paragraph\">La formule ne divise pas une facture mensuelle par un nombre arbitraire de jours. Elle part du revenu annuel de r\u00e9f\u00e9rence, transform\u00e9 en moyenne mensuelle, puis du taux pr\u00e9vu par la <a href=\"https:\/\/www.caf.fr\" target=\"_blank\" rel=\"noopener\">Cnaf<\/a>. Pour une facturation \u00e0 150 heures mensuelles, un tarif de <strong>1,55 euro<\/strong> conduit \u00e0 une facture de <strong>232,50 euros<\/strong> avant prise en compte d\u2019\u00e9ventuelles d\u00e9ductions pr\u00e9vues au r\u00e8glement de fonctionnement.<\/p>\n\n<p class=\"wp-block-paragraph\">Les ressources utilis\u00e9es sont g\u00e9n\u00e9ralement celles de l\u2019ann\u00e9e N-2. En 2026, le point de d\u00e9part est donc le revenu d\u00e9clar\u00e9 au titre de <strong>2024<\/strong>. Le gestionnaire consulte les donn\u00e9es autoris\u00e9es par la Caf ou demande les justificatifs n\u00e9cessaires. Le montant figurant sur le dernier avis d\u2019imp\u00f4t ne se transpose pas automatiquement sans ce contr\u00f4le.<\/p>\n\n<h3 class=\"wp-block-heading\">Le taux d\u2019effort varie avec le nombre d\u2019enfants \u00e0 charge<\/h3>\n\n<p class=\"wp-block-paragraph\">Le taux d\u2019effort est exprim\u00e9 en pourcentage des ressources mensuelles. Il diminue lorsque le foyer compte davantage d\u2019enfants \u00e0 charge. Deux foyers disposant du m\u00eame revenu mensuel ne paient donc pas n\u00e9cessairement le m\u00eame co\u00fbt horaire cr\u00e8che.<\/p>\n\n<figure class=\"wp-block-table\"><table>\n<thead>\n<tr>\n<th>Enfants \u00e0 charge<\/th>\n<th>Taux d\u2019effort indicatif en accueil collectif<\/th>\n<th>Calcul pour 3 000 euros mensuels<\/th>\n<th>Tarif horaire indicatif<\/th>\n<\/tr>\n<\/thead>\n<tbody>\n<tr>\n<td>1 enfant<\/td>\n<td><strong>0,0619 %<\/strong><\/td>\n<td>3 000 \u00d7 0,0619 %<\/td>\n<td><strong>1,86 euro<\/strong><\/td>\n<\/tr>\n<tr>\n<td>2 enfants<\/td>\n<td><strong>0,0517 %<\/strong><\/td>\n<td>3 000 \u00d7 0,0517 %<\/td>\n<td><strong>1,55 euro<\/strong><\/td>\n<\/tr>\n<tr>\n<td>3 enfants<\/td>\n<td><strong>0,0413 %<\/strong><\/td>\n<td>3 000 \u00d7 0,0413 %<\/td>\n<td><strong>1,24 euro<\/strong><\/td>\n<\/tr>\n<tr>\n<td>4 enfants ou plus<\/td>\n<td><strong>0,0309 %<\/strong><\/td>\n<td>3 000 \u00d7 0,0309 %<\/td>\n<td><strong>0,93 euro<\/strong><\/td>\n<\/tr>\n<\/tbody>\n<\/table><\/figure>\n\n<p class=\"wp-block-paragraph\">Tableau \u00e9tabli \u00e0 partir des taux d\u2019effort publi\u00e9s par la Caf et consult\u00e9s le <strong>15 septembre 2026<\/strong>. Les taux exacts applicables peuvent diff\u00e9rer selon le type d\u2019accueil, notamment lorsque l\u2019accueil est familial ou lorsque le foyer ouvre droit \u00e0 une r\u00e8gle particuli\u00e8re.<\/p>\n\n<p class=\"wp-block-paragraph\">Le terme de tarification sociale d\u00e9crit ce m\u00e9canisme pr\u00e9cis. Le gestionnaire ne fixe pas librement le prix d\u2019une famille \u00e0 l\u2019autre : il applique le taux national au niveau de ressources reconnu par la Caf. Une discussion commerciale ne peut donc pas modifier un tarif PSU, contrairement au prix d\u2019une micro-cr\u00e8che \u00e0 tarification libre.<\/p>\n\n<p class=\"wp-block-paragraph\">Le prix obtenu est bien un prix par heure. Cela a une cons\u00e9quence directe \u00e0 Nevers : deux contrats dans une m\u00eame cr\u00e8che peuvent g\u00e9n\u00e9rer deux factures tr\u00e8s diff\u00e9rentes, m\u00eame si les enfants sont accueillis au m\u00eame endroit. Le revenu du foyer et les heures contractualis\u00e9es font la diff\u00e9rence, pas le quartier de r\u00e9sidence.<\/p>\n\n<h2 class=\"wp-block-heading\"><span class=\"ez-toc-section\" id=\"Quelles_ressources_sont_retenues_pour_le_calcul_tarif_creche_en_2026\"><\/span>Quelles ressources sont retenues pour le calcul tarif cr\u00e8che en 2026<span class=\"ez-toc-section-end\"><\/span><\/h2>\n\n<p class=\"wp-block-paragraph\">La Caf ne part pas du salaire du dernier mois. Le calcul tarif cr\u00e8che PSU repose sur les ressources connues pour l\u2019ann\u00e9e N-2, soit <strong>2024<\/strong> pour une participation appliqu\u00e9e en 2026. Cette r\u00e8gle stabilise les factures : le tarif ne varie pas chaque fois qu\u2019un salaire mensuel \u00e9volue.<\/p>\n\n<p class=\"wp-block-paragraph\">Le gestionnaire utilise les informations disponibles dans les outils Caf lorsqu\u2019il y est habilit\u00e9. Si les donn\u00e9es ne peuvent pas \u00eatre consult\u00e9es ou si la situation doit \u00eatre justifi\u00e9e, le foyer remet les documents demand\u00e9s. Sans justificatif exploitable, le r\u00e8glement de la structure peut pr\u00e9voir une application fond\u00e9e sur le plafond de ressources en vigueur.<\/p>\n\n<h3 class=\"wp-block-heading\">Le revenu mensuel est encadr\u00e9 par un plancher et un plafond<\/h3>\n\n<p class=\"wp-block-paragraph\">Le bar\u00e8me ne s\u2019applique pas sans limite. La Cnaf pr\u00e9voit un plancher de ressources afin que le calcul reste possible pour les foyers disposant de revenus faibles ou absents. Elle pr\u00e9voit aussi un plafond qui limite l\u2019assiette utilis\u00e9e pour les revenus les plus \u00e9lev\u00e9s. Les montants de ces bornes sont r\u00e9vis\u00e9s et doivent \u00eatre lus dans le bar\u00e8me applicable \u00e0 la date de la facture.<\/p>\n\n<p class=\"wp-block-paragraph\">Cette limite ne signifie pas que toutes les familles paient le m\u00eame maximum. Le plafond de ressources est d\u2019abord multipli\u00e9 par le taux d\u2019effort correspondant au nombre d\u2019enfants \u00e0 charge. Un foyer avec quatre enfants n\u2019a donc pas le m\u00eame plafond horaire qu\u2019un foyer avec un seul enfant.<\/p>\n\n<p class=\"wp-block-paragraph\">Un changement familial peut conduire \u00e0 une r\u00e9vision. Une naissance, une s\u00e9paration, une reprise d\u2019activit\u00e9 ou une modification durable de ressources doivent \u00eatre signal\u00e9es \u00e0 la Caf et au gestionnaire. Le dossier r\u00e9el est le seul support de d\u00e9cision. Le site <a href=\"https:\/\/bebouillecreche.fr\/blog\/relais-petite-enfance-nevers\/\">Relais Petite Enfance de Nevers<\/a> indique l\u2019interlocuteur local \u00e0 contacter pour les d\u00e9marches li\u00e9es \u00e0 une place, tandis que la Caf reste comp\u00e9tente pour les droits et donn\u00e9es de ressources.<\/p>\n\n<p class=\"wp-block-paragraph\">Une famille monoparentale peut relever de r\u00e8gles sp\u00e9cifiques pr\u00e9vues par la Caf. Le calcul ne doit donc pas \u00eatre reconstruit \u00e0 partir d\u2019un taux vu sur une ancienne facture ou dans un tableau trouv\u00e9 en ligne. Le gestionnaire doit produire ou confirmer le tarif nominatif correspondant \u00e0 la situation enregistr\u00e9e.<\/p>\n\n<p class=\"wp-block-paragraph\">La m\u00e9thode a \u00e9t\u00e9 relev\u00e9e le <strong>15 septembre 2026<\/strong> dans la documentation Caf disponible en ligne. Aucun tarif individuel de cr\u00e8che de Nevers n\u2019est publi\u00e9 ici sans document de facturation ou r\u00e9ponse directe de la structure. Cette distinction \u00e9vite de pr\u00e9senter comme certain un prix qui d\u00e9pend d\u2019un dossier personnel.<\/p>\n\n<p class=\"wp-block-paragraph\">Les cr\u00e8ches municipales recens\u00e9es dans le secteur neversois appliquent la PSU lorsqu\u2019elles sont conventionn\u00e9es selon ce dispositif. La page consacr\u00e9e aux <a href=\"https:\/\/bebouillecreche.fr\/blog\/creches-municipales-nevers\/\">cr\u00e8ches municipales de Nevers<\/a> permet ensuite de v\u00e9rifier les modalit\u00e9s locales, les horaires affich\u00e9s et les contacts utiles avant le d\u00e9p\u00f4t d\u2019un dossier.<\/p>\n\n<figure class=\"is-provider-youtube is-type-video wp-block-embed wp-block-embed-youtube wp-embed-aspect-16-9 wp-has-aspect-ratio\"><div class=\"wp-block-embed__wrapper\">\n<iframe loading=\"lazy\" title=\"Mode de garde : Comment sont calcul\u00e9s les prix en cr\u00e8che familiale ?\" width=\"500\" height=\"281\" src=\"https:\/\/www.youtube.com\/embed\/zMdJlY_WIgA?feature=oembed\" frameborder=\"0\" allow=\"accelerometer; autoplay; clipboard-write; encrypted-media; gyroscope; picture-in-picture; web-share\" referrerpolicy=\"strict-origin-when-cross-origin\" allowfullscreen><\/iframe>\n<\/div><\/figure>\n\n<h2 class=\"wp-block-heading\"><span class=\"ez-toc-section\" id=\"Combien_coute_une_heure_de_creche_PSU_avec_2_800_euros_de_ressources_mensuelles\"><\/span>Combien co\u00fbte une heure de cr\u00e8che PSU avec 2 800 euros de ressources mensuelles<span class=\"ez-toc-section-end\"><\/span><\/h2>\n\n<p class=\"wp-block-paragraph\">Un exemple chiffr\u00e9 permet de distinguer la formule nationale de la facture mensuelle. Pour un foyer disposant de <strong>2 800 euros<\/strong> de ressources mensuelles retenues et comptant deux enfants \u00e0 charge, le taux indicatif d\u2019accueil collectif est de <strong>0,0517 %<\/strong>. Le calcul donne 2 800 \u00d7 0,0517 %, soit environ <strong>1,45 euro par heure<\/strong>.<\/p>\n\n<p class=\"wp-block-paragraph\">Avec un contrat de 40 heures par semaine sur une base de 47 semaines factur\u00e9es dans l\u2019ann\u00e9e, le volume mensuel d\u00e9pend de la m\u00e9thode de mensualisation inscrite au contrat. En divisant 40 heures multipli\u00e9es par 47 semaines par 12 mois, la base atteint environ <strong>157 heures mensuelles<\/strong>. \u00c0 1,45 euro, la participation mensuelle approche alors <strong>227,65 euros<\/strong>.<\/p>\n\n<h3 class=\"wp-block-heading\">La mensualisation ne correspond pas toujours \u00e0 quatre semaines<\/h3>\n\n<p class=\"wp-block-paragraph\">Une erreur fr\u00e9quente consiste \u00e0 multiplier 40 heures par quatre semaines, puis \u00e0 consid\u00e9rer que le r\u00e9sultat est la facture constante de l\u2019ann\u00e9e. Une structure PSU utilise souvent un nombre de semaines d\u2019ouverture pr\u00e9vu au contrat. Les p\u00e9riodes de fermeture annuelle sont int\u00e9gr\u00e9es dans ce calcul si elles sont connues lors de la signature.<\/p>\n\n<p class=\"wp-block-paragraph\">Le r\u00e8glement de fonctionnement indique la m\u00e9thode appliqu\u00e9e aux absences, aux cong\u00e9s de la structure, aux retards et aux heures suppl\u00e9mentaires. Une arriv\u00e9e avant l\u2019horaire contractuel ou un d\u00e9part apr\u00e8s cet horaire peut modifier la facture. Il faut donc demander le document avant de comparer deux propositions de garde d\u2019enfants.<\/p>\n\n<p class=\"wp-block-paragraph\">Le tarif horaire PSU couvre un accueil inscrit au contrat ; le contenu pr\u00e9cis des prestations incluses doit \u00eatre v\u00e9rifi\u00e9 dans le r\u00e8glement local. Repas, produits d\u2019hygi\u00e8ne, frais de dossier et conditions de d\u00e9duction ne doivent pas \u00eatre suppos\u00e9s identiques d\u2019une structure \u00e0 l\u2019autre. Une ligne absente d\u2019un r\u00e8glement reste une question \u00e0 poser au gestionnaire.<\/p>\n\n<p class=\"wp-block-paragraph\">Les informations tarifaires et horaires demand\u00e9es aux \u00e9tablissements doivent toujours \u00eatre accompagn\u00e9es d\u2019une date et d\u2019un canal de v\u00e9rification. Le tarif affich\u00e9 sur une page ancienne ne suffit pas. La v\u00e9rification t\u00e9l\u00e9phonique est utile lorsque la structure accepte de communiquer son mode de facturation, mais une facture pr\u00e9visionnelle \u00e9crite reste le document le plus exploitable pour comparer les montants.<\/p>\n\n<p class=\"wp-block-paragraph\">Pour ce foyer \u00e0 2 800 euros et deux enfants, le point central est simple : le co\u00fbt horaire cr\u00e8che se situe autour de <strong>1,45 euro<\/strong> avant mensualisation, sous r\u00e9serve de validation par le gestionnaire. La facture d\u00e9pend ensuite du volume contractuel, pas d\u2019un forfait national unique.<\/p>\n\n<h2 class=\"wp-block-heading\"><span class=\"ez-toc-section\" id=\"Pourquoi_le_CMG_ne_diminue_pas_une_facture_de_creche_PSU\"><\/span>Pourquoi le CMG ne diminue pas une facture de cr\u00e8che PSU<span class=\"ez-toc-section-end\"><\/span><\/h2>\n\n<p class=\"wp-block-paragraph\">La PSU et le compl\u00e9ment de libre choix du mode de garde, ou CMG, ne financent pas la m\u00eame organisation. Dans une cr\u00e8che PSU, la Caf verse une prestation au gestionnaire. La participation factur\u00e9e aux parents est d\u00e9j\u00e0 calcul\u00e9e selon les ressources et le taux d\u2019effort. Le foyer ne re\u00e7oit donc pas un CMG suppl\u00e9mentaire pour cette m\u00eame place.<\/p>\n\n<p class=\"wp-block-paragraph\">Cette r\u00e8gle permet de comparer correctement deux devis. Une place municipale \u00e0 <strong>1,45 euro de l\u2019heure<\/strong> ne doit pas \u00eatre compar\u00e9e \u00e0 une micro-cr\u00e8che priv\u00e9e sur la seule base de son tarif affich\u00e9. Dans une micro-cr\u00e8che Paje, la facture peut \u00eatre r\u00e9gl\u00e9e d\u2019abord par la famille, puis partiellement compens\u00e9e par une aide financi\u00e8re cr\u00e8che vers\u00e9e sous condition par la Caf.<\/p>\n\n<h3 class=\"wp-block-heading\">Le cr\u00e9dit d\u2019imp\u00f4t intervient apr\u00e8s les aides \u00e9ventuelles<\/h3>\n\n<p class=\"wp-block-paragraph\">Le cr\u00e9dit d\u2019imp\u00f4t pour frais de garde concerne les d\u00e9penses engag\u00e9es pour un enfant de moins de six ans, sous les conditions fix\u00e9es par l\u2019administration fiscale. Son taux est de <strong>50 %<\/strong> des d\u00e9penses retenues, dans une limite annuelle par enfant. Les aides per\u00e7ues doivent \u00eatre d\u00e9duites de la base d\u00e9clar\u00e9e.<\/p>\n\n<p class=\"wp-block-paragraph\">Les r\u00e8gles fiscales applicables ont \u00e9t\u00e9 consult\u00e9es le <strong>15 septembre 2026<\/strong> sur <a href=\"https:\/\/www.service-public.fr\/particuliers\/vosdroits\/F8\" target=\"_blank\" rel=\"noopener\">service-public.fr<\/a>. Une facture PSU de 227,65 euros par mois ne donne pas automatiquement droit \u00e0 un remboursement mensuel de 113,83 euros. Le cr\u00e9dit d\u2019imp\u00f4t est trait\u00e9 selon le calendrier fiscal et les modalit\u00e9s de versement pr\u00e9vues par l\u2019administration.<\/p>\n\n<p class=\"wp-block-paragraph\">Pour une d\u00e9pense annuelle de 2 731,80 euros, correspondant \u00e0 douze mensualit\u00e9s de 227,65 euros, l\u2019avantage fiscal th\u00e9orique de 50 % atteint 1 365,90 euros si toutes les conditions sont remplies et si la d\u00e9pense entre dans le plafond l\u00e9gal. Le co\u00fbt annuel apr\u00e8s cet avantage peut alors \u00eatre inf\u00e9rieur \u00e0 la somme avanc\u00e9e, mais l\u2019avance de tr\u00e9sorerie reste enti\u00e8re pendant l\u2019ann\u00e9e de garde.<\/p>\n\n<p class=\"wp-block-paragraph\">Le CMG peut s\u2019appliquer aux micro-cr\u00e8ches qui ne rel\u00e8vent pas de la PSU. Son montant d\u00e9pend notamment des ressources, du nombre d\u2019enfants \u00e0 charge, du co\u00fbt d\u00e9clar\u00e9 et du nombre d\u2019heures. Une pr\u00e9sentation d\u00e9taill\u00e9e de la diff\u00e9rence entre facture libre et bar\u00e8me est disponible dans le guide sur le <a href=\"https:\/\/bebouillecreche.fr\/blog\/micro-creche-paje-tarif\/\">tarif des micro-cr\u00e8ches Paje<\/a>.<\/p>\n\n<p class=\"wp-block-paragraph\">Le calcul \u00e0 retenir n\u2019est donc pas le m\u00eame. En PSU, le foyer regarde d\u2019abord son tarif horaire d\u00e9termin\u00e9 par le bar\u00e8me. En Paje, il doit suivre la facture brute, le montant effectivement vers\u00e9 au titre du CMG et la part susceptible d\u2019ouvrir droit au cr\u00e9dit d\u2019imp\u00f4t.<\/p>\n\n<figure class=\"is-provider-youtube is-type-video wp-block-embed wp-block-embed-youtube wp-embed-aspect-16-9 wp-has-aspect-ratio\"><div class=\"wp-block-embed__wrapper\">\n<iframe loading=\"lazy\" title=\"L\u2019e\u0301conomie Re\u0301elle d\u2019une Cre\u0300che Prive\u0301e en France\" width=\"500\" height=\"281\" src=\"https:\/\/www.youtube.com\/embed\/Cxqy8QWj-sM?feature=oembed\" frameborder=\"0\" allow=\"accelerometer; autoplay; clipboard-write; encrypted-media; gyroscope; picture-in-picture; web-share\" referrerpolicy=\"strict-origin-when-cross-origin\" allowfullscreen><\/iframe>\n<\/div><\/figure>\n\n<h2 class=\"wp-block-heading\"><span class=\"ez-toc-section\" id=\"Quels_documents_demander_avant_de_signer_un_contrat_de_creche_a_Nevers\"><\/span>Quels documents demander avant de signer un contrat de cr\u00e8che \u00e0 Nevers<span class=\"ez-toc-section-end\"><\/span><\/h2>\n\n<p class=\"wp-block-paragraph\">Avant de signer, demandez une simulation \u00e9crite qui indique les ressources retenues, le nombre d\u2019enfants pris en compte, le taux d\u2019effort appliqu\u00e9 et le nombre d\u2019heures mensualis\u00e9es. Cette demande \u00e9vite de confondre une estimation orale et une participation familiale calcul\u00e9e dans le dossier. Le document doit aussi indiquer sa date d\u2019\u00e9dition.<\/p>\n\n<p class=\"wp-block-paragraph\">Le r\u00e8glement de fonctionnement est le second document \u00e0 lire. Il pr\u00e9cise les horaires d\u2019ouverture, les fermetures annuelles, les conditions de facturation des absences, les heures suppl\u00e9mentaires et la m\u00e9thode de r\u00e9servation. C\u2019est ce document qui permet de savoir comment une heure de cr\u00e8che sera factur\u00e9e lorsque le contrat ne couvre pas exactement la pr\u00e9sence constat\u00e9e.<\/p>\n\n<h3 class=\"wp-block-heading\">Les \u00e9l\u00e9ments \u00e0 v\u00e9rifier sur la premi\u00e8re facture<\/h3>\n\n<ul class=\"wp-block-list\"><li>Le revenu mensuel retenu et le nombre d\u2019enfants \u00e0 charge correspondent aux donn\u00e9es communiqu\u00e9es \u00e0 la Caf.<\/li><li>Le taux d\u2019effort figurant sur la facture correspond au bar\u00e8me PSU appliqu\u00e9 par la structure.<\/li><li>Le nombre d\u2019heures factur\u00e9es correspond au contrat sign\u00e9 et aux semaines d\u2019ouverture pr\u00e9vues.<\/li><li>Les d\u00e9ductions \u00e9ventuelles sont identifiables et rattach\u00e9es \u00e0 une r\u00e8gle \u00e9crite du r\u00e8glement de fonctionnement.<\/li><li>Les frais additionnels, lorsqu\u2019ils existent, sont s\u00e9par\u00e9s de la participation horaire PSU.<\/li><\/ul>\n\n<p class=\"wp-block-paragraph\">Une structure peut demander une actualisation de la situation familiale ou des justificatifs lorsque les droits \u00e9voluent. Il faut transmettre les \u00e9l\u00e9ments demand\u00e9s sans attendre la facture suivante. Une r\u00e9gularisation peut intervenir si le tarif a \u00e9t\u00e9 appliqu\u00e9 sur une base provisoire.<\/p>\n\n<p class=\"wp-block-paragraph\">Les d\u00e9marches d\u2019attribution de places sont distinctes du calcul financier. Pour une demande locale, le calendrier et les pi\u00e8ces du dossier doivent \u00eatre v\u00e9rifi\u00e9s aupr\u00e8s du guichet comp\u00e9tent. La page d\u00e9di\u00e9e \u00e0 l\u2019<a href=\"https:\/\/bebouillecreche.fr\/blog\/inscription-enfant-creche\/\">inscription en cr\u00e8che \u00e0 Nevers<\/a> d\u00e9taille les \u00e9tapes \u00e0 contr\u00f4ler avant les commissions d\u2019attribution.<\/p>\n\n<p class=\"wp-block-paragraph\">Les communes de Coulanges-l\u00e8s-Nevers et Varennes-Vauzelles disposent \u00e9galement de solutions d\u2019accueil dont le gestionnaire, les horaires et le mode de tarification doivent \u00eatre distingu\u00e9s. Les informations v\u00e9rifi\u00e9es pour ce secteur figurent dans le relev\u00e9 des <a href=\"https:\/\/bebouillecreche.fr\/blog\/creches-coulanges-varennes\/\">cr\u00e8ches de Coulanges-l\u00e8s-Nevers et Varennes-Vauzelles<\/a>.<\/p>\n\n<p class=\"wp-block-paragraph\">Le contrat, le r\u00e8glement et la simulation constituent les trois pi\u00e8ces qui permettent de reconstituer une facture. Sans ces documents, un prix annonc\u00e9 ne permet pas de comparer s\u00e9rieusement deux places d\u2019accueil. La prochaine \u00e9tape consiste \u00e0 demander au gestionnaire le tarif nominatif et le nombre d\u2019heures mensualis\u00e9es avant toute signature.<\/p>\n\n<script type=\"application\/ld+json\">\n{\"@context\":\"https:\/\/schema.org\",\"@type\":\"FAQPage\",\"mainEntity\":[{\"@type\":\"Question\",\"name\":\"Le Baru00e8me PSU est-il le mu00eame u00e0 Nevers et dans les autres villes ?\",\"acceptedAnswer\":{\"@type\":\"Answer\",\"text\":\"Oui, le taux du2019effort appliquu00e9 en cru00e8che PSU relu00e8ve du2019un baru00e8me national de la Cnaf. Le prix final varie nu00e9anmoins avec les ressources retenues, le nombre du2019enfants u00e0 charge, le type du2019accueil et les heures pru00e9vues au contrat.\"}},{\"@type\":\"Question\",\"name\":\"Quelle annu00e9e de revenus est utilisu00e9e pour une facture de cru00e8che en 2026 ?\",\"acceptedAnswer\":{\"@type\":\"Answer\",\"text\":\"La ru00e8gle habituelle repose sur les ressources de lu2019annu00e9e N-2. Pour 2026, il su2019agit donc en principe des ressources de 2024, sous ru00e9serve des donnu00e9es du00e9tenues par la Caf et des changements de situation pris en compte.\"}},{\"@type\":\"Question\",\"name\":\"Le CMG est-il versu00e9 pour une place en cru00e8che municipale PSU ?\",\"acceptedAnswer\":{\"@type\":\"Answer\",\"text\":\"Non. Pour une place relevant de la PSU, la Caf finance directement le gestionnaire et la famille paie une participation calculu00e9e selon le baru00e8me. Le CMG concerne notamment les micro-cru00e8ches Paje hors PSU.\"}},{\"@type\":\"Question\",\"name\":\"Comment vu00e9rifier le nombre du2019heures qui sera facturu00e9 chaque mois ?\",\"acceptedAnswer\":{\"@type\":\"Answer\",\"text\":\"Demandez une simulation u00e9crite et lisez le ru00e8glement de fonctionnement avant la signature. Le contrat doit pru00e9ciser les heures ru00e9servu00e9es, les semaines du2019ouverture, les ru00e8gles appliquu00e9es aux absences et les conditions de du00e9passement du2019horaires.\"}}]}\n<\/script>\n<h3>Le Bar\u00e8me PSU est-il le m\u00eame \u00e0 Nevers et dans les autres villes ?<\/h3>\n<p>Oui, le taux d\u2019effort appliqu\u00e9 en cr\u00e8che PSU rel\u00e8ve d\u2019un bar\u00e8me national de la Cnaf. Le prix final varie n\u00e9anmoins avec les ressources retenues, le nombre d\u2019enfants \u00e0 charge, le type d\u2019accueil et les heures pr\u00e9vues au contrat.<\/p>\n<h3>Quelle ann\u00e9e de revenus est utilis\u00e9e pour une facture de cr\u00e8che en 2026 ?<\/h3>\n<p>La r\u00e8gle habituelle repose sur les ressources de l\u2019ann\u00e9e N-2. Pour 2026, il s\u2019agit donc en principe des ressources de 2024, sous r\u00e9serve des donn\u00e9es d\u00e9tenues par la Caf et des changements de situation pris en compte.<\/p>\n<h3>Le CMG est-il vers\u00e9 pour une place en cr\u00e8che municipale PSU ?<\/h3>\n<p>Non. Pour une place relevant de la PSU, la Caf finance directement le gestionnaire et la famille paie une participation calcul\u00e9e selon le bar\u00e8me. Le CMG concerne notamment les micro-cr\u00e8ches Paje hors PSU.<\/p>\n<h3>Comment v\u00e9rifier le nombre d\u2019heures qui sera factur\u00e9 chaque mois ?<\/h3>\n<p>Demandez une simulation \u00e9crite et lisez le r\u00e8glement de fonctionnement avant la signature. Le contrat doit pr\u00e9ciser les heures r\u00e9serv\u00e9es, les semaines d\u2019ouverture, les r\u00e8gles appliqu\u00e9es aux absences et les conditions de d\u00e9passement d\u2019horaires.<\/p>\n\n","protected":false},"excerpt":{"rendered":"<p>\u00c0 Nevers, l\u2019heure de cr\u00e8che en PSU se calcule \u00e0 partir des ressources mensuelles retenues par la Caf et du nombre d\u2019enfants \u00e0 charge. Pour un accueil collectif, le tarif obtenu est horaire, puis multipli\u00e9 par les heures pr\u00e9vues au contrat. Le bar\u00e8me est national, mais la facture d\u00e9pend aussi des jours et semaines r\u00e9ellement [&hellip;]<\/p>\n","protected":false},"author":1,"featured_media":0,"comment_status":"open","ping_status":"closed","sticky":false,"template":"","format":"standard","meta":{"footnotes":""},"categories":[17],"tags":[],"class_list":["post-94","post","type-post","status-publish","format-standard","hentry","category-tarifs-et-aides"],"_links":{"self":[{"href":"https:\/\/bebouillecreche.fr\/blog\/wp-json\/wp\/v2\/posts\/94","targetHints":{"allow":["GET"]}}],"collection":[{"href":"https:\/\/bebouillecreche.fr\/blog\/wp-json\/wp\/v2\/posts"}],"about":[{"href":"https:\/\/bebouillecreche.fr\/blog\/wp-json\/wp\/v2\/types\/post"}],"author":[{"embeddable":true,"href":"https:\/\/bebouillecreche.fr\/blog\/wp-json\/wp\/v2\/users\/1"}],"replies":[{"embeddable":true,"href":"https:\/\/bebouillecreche.fr\/blog\/wp-json\/wp\/v2\/comments?post=94"}],"version-history":[{"count":0,"href":"https:\/\/bebouillecreche.fr\/blog\/wp-json\/wp\/v2\/posts\/94\/revisions"}],"wp:attachment":[{"href":"https:\/\/bebouillecreche.fr\/blog\/wp-json\/wp\/v2\/media?parent=94"}],"wp:term":[{"taxonomy":"category","embeddable":true,"href":"https:\/\/bebouillecreche.fr\/blog\/wp-json\/wp\/v2\/categories?post=94"},{"taxonomy":"post_tag","embeddable":true,"href":"https:\/\/bebouillecreche.fr\/blog\/wp-json\/wp\/v2\/tags?post=94"}],"curies":[{"name":"wp","href":"https:\/\/api.w.org\/{rel}","templated":true}]}}