{"id":93,"date":"2026-08-31T11:11:47","date_gmt":"2026-08-31T11:11:47","guid":{"rendered":"https:\/\/bebouillecreche.fr\/blog\/refus-place-creche-nevers\/"},"modified":"2026-08-31T11:11:47","modified_gmt":"2026-08-31T11:11:47","slug":"refus-place-creche-nevers","status":"publish","type":"post","link":"https:\/\/bebouillecreche.fr\/blog\/refus-place-creche-nevers\/","title":{"rendered":"Refus de place en cr\u00e8che \u00e0 Nevers : les recours qui existent"},"content":{"rendered":"<p class=\"wp-block-paragraph\"><strong>Un refus de place cr\u00e8che \u00e0 Nevers ne donne pas automatiquement droit \u00e0 une admission, mais il peut \u00eatre contest\u00e9 lorsque le motif est impr\u00e9cis, incoh\u00e9rent avec les crit\u00e8res annonc\u00e9s ou li\u00e9 \u00e0 une discrimination.<\/strong> La premi\u00e8re d\u00e9marche utile consiste \u00e0 obtenir une d\u00e9cision \u00e9crite, dat\u00e9e et attribu\u00e9e \u00e0 son v\u00e9ritable auteur.<\/p>\n\n<p class=\"wp-block-paragraph\"><strong>En bref<\/strong><\/p>\n\n<ul class=\"wp-block-list\"><li>Une absence de place doit \u00eatre distingu\u00e9e d\u2019un refus fond\u00e9 sur un crit\u00e8re ill\u00e9gal ou appliqu\u00e9 de mani\u00e8re incoh\u00e9rente.<\/li><li>Le recours gracieux s\u2019adresse \u00e0 l\u2019auteur de la d\u00e9cision, avec une demande de r\u00e9examen et des pi\u00e8ces class\u00e9es.<\/li><li>La mairie, le gestionnaire, la PMI et le D\u00e9fenseur des droits n\u2019interviennent pas pour la m\u00eame question.<\/li><li>Un recours administratif devant le tribunal administratif vise les d\u00e9cisions prises par une collectivit\u00e9 ou un \u00e9tablissement public.<\/li><li>Une urgence de reprise d\u2019emploi ou d\u2019interruption d\u2019accueil doit \u00eatre \u00e9tablie par des documents dat\u00e9s.<\/li><\/ul>\n\n<p class=\"wp-block-paragraph\">Cette page couvre <strong>Nevers<\/strong> et sa premi\u00e8re couronne, pour les demandes d\u2019<strong>inscription cr\u00e8che<\/strong> concernant des enfants de moins de trois ans. Elle ne remplace ni le Relais Petite Enfance, ni la PMI de la Ni\u00e8vre, ni un avocat, et ne traite pas des questions m\u00e9dicales ou du fonctionnement quotidien de l\u2019accueil.<\/p>\n\n<div id=\"ez-toc-container\" class=\"ez-toc-v2_0_87 counter-hierarchy ez-toc-counter ez-toc-grey ez-toc-container-direction\">\n<div class=\"ez-toc-title-container\">\n<p class=\"ez-toc-title\" style=\"cursor:inherit\">Sommaire<\/p>\n<span class=\"ez-toc-title-toggle\"><a href=\"#\" class=\"ez-toc-pull-right ez-toc-btn ez-toc-btn-xs ez-toc-btn-default ez-toc-toggle\" aria-label=\"Toggle Table of Content\"><span class=\"ez-toc-js-icon-con\"><span class=\"\"><span class=\"eztoc-hide\" style=\"display:none;\">Toggle<\/span><span class=\"ez-toc-icon-toggle-span\"><svg style=\"fill: #999;color:#999\" xmlns=\"http:\/\/www.w3.org\/2000\/svg\" class=\"list-377408\" width=\"20px\" height=\"20px\" viewBox=\"0 0 24 24\" fill=\"none\"><path d=\"M6 6H4v2h2V6zm14 0H8v2h12V6zM4 11h2v2H4v-2zm16 0H8v2h12v-2zM4 16h2v2H4v-2zm16 0H8v2h12v-2z\" fill=\"currentColor\"><\/path><\/svg><svg style=\"fill: #999;color:#999\" class=\"arrow-unsorted-368013\" xmlns=\"http:\/\/www.w3.org\/2000\/svg\" width=\"10px\" height=\"10px\" viewBox=\"0 0 24 24\" version=\"1.2\" baseProfile=\"tiny\"><path d=\"M18.2 9.3l-6.2-6.3-6.2 6.3c-.2.2-.3.4-.3.7s.1.5.3.7c.2.2.4.3.7.3h11c.3 0 .5-.1.7-.3.2-.2.3-.5.3-.7s-.1-.5-.3-.7zM5.8 14.7l6.2 6.3 6.2-6.3c.2-.2.3-.5.3-.7s-.1-.5-.3-.7c-.2-.2-.4-.3-.7-.3h-11c-.3 0-.5.1-.7.3-.2.2-.3.5-.3.7s.1.5.3.7z\"\/><\/svg><\/span><\/span><\/span><\/a><\/span><\/div>\n<nav><ul class='ez-toc-list ez-toc-list-level-1 eztoc-toggle-hide-by-default' ><li class='ez-toc-page-1 ez-toc-heading-level-2'><a class=\"ez-toc-link ez-toc-heading-1\" href=\"https:\/\/bebouillecreche.fr\/blog\/refus-place-creche-nevers\/#Comment_obtenir_un_motif_ecrit_apres_un_refus_de_place_en_creche_a_Nevers\" >Comment obtenir un motif \u00e9crit apr\u00e8s un refus de place en cr\u00e8che \u00e0 Nevers<\/a><\/li><li class='ez-toc-page-1 ez-toc-heading-level-2'><a class=\"ez-toc-link ez-toc-heading-2\" href=\"https:\/\/bebouillecreche.fr\/blog\/refus-place-creche-nevers\/#Quels_refus_de_place_en_creche_peuvent_justifier_un_reexamen_du_dossier\" >Quels refus de place en cr\u00e8che peuvent justifier un r\u00e9examen du dossier<\/a><\/li><li class='ez-toc-page-1 ez-toc-heading-level-2'><a class=\"ez-toc-link ez-toc-heading-3\" href=\"https:\/\/bebouillecreche.fr\/blog\/refus-place-creche-nevers\/#Comment_rediger_un_recours_gracieux_apres_un_refus_de_place_en_creche_municipale\" >Comment r\u00e9diger un recours gracieux apr\u00e8s un refus de place en cr\u00e8che municipale<\/a><\/li><li class='ez-toc-page-1 ez-toc-heading-level-2'><a class=\"ez-toc-link ez-toc-heading-4\" href=\"https:\/\/bebouillecreche.fr\/blog\/refus-place-creche-nevers\/#Qui_saisir_a_Nevers_selon_que_la_creche_est_municipale_associative_ou_privee\" >Qui saisir \u00e0 Nevers selon que la cr\u00e8che est municipale, associative ou priv\u00e9e<\/a><\/li><li class='ez-toc-page-1 ez-toc-heading-level-2'><a class=\"ez-toc-link ez-toc-heading-5\" href=\"https:\/\/bebouillecreche.fr\/blog\/refus-place-creche-nevers\/#Quand_engager_un_recours_administratif_apres_un_refus_de_place_en_creche\" >Quand engager un recours administratif apr\u00e8s un refus de place en cr\u00e8che<\/a><\/li><\/ul><\/nav><\/div>\n<h2 class=\"wp-block-heading\"><span class=\"ez-toc-section\" id=\"Comment_obtenir_un_motif_ecrit_apres_un_refus_de_place_en_creche_a_Nevers\"><\/span>Comment obtenir un motif \u00e9crit apr\u00e8s un refus de place en cr\u00e8che \u00e0 Nevers<span class=\"ez-toc-section-end\"><\/span><\/h2>\n\n<p class=\"wp-block-paragraph\">Un refus oral ne suffit pas pour comprendre la situation ni pour engager une d\u00e9marche solide. Apr\u00e8s une commission d\u2019attribution, un appel de la direction ou un \u00e9change avec les services petite enfance, demandez une r\u00e9ponse \u00e9crite qui indique la date de la d\u00e9cision, le nom de son auteur et le motif retenu. Un courriel est recevable pour commencer, \u00e0 condition d\u2019en conserver une copie compl\u00e8te.<\/p>\n\n<p class=\"wp-block-paragraph\">La formule \u00ab votre demande n\u2019a pas \u00e9t\u00e9 retenue \u00bb ne permet pas de savoir s\u2019il s\u2019agit d\u2019une capacit\u00e9 atteinte, d\u2019un classement sur une <strong>liste d&rsquo;attente cr\u00e8che<\/strong>, d\u2019un dossier incomplet ou d\u2019un autre motif. Il faut demander les crit\u00e8res effectivement appliqu\u00e9s \u00e0 votre dossier. Pour une cr\u00e8che municipale, ces crit\u00e8res peuvent figurer dans le r\u00e8glement de fonctionnement, dans une d\u00e9lib\u00e9ration ou dans les documents remis par la commune.<\/p>\n\n<p class=\"wp-block-paragraph\">La <a href=\"https:\/\/www.nevers.fr\" target=\"_blank\" rel=\"noopener\">Ville de Nevers<\/a> est l\u2019interlocuteur \u00e0 identifier lorsque la demande porte sur un accueil g\u00e9r\u00e9 par la collectivit\u00e9 ou sur un dispositif municipal. Le Relais Petite Enfance peut aussi expliquer les circuits locaux et les interlocuteurs comp\u00e9tents, mais il ne remplace pas l\u2019autorit\u00e9 qui a pris la d\u00e9cision. Le bon destinataire d\u00e9pend toujours du gestionnaire r\u00e9el de la cr\u00e8che Nevers concern\u00e9e.<\/p>\n\n<h3 class=\"wp-block-heading\">Quels documents demander \u00e0 la mairie ou au gestionnaire<\/h3>\n\n<p class=\"wp-block-paragraph\">La demande doit \u00eatre courte, pr\u00e9cise et dat\u00e9e. Elle ne consiste pas \u00e0 r\u00e9clamer une place sans explication. Elle vise \u00e0 faire appara\u00eetre les \u00e9l\u00e9ments qui permettront de distinguer une d\u00e9cision fond\u00e9e sur la capacit\u00e9 disponible d\u2019une d\u00e9cision insuffisamment motiv\u00e9e.<\/p>\n\n<ol class=\"wp-block-list\"><li>Demandez la copie ou la confirmation \u00e9crite de la d\u00e9cision de refus.<\/li><li>Demandez la date \u00e0 laquelle le dossier a \u00e9t\u00e9 examin\u00e9 et l\u2019instance qui l\u2019a \u00e9tudi\u00e9.<\/li><li>Demandez les crit\u00e8res d\u2019attribution applicables \u00e0 la campagne concern\u00e9e.<\/li><li>Demandez la position du dossier sur la liste d\u2019attente, si une liste est tenue.<\/li><li>Demandez si des d\u00e9sistements ou une nouvelle commission sont pr\u00e9vus, sans exiger une date non publi\u00e9e.<\/li><\/ol>\n\n<p class=\"wp-block-paragraph\">La demande d\u2019acc\u00e8s \u00e0 certains documents administratifs peut relever du <a href=\"https:\/\/www.legifrance.gouv.fr\/codes\/id\/LEGITEXT000031366350\/\" target=\"_blank\" rel=\"noopener\">Code des relations entre le public et l\u2019administration sur L\u00e9gifrance<\/a>, dans sa version consult\u00e9e le <strong>1er ao\u00fbt 2026<\/strong>. Si une commune d\u00e9tient un document administratif communicable, elle doit r\u00e9pondre selon les r\u00e8gles applicables. Le document obtenu ne cr\u00e9e pas une place, mais il peut montrer comment la d\u00e9cision a \u00e9t\u00e9 prise.<\/p>\n\n<p class=\"wp-block-paragraph\">Conservez les preuves d\u00e8s le premier \u00e9change. Classez l\u2019accus\u00e9 de r\u00e9ception du dossier, les messages, la copie du r\u00e8glement, les dates d\u2019appel, l\u2019identit\u00e9 de l\u2019interlocuteur et toute r\u00e9ponse sur l\u2019ordre de passage. Une chronologie sur une page vaut mieux que des captures dispers\u00e9es dans plusieurs t\u00e9l\u00e9phones.<\/p>\n\n<p class=\"wp-block-paragraph\">Un refus motiv\u00e9 par une absence de capacit\u00e9 peut \u00eatre r\u00e9el. Il doit alors rester compatible avec le nombre de places autoris\u00e9es, les admissions d\u00e9j\u00e0 prononc\u00e9es et les crit\u00e8res annonc\u00e9s. La demande de pr\u00e9cision transforme une r\u00e9ponse g\u00e9n\u00e9rale en dossier v\u00e9rifiable.<\/p>\n\n<h2 class=\"wp-block-heading\"><span class=\"ez-toc-section\" id=\"Quels_refus_de_place_en_creche_peuvent_justifier_un_reexamen_du_dossier\"><\/span>Quels refus de place en cr\u00e8che peuvent justifier un r\u00e9examen du dossier<span class=\"ez-toc-section-end\"><\/span><\/h2>\n\n<p class=\"wp-block-paragraph\">Le droit accueil enfant ne correspond pas \u00e0 un droit automatique \u00e0 une place d\u00e9termin\u00e9e dans une cr\u00e8che municipale. Une commune ne peut pas cr\u00e9er une capacit\u00e9 suppl\u00e9mentaire par simple d\u00e9cision individuelle lorsque l\u2019\u00e9tablissement est complet. En revanche, le refus doit reposer sur des \u00e9l\u00e9ments objectifs et coh\u00e9rents avec les r\u00e8gles de la structure.<\/p>\n\n<p class=\"wp-block-paragraph\">Une capacit\u00e9 l\u00e9galement atteinte, une fermeture temporaire, une tranche d\u2019\u00e2ge non disponible ou un dossier d\u00e9pos\u00e9 apr\u00e8s une \u00e9ch\u00e9ance clairement publi\u00e9e peuvent expliquer une d\u00e9cision. Il faut v\u00e9rifier que le motif donn\u00e9 correspond bien \u00e0 la situation. Un changement de motif entre deux courriels, une absence de r\u00e9ponse sur les crit\u00e8res ou l\u2019admission de dossiers post\u00e9rieurs selon une r\u00e8gle non annonc\u00e9e justifient une demande de r\u00e9examen.<\/p>\n\n<p class=\"wp-block-paragraph\">Les \u00e9tablissements d\u2019accueil du jeune enfant sont autoris\u00e9s et contr\u00f4l\u00e9s dans un cadre fix\u00e9 par le <a href=\"https:\/\/www.legifrance.gouv.fr\/codes\/id\/LEGISCTA000006171112\/\" target=\"_blank\" rel=\"noopener\">code de la sant\u00e9 publique<\/a>, consult\u00e9 le <strong>1er ao\u00fbt 2026<\/strong>. Les capacit\u00e9s, les conditions de fonctionnement et les obligations de s\u00e9curit\u00e9 ne se d\u00e9duisent pas d\u2019une simple affirmation au t\u00e9l\u00e9phone. Lorsqu\u2019un motif invoque le manque de personnel ou une impossibilit\u00e9 d\u2019organisation, demandez quelle cons\u00e9quence concr\u00e8te cela a sur la capacit\u00e9 d\u2019accueil d\u00e9clar\u00e9e.<\/p>\n\n<h3 class=\"wp-block-heading\">Quand le handicap ou une maladie chronique change la nature du recours<\/h3>\n\n<p class=\"wp-block-paragraph\">Un refus fond\u00e9 explicitement sur le handicap ou sur une maladie chronique appelle une vigilance particuli\u00e8re. L\u2019article L. 214-1-1 du <a href=\"https:\/\/www.legifrance.gouv.fr\/codes\/article_lc\/LEGIARTI000043895537\" target=\"_blank\" rel=\"noopener\">code de l\u2019action sociale et des familles<\/a>, consult\u00e9 le <strong>1er ao\u00fbt 2026<\/strong>, pr\u00e9voit que l\u2019accueil du jeune enfant favorise l\u2019inclusion des familles et des enfants pr\u00e9sentant un handicap ou atteints de maladies chroniques. Cette obligation n\u2019impose pas une admission dans toutes les situations, mais elle interdit de s\u2019arr\u00eater \u00e0 un diagnostic sans examen concret.<\/p>\n\n<p class=\"wp-block-paragraph\">Une direction peut signaler une difficult\u00e9 pr\u00e9cise li\u00e9e \u00e0 un traitement, \u00e0 un am\u00e9nagement mat\u00e9riel ou \u00e0 un acte que le personnel pr\u00e9sent ne peut l\u00e9galement r\u00e9aliser. Elle doit alors expliquer ce qui a \u00e9t\u00e9 \u00e9tudi\u00e9, les personnes consult\u00e9es et pourquoi aucune organisation compatible n\u2019a \u00e9t\u00e9 trouv\u00e9e. Une formule g\u00e9n\u00e9rale excluant tous les enfants concern\u00e9s par une m\u00eame pathologie ne r\u00e9pond pas \u00e0 cette exigence d\u2019analyse individualis\u00e9e.<\/p>\n\n<p class=\"wp-block-paragraph\">La loi du <strong>27 mai 2008<\/strong> interdit les discriminations directes et indirectes dans l\u2019acc\u00e8s aux biens et services. Son article 2 peut \u00eatre consult\u00e9 sur <a href=\"https:\/\/www.legifrance.gouv.fr\/loda\/article_lc\/LEGIARTI000037276712\" target=\"_blank\" rel=\"noopener\">L\u00e9gifrance<\/a>, version en vigueur consult\u00e9e le <strong>1er ao\u00fbt 2026<\/strong>. Le handicap figure parmi les motifs prot\u00e9g\u00e9s. Il faut toutefois documenter les faits avant d\u2019employer le mot discrimination dans un recours.<\/p>\n\n<p class=\"wp-block-paragraph\">Conservez les mots exacts utilis\u00e9s. \u00ab Aucun enfant avec ce handicap n\u2019est admis \u00bb, \u00ab le dossier ne sera pas examin\u00e9 avant une d\u00e9cision de la MDPH \u00bb ou \u00ab le quota est atteint \u00bb ne d\u00e9crivent pas une contrainte pr\u00e9cise. Un compte rendu d\u2019appel dat\u00e9, suivi d\u2019un courriel de confirmation, peut devenir une pi\u00e8ce utile si l\u2019\u00e9change se poursuit.<\/p>\n\n<p class=\"wp-block-paragraph\">La d\u00e9cision de la Cour de cassation du <strong>8 septembre 2020<\/strong>, n\u00b0 <strong>19-84.526<\/strong>, accessible sur <a href=\"https:\/\/www.legifrance.gouv.fr\/juri\/id\/JURITEXT000042321074\/\" target=\"_blank\" rel=\"noopener\">L\u00e9gifrance<\/a>, montre qu\u2019une interruption d\u2019accueil peut \u00eatre jug\u00e9e justifi\u00e9e lorsqu\u2019une difficult\u00e9 m\u00e9dicale concr\u00e8te, un protocole et des \u00e9changes avec les autorit\u00e9s comp\u00e9tentes sont \u00e9tablis. Elle ne valide pas un refus g\u00e9n\u00e9ral reposant sur le seul handicap.<\/p>\n\n<figure class=\"is-provider-youtube is-type-video wp-block-embed wp-block-embed-youtube wp-embed-aspect-16-9 wp-has-aspect-ratio\"><div class=\"wp-block-embed__wrapper\">\n<iframe loading=\"lazy\" title=\"P\u00e9nurie de personnel dans les cr\u00e8ches : &quot;l&amp;apos;humain ne se b\u00e2cle pas&quot;\" width=\"500\" height=\"281\" src=\"https:\/\/www.youtube.com\/embed\/DQHPL_efuj0?feature=oembed\" frameborder=\"0\" allow=\"accelerometer; autoplay; clipboard-write; encrypted-media; gyroscope; picture-in-picture; web-share\" referrerpolicy=\"strict-origin-when-cross-origin\" allowfullscreen><\/iframe>\n<\/div><\/figure>\n\n<h2 class=\"wp-block-heading\"><span class=\"ez-toc-section\" id=\"Comment_rediger_un_recours_gracieux_apres_un_refus_de_place_en_creche_municipale\"><\/span>Comment r\u00e9diger un recours gracieux apr\u00e8s un refus de place en cr\u00e8che municipale<span class=\"ez-toc-section-end\"><\/span><\/h2>\n\n<p class=\"wp-block-paragraph\">Le recours gracieux est une demande de r\u00e9examen adress\u00e9e \u00e0 l\u2019auteur de la d\u00e9cision contest\u00e9e. Pour une cr\u00e8che municipale, ce peut \u00eatre le maire, le service comp\u00e9tent, le pr\u00e9sident d\u2019un \u00e9tablissement public ou l\u2019autorit\u00e9 d\u00e9sign\u00e9e dans le courrier de refus. Il faut v\u00e9rifier la signature et l\u2019en-t\u00eate avant l\u2019envoi, car adresser le courrier au mauvais service ralentit la r\u00e9ponse.<\/p>\n\n<p class=\"wp-block-paragraph\">Envoyez le recours par courriel avec accus\u00e9 de r\u00e9ception lorsque la situation doit \u00eatre trait\u00e9e rapidement. Si le refus est confirm\u00e9, si une date de reprise d\u2019emploi approche ou si l\u2019accueil d\u00e9j\u00e0 engag\u00e9 doit cesser, envoyez \u00e9galement une lettre recommand\u00e9e avec accus\u00e9 de r\u00e9ception. Gardez le justificatif de d\u00e9p\u00f4t et une copie strictement identique au courrier exp\u00e9di\u00e9.<\/p>\n\n<h3 class=\"wp-block-heading\">Quels \u00e9l\u00e9ments doivent appara\u00eetre dans le courrier de r\u00e9examen<\/h3>\n\n<p class=\"wp-block-paragraph\">Le recours doit rappeler les faits sans accusation vague. Indiquez la date de d\u00e9p\u00f4t du dossier, la date du refus, l\u2019\u00e9tablissement demand\u00e9, les documents d\u00e9j\u00e0 transmis et le motif communiqu\u00e9. Si le motif n\u2019a pas \u00e9t\u00e9 \u00e9crit, dites simplement qu\u2019une confirmation a \u00e9t\u00e9 sollicit\u00e9e \u00e0 telle date.<\/p>\n\n<p class=\"wp-block-paragraph\">Demandez ensuite une mesure identifiable. Il peut s\u2019agir d\u2019un r\u00e9examen par la prochaine commission, de la communication des crit\u00e8res d\u2019attribution, de la confirmation de la position sur la liste d\u2019attente ou d\u2019un rendez-vous avec le service concern\u00e9. Pour une situation li\u00e9e au handicap ou \u00e0 une maladie chronique, demandez une \u00e9valuation individualis\u00e9e avec les interlocuteurs comp\u00e9tents, sans transmettre un dossier m\u00e9dical complet \u00e0 une adresse g\u00e9n\u00e9rale.<\/p>\n\n<figure class=\"wp-block-table\"><table>\n<thead>\n<tr>\n<th>Situation constat\u00e9e<\/th>\n<th>Destinataire principal<\/th>\n<th>Demande \u00e0 formuler<\/th>\n<th>Pi\u00e8ces \u00e0 joindre<\/th>\n<\/tr>\n<\/thead>\n<tbody>\n<tr>\n<td>Refus apr\u00e8s commission municipale<\/td>\n<td>Mairie ou service ayant sign\u00e9 la d\u00e9cision<\/td>\n<td>R\u00e9examen et crit\u00e8res appliqu\u00e9s<\/td>\n<td>Refus, dossier d\u00e9pos\u00e9, r\u00e8glement<\/td>\n<\/tr>\n<tr>\n<td>Position inconnue sur la liste d\u2019attente<\/td>\n<td>Gestionnaire ou services petite enfance<\/td>\n<td>Rang, date d\u2019examen, r\u00e8gle de rappel<\/td>\n<td>Accus\u00e9 de r\u00e9ception de l\u2019inscription<\/td>\n<\/tr>\n<tr>\n<td>Motif li\u00e9 \u00e0 la sant\u00e9 ou au handicap<\/td>\n<td>Direction et gestionnaire<\/td>\n<td>\u00c9valuation individualis\u00e9e et motif pr\u00e9cis<\/td>\n<td>Consignes utiles et \u00e9changes dat\u00e9s<\/td>\n<\/tr>\n<tr>\n<td>Accueil interrompu<\/td>\n<td>Gestionnaire de la cr\u00e8che<\/td>\n<td>Date d\u2019effet, justification et solution transitoire<\/td>\n<td>Contrat, courriels, compte rendu de r\u00e9union<\/td>\n<\/tr>\n<\/tbody>\n<\/table><\/figure>\n\n<p class=\"wp-block-paragraph\">Ce tableau distingue les demandes utiles selon la situation. Les cases ne remplacent pas le r\u00e8glement propre \u00e0 chaque \u00e9tablissement. Elles \u00e9vitent surtout d\u2019envoyer une lettre qui m\u00e9lange capacit\u00e9, tarif, sant\u00e9, priorit\u00e9 et urgence sans demander de r\u00e9ponse concr\u00e8te.<\/p>\n\n<p class=\"wp-block-paragraph\">Le recours gracieux ne doit pas se limiter \u00e0 une demande d\u2019aide familles Nevers formul\u00e9e de mani\u00e8re g\u00e9n\u00e9rale. Expliquez les cons\u00e9quences objectives du refus, telles qu\u2019une reprise de travail \u00e0 une date donn\u00e9e, une fin de cong\u00e9 ou une absence document\u00e9e de solution disponible aux horaires n\u00e9cessaires. Joignez une attestation employeur seulement si elle \u00e9claire directement l\u2019urgence.<\/p>\n\n<p class=\"wp-block-paragraph\">Un courrier clair peut demander une r\u00e9ponse sous <strong>huit jours<\/strong> lorsque la date de reprise est proche. Ce d\u00e9lai demand\u00e9 n\u2019est pas un d\u00e9lai l\u00e9gal qui s\u2019impose automatiquement \u00e0 la commune. Il \u00e9tablit n\u00e9anmoins une \u00e9ch\u00e9ance lisible et permet de constater l\u2019absence de r\u00e9ponse.<\/p>\n\n<p class=\"wp-block-paragraph\">La m\u00e9diation cr\u00e8che peut \u00eatre utile si la commune ou le gestionnaire dispose d\u2019un m\u00e9diateur identifi\u00e9. Elle ne remplace pas un recours lorsque les d\u00e9lais contentieux commencent \u00e0 courir. Une m\u00e9diation doit donc \u00eatre men\u00e9e parall\u00e8lement \u00e0 la conservation des preuves, jamais \u00e0 la place du dossier.<\/p>\n\n<h2 class=\"wp-block-heading\"><span class=\"ez-toc-section\" id=\"Qui_saisir_a_Nevers_selon_que_la_creche_est_municipale_associative_ou_privee\"><\/span>Qui saisir \u00e0 Nevers selon que la cr\u00e8che est municipale, associative ou priv\u00e9e<span class=\"ez-toc-section-end\"><\/span><\/h2>\n\n<p class=\"wp-block-paragraph\">La nature du gestionnaire d\u00e9termine l\u2019interlocuteur et parfois le juge comp\u00e9tent. Avant d\u2019\u00e9crire, v\u00e9rifiez le nom de l\u2019organisme figurant sur le contrat, le r\u00e8glement de fonctionnement, le courrier de refus ou la facture. Une cr\u00e8che implant\u00e9e dans une commune peut \u00eatre g\u00e9r\u00e9e directement par la mairie, par une association ou par une soci\u00e9t\u00e9 priv\u00e9e.<\/p>\n\n<p class=\"wp-block-paragraph\">Pour une d\u00e9cision municipale, adressez d\u2019abord le recours \u00e0 la mairie et au service qui a instruit l\u2019inscription cr\u00e8che. Demandez aussi au Relais Petite Enfance de vous indiquer l\u2019interlocuteur local comp\u00e9tent pour les solutions disponibles. La page de la <a href=\"https:\/\/www.nevers.fr\" target=\"_blank\" rel=\"noopener\">Ville de Nevers<\/a> doit \u00eatre v\u00e9rifi\u00e9e au moment de l\u2019envoi, car les coordonn\u00e9es de services et les circuits peuvent changer.<\/p>\n\n<p class=\"wp-block-paragraph\">La Protection maternelle et infantile du <a href=\"https:\/\/nievre.fr\" target=\"_blank\" rel=\"noopener\">Conseil d\u00e9partemental de la Ni\u00e8vre<\/a> n\u2019attribue pas une place \u00e0 la place d\u2019une commune ou d\u2019un gestionnaire. Elle peut \u00eatre saisie lorsqu\u2019un probl\u00e8me porte sur les conditions de fonctionnement, la s\u00e9curit\u00e9 invoqu\u00e9e par l\u2019\u00e9tablissement ou l\u2019application de ses obligations. L\u2019article L. 2324-2 du code de la sant\u00e9 publique, consult\u00e9 le <strong>1er ao\u00fbt 2026<\/strong> sur <a href=\"https:\/\/www.legifrance.gouv.fr\/codes\/article_lc\/LEGIARTI000042710029\" target=\"_blank\" rel=\"noopener\">L\u00e9gifrance<\/a>, pr\u00e9voit le contr\u00f4le d\u00e9partemental des \u00e9tablissements d\u2019accueil.<\/p>\n\n<h3 class=\"wp-block-heading\">Quel r\u00f4le pour le D\u00e9fenseur des droits et la CAF<\/h3>\n\n<p class=\"wp-block-paragraph\">Le <a href=\"https:\/\/www.defenseurdesdroits.fr\" target=\"_blank\" rel=\"noopener\">D\u00e9fenseur des droits<\/a> peut \u00eatre saisi lorsqu\u2019une discrimination est pr\u00e9sum\u00e9e, notamment en raison du handicap ou de l\u2019\u00e9tat de sant\u00e9. La saisine doit contenir une chronologie, les r\u00e9ponses \u00e9crites, les documents de la structure et les cons\u00e9quences concr\u00e8tes du refus. Elle ne suspend pas automatiquement les d\u00e9lais pour agir devant une juridiction.<\/p>\n\n<p class=\"wp-block-paragraph\">La CAF peut \u00eatre interrog\u00e9e sur les aides et sur le financement applicable \u00e0 une place en accueil collectif ou en micro-cr\u00e8che. Elle ne tranche pas, \u00e0 elle seule, la l\u00e9galit\u00e9 d\u2019un refus. Les r\u00e8gles nationales concernant les prestations et le compl\u00e9ment de libre choix du mode de garde sont publi\u00e9es par la <a href=\"https:\/\/www.caf.fr\" target=\"_blank\" rel=\"noopener\">Caisse nationale des allocations familiales<\/a>, informations consult\u00e9es le <strong>1er ao\u00fbt 2026<\/strong>.<\/p>\n\n<p class=\"wp-block-paragraph\">Pour une cr\u00e8che priv\u00e9e, \u00e9crivez au gestionnaire identifi\u00e9 dans le contrat. Demandez la proc\u00e9dure de r\u00e9clamation, le nom du responsable d\u00e9cisionnaire et les \u00e9ventuelles modalit\u00e9s de m\u00e9diation pr\u00e9vues. Le caract\u00e8re priv\u00e9 de l\u2019\u00e9tablissement ne permet pas d\u2019\u00e9carter les r\u00e8gles interdisant une discrimination dans l\u2019acc\u00e8s \u00e0 un service.<\/p>\n\n<p class=\"wp-block-paragraph\">Les alternatives accueil enfant doivent \u00eatre recherch\u00e9es en parall\u00e8le du recours. Cela ne signifie pas accepter le refus comme d\u00e9finitif. Cela \u00e9vite qu\u2019un dossier contentieux ou une m\u00e9diation laisse une famille sans solution durant plusieurs semaines. Le Relais Petite Enfance, les services petite enfance et l\u2019annuaire officiel <a href=\"https:\/\/monenfant.fr\" target=\"_blank\" rel=\"noopener\">monenfant.fr<\/a>, consult\u00e9 le <strong>1er ao\u00fbt 2026<\/strong>, permettent d\u2019identifier les modes d\u2019accueil d\u00e9clar\u00e9s sur le bassin.<\/p>\n\n<p class=\"wp-block-paragraph\">Le statut d\u2019une structure doit \u00eatre v\u00e9rifi\u00e9 avant toute d\u00e9marche. Une fiche ancienne, une page d\u2019annuaire non mise \u00e0 jour ou un num\u00e9ro qui ne r\u00e9pond plus ne prouvent pas qu\u2019un \u00e9tablissement est ouvert. Le registre national des entreprises et le gestionnaire figurant dans les documents contractuels sont les deux points \u00e0 contr\u00f4ler avant de demander une admission ou d\u2019adresser une r\u00e9clamation.<\/p>\n\n<figure class=\"is-provider-youtube is-type-video wp-block-embed wp-block-embed-youtube wp-embed-aspect-16-9 wp-has-aspect-ratio\"><div class=\"wp-block-embed__wrapper\">\n<iframe loading=\"lazy\" title=\"Cr\u00e8ches : doit-on recruter du personnel sans dipl\u00f4mes ?\" width=\"500\" height=\"281\" src=\"https:\/\/www.youtube.com\/embed\/FP1kqLSjyw8?feature=oembed\" frameborder=\"0\" allow=\"accelerometer; autoplay; clipboard-write; encrypted-media; gyroscope; picture-in-picture; web-share\" referrerpolicy=\"strict-origin-when-cross-origin\" allowfullscreen><\/iframe>\n<\/div><\/figure>\n\n<h2 class=\"wp-block-heading\"><span class=\"ez-toc-section\" id=\"Quand_engager_un_recours_administratif_apres_un_refus_de_place_en_creche\"><\/span>Quand engager un recours administratif apr\u00e8s un refus de place en cr\u00e8che<span class=\"ez-toc-section-end\"><\/span><\/h2>\n\n<p class=\"wp-block-paragraph\">Le recours administratif contentieux concerne en principe une d\u00e9cision prise par une commune, un \u00e9tablissement public ou une autorit\u00e9 exer\u00e7ant une mission administrative. La premi\u00e8re question n\u2019est pas \u00ab quel tribunal saisir ? \u00bb, mais \u00ab qui a pris la d\u00e9cision ? \u00bb. Une lettre sign\u00e9e par la mairie, une d\u00e9cision de commission ou un courriel officiel du service petite enfance n\u2019ont pas la m\u00eame port\u00e9e qu\u2019un \u00e9change avec une structure associative.<\/p>\n\n<p class=\"wp-block-paragraph\">Un recours devant le tribunal administratif peut demander l\u2019annulation d\u2019un refus et le r\u00e9examen du dossier. Il ne permet pas m\u00e9caniquement d\u2019obtenir la cr\u00e9ation d\u2019une place lorsque la capacit\u00e9 est atteinte. Le juge peut v\u00e9rifier la l\u00e9galit\u00e9 de la d\u00e9cision, le respect des crit\u00e8res annonc\u00e9s et l\u2019absence de diff\u00e9rence de traitement ill\u00e9gale.<\/p>\n\n<h3 class=\"wp-block-heading\">Dans quels cas un r\u00e9f\u00e9r\u00e9 peut-il \u00eatre envisag\u00e9<\/h3>\n\n<p class=\"wp-block-paragraph\">Le r\u00e9f\u00e9r\u00e9-suspension est pr\u00e9vu par l\u2019article L. 521-1 du <a href=\"https:\/\/www.legifrance.gouv.fr\/codes\/article_lc\/LEGIARTI000006418232\" target=\"_blank\" rel=\"noopener\">code de justice administrative<\/a>, consult\u00e9 le <strong>1er ao\u00fbt 2026<\/strong>. Il suppose une urgence et un argument susceptible de faire na\u00eetre un doute s\u00e9rieux sur la l\u00e9galit\u00e9 de la d\u00e9cision. La reprise du travail, une interruption imm\u00e9diate de l\u2019accueil ou une d\u00e9cision prise sans examen individuel peuvent \u00e9tayer l\u2019urgence, \u00e0 condition d\u2019\u00eatre prouv\u00e9es.<\/p>\n\n<p class=\"wp-block-paragraph\">Le r\u00e9f\u00e9r\u00e9-libert\u00e9, pr\u00e9vu par l\u2019article L. 521-2 du m\u00eame code, r\u00e9pond \u00e0 un niveau d\u2019urgence plus \u00e9lev\u00e9. Il exige une atteinte grave et manifestement ill\u00e9gale \u00e0 une libert\u00e9 fondamentale. La proc\u00e9dure peut \u00eatre examin\u00e9e tr\u00e8s rapidement, mais elle ne doit pas \u00eatre utilis\u00e9e comme un recours automatique contre tout refus de place cr\u00e8che.<\/p>\n\n<p class=\"wp-block-paragraph\">Pour une structure priv\u00e9e, la voie rel\u00e8ve en principe du tribunal judiciaire. Le contrat, les conditions g\u00e9n\u00e9rales, les \u00e9changes pr\u00e9contractuels et les motifs de rupture deviennent alors centraux. L\u2019article 1240 du <a href=\"https:\/\/www.legifrance.gouv.fr\/codes\/article_lc\/LEGIARTI000032041571\" target=\"_blank\" rel=\"noopener\">code civil<\/a>, consult\u00e9 le <strong>1er ao\u00fbt 2026<\/strong>, pose le principe de r\u00e9paration d\u2019un dommage caus\u00e9 par une faute. Il faut d\u00e9montrer la faute, le pr\u00e9judice et le lien entre les deux.<\/p>\n\n<p class=\"wp-block-paragraph\">Pr\u00e9parez les pi\u00e8ces dans l\u2019ordre o\u00f9 elles seront lues. Commencez par le refus ou le courriel le plus explicite, puis ajoutez la preuve du d\u00e9p\u00f4t du dossier, les crit\u00e8res annonc\u00e9s, le recours gracieux, les r\u00e9ponses re\u00e7ues et les documents \u00e9tablissant l\u2019urgence. Une attestation employeur, une facture de garde de remplacement ou un courrier sur une date de reprise peuvent \u00eatre utiles lorsqu\u2019ils sont directement li\u00e9s \u00e0 la situation.<\/p>\n\n<p class=\"wp-block-paragraph\">Le d\u00e9cret n\u00b0 <strong>2026-731 du 1er ao\u00fbt 2026<\/strong>, publi\u00e9 sur <a href=\"https:\/\/www.legifrance.gouv.fr\" target=\"_blank\" rel=\"noopener\">L\u00e9gifrance<\/a>, modifie plusieurs r\u00e8gles applicables aux \u00e9tablissements d\u2019accueil du jeune enfant, avec certaines dispositions annonc\u00e9es pour le <strong>1er janvier 2027<\/strong>. Une d\u00e9cision prise avant cette entr\u00e9e en vigueur ne peut pas \u00eatre justifi\u00e9e par l\u2019application anticip\u00e9e d\u2019une r\u00e8gle future sans base pr\u00e9cise.<\/p>\n\n<p class=\"wp-block-paragraph\">Avant de saisir un juge, demandez la mesure la plus utile. Un r\u00e9examen document\u00e9, une r\u00e9ponse motiv\u00e9e, l\u2019acc\u00e8s au r\u00e8glement ou la r\u00e9union avec le gestionnaire peuvent d\u00e9bloquer un dossier plus vite qu\u2019une requ\u00eate mal orient\u00e9e. Si une proc\u00e9dure devient n\u00e9cessaire, la chronologie \u00e9crite d\u00e9terminera la capacit\u00e9 du juge \u00e0 distinguer une contrainte r\u00e9elle d\u2019un refus irr\u00e9gulier.<\/p>\n\n<script type=\"application\/ld+json\">\n{\"@context\":\"https:\/\/schema.org\",\"@type\":\"FAQPage\",\"mainEntity\":[{\"@type\":\"Question\",\"name\":\"Une mairie doit-elle obligatoirement attribuer une place en cru00e8che ?\",\"acceptedAnswer\":{\"@type\":\"Answer\",\"text\":\"Non. Une commune nu2019a pas u00e0 garantir une place u00e0 chaque demandeur. Elle doit toutefois appliquer ses critu00e8res de maniu00e8re cohu00e9rente et pouvoir expliquer la du00e9cision prise lorsquu2019un parent demande des pru00e9cisions.\"}},{\"@type\":\"Question\",\"name\":\"u00c0 qui envoyer un recours gracieux apru00e8s un refus municipal ?\",\"acceptedAnswer\":{\"@type\":\"Answer\",\"text\":\"Le recours su2019adresse u00e0 lu2019auteur indiquu00e9 sur la du00e9cision ou, u00e0 du00e9faut, au maire et au service petite enfance qui a instruit le dossier. La signature du courrier de refus permet du2019identifier le bon destinataire.\"}},{\"@type\":\"Question\",\"name\":\"La PMI peut-elle imposer lu2019admission du2019un enfant ?\",\"acceptedAnswer\":{\"@type\":\"Answer\",\"text\":\"Non. La PMI contru00f4le les conditions de fonctionnement des u00e9tablissements relevant de son champ, mais elle ne remplace pas le gestionnaire ou la commission du2019attribution pour du00e9cider du2019une admission individuelle.\"}},{\"@type\":\"Question\",\"name\":\"Un refus liu00e9 au handicap peut-il u00eatre contestu00e9 ?\",\"acceptedAnswer\":{\"@type\":\"Answer\",\"text\":\"Oui, lorsquu2019il semble reposer sur le handicap lui-mu00eame plutu00f4t que sur une difficultu00e9 concru00e8te, examinu00e9e et expliquu00e9e. Il faut demander un motif u00e9crit, conserver les u00e9changes et envisager une saisine du Du00e9fenseur des droits si les u00e9lu00e9ments le justifient.\"}}]}\n<\/script>\n<h3>Une mairie doit-elle obligatoirement attribuer une place en cr\u00e8che ?<\/h3>\n<p>Non. Une commune n\u2019a pas \u00e0 garantir une place \u00e0 chaque demandeur. Elle doit toutefois appliquer ses crit\u00e8res de mani\u00e8re coh\u00e9rente et pouvoir expliquer la d\u00e9cision prise lorsqu\u2019un parent demande des pr\u00e9cisions.<\/p>\n<h3>\u00c0 qui envoyer un recours gracieux apr\u00e8s un refus municipal ?<\/h3>\n<p>Le recours s\u2019adresse \u00e0 l\u2019auteur indiqu\u00e9 sur la d\u00e9cision ou, \u00e0 d\u00e9faut, au maire et au service petite enfance qui a instruit le dossier. La signature du courrier de refus permet d\u2019identifier le bon destinataire.<\/p>\n<h3>La PMI peut-elle imposer l\u2019admission d\u2019un enfant ?<\/h3>\n<p>Non. La PMI contr\u00f4le les conditions de fonctionnement des \u00e9tablissements relevant de son champ, mais elle ne remplace pas le gestionnaire ou la commission d\u2019attribution pour d\u00e9cider d\u2019une admission individuelle.<\/p>\n<h3>Un refus li\u00e9 au handicap peut-il \u00eatre contest\u00e9 ?<\/h3>\n<p>Oui, lorsqu\u2019il semble reposer sur le handicap lui-m\u00eame plut\u00f4t que sur une difficult\u00e9 concr\u00e8te, examin\u00e9e et expliqu\u00e9e. Il faut demander un motif \u00e9crit, conserver les \u00e9changes et envisager une saisine du D\u00e9fenseur des droits si les \u00e9l\u00e9ments le justifient.<\/p>\n\n","protected":false},"excerpt":{"rendered":"<p>Un refus de place cr\u00e8che \u00e0 Nevers ne donne pas automatiquement droit \u00e0 une admission, mais il peut \u00eatre contest\u00e9 lorsque le motif est impr\u00e9cis, incoh\u00e9rent avec les crit\u00e8res annonc\u00e9s ou li\u00e9 \u00e0 une discrimination. La premi\u00e8re d\u00e9marche utile consiste \u00e0 obtenir une d\u00e9cision \u00e9crite, dat\u00e9e et attribu\u00e9e \u00e0 son v\u00e9ritable auteur. En bref Cette [&hellip;]<\/p>\n","protected":false},"author":1,"featured_media":0,"comment_status":"open","ping_status":"closed","sticky":false,"template":"","format":"standard","meta":{"footnotes":""},"categories":[16],"tags":[],"class_list":["post-93","post","type-post","status-publish","format-standard","hentry","category-places-et-inscriptions"],"_links":{"self":[{"href":"https:\/\/bebouillecreche.fr\/blog\/wp-json\/wp\/v2\/posts\/93","targetHints":{"allow":["GET"]}}],"collection":[{"href":"https:\/\/bebouillecreche.fr\/blog\/wp-json\/wp\/v2\/posts"}],"about":[{"href":"https:\/\/bebouillecreche.fr\/blog\/wp-json\/wp\/v2\/types\/post"}],"author":[{"embeddable":true,"href":"https:\/\/bebouillecreche.fr\/blog\/wp-json\/wp\/v2\/users\/1"}],"replies":[{"embeddable":true,"href":"https:\/\/bebouillecreche.fr\/blog\/wp-json\/wp\/v2\/comments?post=93"}],"version-history":[{"count":0,"href":"https:\/\/bebouillecreche.fr\/blog\/wp-json\/wp\/v2\/posts\/93\/revisions"}],"wp:attachment":[{"href":"https:\/\/bebouillecreche.fr\/blog\/wp-json\/wp\/v2\/media?parent=93"}],"wp:term":[{"taxonomy":"category","embeddable":true,"href":"https:\/\/bebouillecreche.fr\/blog\/wp-json\/wp\/v2\/categories?post=93"},{"taxonomy":"post_tag","embeddable":true,"href":"https:\/\/bebouillecreche.fr\/blog\/wp-json\/wp\/v2\/tags?post=93"}],"curies":[{"name":"wp","href":"https:\/\/api.w.org\/{rel}","templated":true}]}}