{"id":92,"date":"2026-08-31T11:10:18","date_gmt":"2026-08-31T11:10:18","guid":{"rendered":"https:\/\/bebouillecreche.fr\/blog\/inscription-enfant-creche\/"},"modified":"2026-08-31T11:10:18","modified_gmt":"2026-08-31T11:10:18","slug":"inscription-enfant-creche","status":"publish","type":"post","link":"https:\/\/bebouillecreche.fr\/blog\/inscription-enfant-creche\/","title":{"rendered":"Quand inscrire son enfant en cr\u00e8che : le calendrier r\u00e9el"},"content":{"rendered":"<p class=\"wp-block-paragraph\">\u00c0 Nevers et dans sa premi\u00e8re couronne, la date inscription cr\u00e8che d\u00e9pend de la structure et de la date d\u2019accueil demand\u00e9e. Pour une entr\u00e9e en septembre, le dossier municipal se pr\u00e9pare pendant la grossesse et se d\u00e9pose selon le calendrier publi\u00e9 localement. Les micro-cr\u00e8ches priv\u00e9es peuvent examiner des demandes toute l\u2019ann\u00e9e.<\/p>\n\n<p class=\"wp-block-paragraph\"><strong>En bref<\/strong><\/p>\n\n<ul class=\"wp-block-list\"><li>Une demande pour septembre doit \u00eatre pr\u00e9par\u00e9e avant la commission d\u2019attribution annonc\u00e9e par la commune ou le Relais Petite Enfance.<\/li><li>La pr\u00e9inscription ne r\u00e9serve pas une place en cr\u00e8che ; seule une proposition \u00e9crite de la structure confirme l\u2019accueil.<\/li><li>Les horaires demand\u00e9s, la date de reprise et le nombre de jours modifient la possibilit\u00e9 d\u2019obtenir une place.<\/li><li>Une demande d\u00e9pos\u00e9e pendant la grossesse permet de viser plusieurs circuits sans attendre la naissance.<\/li><li>Les micro-cr\u00e8ches priv\u00e9es n\u2019ont pas toutes le m\u00eame calendrier inscription et leurs forfaits doivent \u00eatre relev\u00e9s avant signature.<\/li><\/ul>\n\n<p class=\"wp-block-paragraph\">Ce contenu concerne <strong>Nevers, Coulanges-l\u00e8s-Nevers, Varennes-Vauzelles, Marzy, Fourchambault, Challuy, Sermoise-sur-Loire, Garchizy et Pougues-les-Eaux<\/strong>. Il traite de l\u2019obtention d\u2019une place et de l\u2019organisation administrative ; il ne traite ni de sant\u00e9, ni de sommeil, ni de d\u00e9veloppement de l\u2019enfant.<\/p>\n\n<div id=\"ez-toc-container\" class=\"ez-toc-v2_0_87 counter-hierarchy ez-toc-counter ez-toc-grey ez-toc-container-direction\">\n<div class=\"ez-toc-title-container\">\n<p class=\"ez-toc-title\" style=\"cursor:inherit\">Sommaire<\/p>\n<span class=\"ez-toc-title-toggle\"><a href=\"#\" class=\"ez-toc-pull-right ez-toc-btn ez-toc-btn-xs ez-toc-btn-default ez-toc-toggle\" aria-label=\"Toggle Table of Content\"><span class=\"ez-toc-js-icon-con\"><span class=\"\"><span class=\"eztoc-hide\" style=\"display:none;\">Toggle<\/span><span class=\"ez-toc-icon-toggle-span\"><svg style=\"fill: #999;color:#999\" xmlns=\"http:\/\/www.w3.org\/2000\/svg\" class=\"list-377408\" width=\"20px\" height=\"20px\" viewBox=\"0 0 24 24\" fill=\"none\"><path d=\"M6 6H4v2h2V6zm14 0H8v2h12V6zM4 11h2v2H4v-2zm16 0H8v2h12v-2zM4 16h2v2H4v-2zm16 0H8v2h12v-2z\" fill=\"currentColor\"><\/path><\/svg><svg style=\"fill: #999;color:#999\" class=\"arrow-unsorted-368013\" xmlns=\"http:\/\/www.w3.org\/2000\/svg\" width=\"10px\" height=\"10px\" viewBox=\"0 0 24 24\" version=\"1.2\" baseProfile=\"tiny\"><path d=\"M18.2 9.3l-6.2-6.3-6.2 6.3c-.2.2-.3.4-.3.7s.1.5.3.7c.2.2.4.3.7.3h11c.3 0 .5-.1.7-.3.2-.2.3-.5.3-.7s-.1-.5-.3-.7zM5.8 14.7l6.2 6.3 6.2-6.3c.2-.2.3-.5.3-.7s-.1-.5-.3-.7c-.2-.2-.4-.3-.7-.3h-11c-.3 0-.5.1-.7.3-.2.2-.3.5-.3.7s.1.5.3.7z\"\/><\/svg><\/span><\/span><\/span><\/a><\/span><\/div>\n<nav><ul class='ez-toc-list ez-toc-list-level-1 eztoc-toggle-hide-by-default' ><li class='ez-toc-page-1 ez-toc-heading-level-2'><a class=\"ez-toc-link ez-toc-heading-1\" href=\"https:\/\/bebouillecreche.fr\/blog\/inscription-enfant-creche\/#A_quel_moment_lancer_une_inscription_creche_pour_une_entree_en_septembre\" >\u00c0 quel moment lancer une inscription cr\u00e8che pour une entr\u00e9e en septembre ?<\/a><\/li><li class='ez-toc-page-1 ez-toc-heading-level-2'><a class=\"ez-toc-link ez-toc-heading-2\" href=\"https:\/\/bebouillecreche.fr\/blog\/inscription-enfant-creche\/#Quel_calendrier_inscription_suivre_pendant_la_grossesse_et_apres_la_naissance\" >Quel calendrier inscription suivre pendant la grossesse et apr\u00e8s la naissance ?<\/a><\/li><li class='ez-toc-page-1 ez-toc-heading-level-2'><a class=\"ez-toc-link ez-toc-heading-3\" href=\"https:\/\/bebouillecreche.fr\/blog\/inscription-enfant-creche\/#Comment_distinguer_une_demande_municipale_dune_demande_en_micro-creche\" >Comment distinguer une demande municipale d\u2019une demande en micro-cr\u00e8che ?<\/a><\/li><li class='ez-toc-page-1 ez-toc-heading-level-2'><a class=\"ez-toc-link ez-toc-heading-4\" href=\"https:\/\/bebouillecreche.fr\/blog\/inscription-enfant-creche\/#Quels_horaires_et_quels_jours_indiquer_des_la_premiere_demande\" >Quels horaires et quels jours indiquer d\u00e8s la premi\u00e8re demande ?<\/a><\/li><li class='ez-toc-page-1 ez-toc-heading-level-2'><a class=\"ez-toc-link ez-toc-heading-5\" href=\"https:\/\/bebouillecreche.fr\/blog\/inscription-enfant-creche\/#Que_faire_si_la_date_inscription_creche_est_deja_passee\" >Que faire si la date inscription cr\u00e8che est d\u00e9j\u00e0 pass\u00e9e ?<\/a><\/li><\/ul><\/nav><\/div>\n<h2 class=\"wp-block-heading\"><span class=\"ez-toc-section\" id=\"A_quel_moment_lancer_une_inscription_creche_pour_une_entree_en_septembre\"><\/span>\u00c0 quel moment lancer une inscription cr\u00e8che pour une entr\u00e9e en septembre ?<span class=\"ez-toc-section-end\"><\/span><\/h2>\n\n<p class=\"wp-block-paragraph\">Pour une entr\u00e9e souhait\u00e9e en septembre, le calendrier r\u00e9el commence bien avant l\u2019\u00e9t\u00e9. La date utile n\u2019est pas celle de la rentr\u00e9e, mais celle de la commission qui examine les dossiers. Cette commission peut se tenir plusieurs mois plus t\u00f4t, selon le circuit municipal retenu sur le bassin de Nevers.<\/p>\n\n<p class=\"wp-block-paragraph\">La premi\u00e8re d\u00e9marche consiste \u00e0 identifier le guichet qui re\u00e7oit la demande. La <a href=\"https:\/\/www.nevers.fr\" target=\"_blank\" rel=\"noopener\">Ville de Nevers<\/a> publie les coordonn\u00e9es de ses services et du Relais Petite Enfance. Le calendrier affich\u00e9 doit \u00eatre lu pour l\u2019ann\u00e9e concern\u00e9e, car une date utilis\u00e9e l\u2019ann\u00e9e pr\u00e9c\u00e9dente ne garantit rien pour la campagne suivante.<\/p>\n\n<p class=\"wp-block-paragraph\">Le point de d\u00e9part raisonnable intervient d\u00e8s que trois informations sont connues : la date pr\u00e9sum\u00e9e de naissance ou la date de disponibilit\u00e9 de l\u2019enfant, la date de reprise professionnelle et les horaires r\u00e9els \u00e0 couvrir. Sans ces \u00e9l\u00e9ments, le dossier reste vague. Avec eux, la demande peut porter sur une entr\u00e9e pr\u00e9cise, par exemple le lundi suivant une reprise, plut\u00f4t que sur une formule impr\u00e9cise du type \u00ab d\u00e8s que possible \u00bb.<\/p>\n\n<p class=\"wp-block-paragraph\">Une grossesse permet donc d\u2019ouvrir le dossier, m\u00eame lorsque certains justificatifs ne peuvent \u00eatre fournis qu\u2019apr\u00e8s la naissance. L\u2019attestation de grossesse, lorsqu\u2019elle est demand\u00e9e, sert \u00e0 d\u00e9clarer une demande pour un enfant \u00e0 na\u00eetre. L\u2019acte de naissance compl\u00e8te ensuite le dossier dans le d\u00e9lai fix\u00e9 par le service qui l\u2019instruit.<\/p>\n\n<h3 class=\"wp-block-heading\">La p\u00e9riode inscription cr\u00e8che ne correspond pas \u00e0 une seule date nationale<\/h3>\n\n<p class=\"wp-block-paragraph\">Il n\u2019existe pas de cr\u00e8che calendrier valable de la m\u00eame mani\u00e8re \u00e0 Nevers, Rennes ou Toulouse. Une cr\u00e8che municipale suit souvent un calendrier communal. Une micro-cr\u00e8che priv\u00e9e peut recevoir des demandes au fil de l\u2019ann\u00e9e. Une place li\u00e9e \u00e0 un employeur d\u00e9pend, elle, d\u2019un accord entre l\u2019entreprise et le gestionnaire.<\/p>\n\n<p class=\"wp-block-paragraph\">La formule \u00ab inscrire son enfant le plus t\u00f4t possible \u00bb reste incompl\u00e8te si elle ne pr\u00e9cise pas le canal. Le plus t\u00f4t possible pour une demande municipale signifie d\u00e9poser un dossier complet avant la date limite de la commission annonc\u00e9e. Le plus t\u00f4t possible pour une micro-cr\u00e8che signifie demander la disponibilit\u00e9 correspondant aux jours et aux horaires recherch\u00e9s, puis obtenir un tarif \u00e9crit.<\/p>\n\n<p class=\"wp-block-paragraph\">Le <a href=\"https:\/\/monenfant.fr\" target=\"_blank\" rel=\"noopener\">service officiel monenfant.fr<\/a>, port\u00e9 par la Caisse nationale des allocations familiales, permet de rep\u00e9rer les modes d\u2019accueil recens\u00e9s autour d\u2019une adresse. Cet annuaire sert \u00e0 commencer le rep\u00e9rage. Il ne remplace ni un \u00e9change avec le gestionnaire ni la v\u00e9rification de l\u2019ouverture r\u00e9elle de chaque \u00e9tablissement.<\/p>\n\n<p class=\"wp-block-paragraph\">Pour septembre, les demandes se concentrent parce que les d\u00e9parts vers l\u2019\u00e9cole lib\u00e8rent une partie des capacit\u00e9s. Cette situation n\u2019autorise pas \u00e0 annoncer un nombre de places avant la commission. Une structure peut conna\u00eetre des d\u00e9parts pr\u00e9vus sans avoir encore valid\u00e9 les admissions, les temps partiels ou les modifications de contrats.<\/p>\n\n<p class=\"wp-block-paragraph\">La d\u00e9marche utile consiste \u00e0 noter la date de d\u00e9p\u00f4t, la date annonc\u00e9e de r\u00e9ponse et le nom du contact. Cette trace \u00e9vite de confondre une information orale avec une d\u00e9cision. Elle permet aussi de relancer au bon moment, apr\u00e8s la commission ou apr\u00e8s la date de retour communiqu\u00e9e.<\/p>\n\n<h2 class=\"wp-block-heading\"><span class=\"ez-toc-section\" id=\"Quel_calendrier_inscription_suivre_pendant_la_grossesse_et_apres_la_naissance\"><\/span>Quel calendrier inscription suivre pendant la grossesse et apr\u00e8s la naissance ?<span class=\"ez-toc-section-end\"><\/span><\/h2>\n\n<p class=\"wp-block-paragraph\">Le calendrier inscription ne se d\u00e9roule pas en une seule op\u00e9ration. Il comprend au moins quatre temps : rep\u00e9rer les lieux, d\u00e9poser la pr\u00e9inscription, compl\u00e9ter le dossier et r\u00e9pondre \u00e0 une \u00e9ventuelle proposition. Chacun a une cons\u00e9quence diff\u00e9rente. Rep\u00e9rer une adresse ne vaut pas demande. D\u00e9poser une demande ne vaut pas admission. Une admission non confirm\u00e9e dans le d\u00e9lai donn\u00e9 peut laisser la place \u00e0 une autre famille.<\/p>\n\n<p class=\"wp-block-paragraph\">Entre le troisi\u00e8me et le cinqui\u00e8me mois de grossesse, la recherche peut \u00eatre suffisamment avanc\u00e9e pour contacter le Relais Petite Enfance, la mairie et les \u00e9tablissements priv\u00e9s situ\u00e9s sur le trajet domicile-travail. Ce rep\u00e8re ne remplace pas une r\u00e8gle locale. Il permet de r\u00e9unir les informations avant que le besoin de garde devienne imm\u00e9diat.<\/p>\n\n<p class=\"wp-block-paragraph\">Le dossier doit surtout refl\u00e9ter une organisation possible. Indiquez une date de d\u00e9but, les jours demand\u00e9s, l\u2019heure d\u2019arriv\u00e9e et l\u2019heure de d\u00e9part. Une demande de quatre jours, de 7 h 30 \u00e0 18 h, ne produit pas le m\u00eame examen qu\u2019une demande de cinq jours, de 8 h 30 \u00e0 17 h 30. Les places en cr\u00e8che correspondent \u00e0 des cr\u00e9neaux contractuels et pas seulement \u00e0 un nombre d\u2019enfants inscrits.<\/p>\n\n<figure class=\"wp-block-table\"><table>\n<thead>\n<tr>\n<th>P\u00e9riode de la d\u00e9marche<\/th>\n<th>Action administrative<\/th>\n<th>Document ou information \u00e0 pr\u00e9parer<\/th>\n<th>R\u00e9sultat attendu<\/th>\n<\/tr>\n<\/thead>\n<tbody>\n<tr>\n<td>Pendant la grossesse<\/td>\n<td>Rep\u00e9rer le guichet municipal et les \u00e9tablissements priv\u00e9s<\/td>\n<td>Date pr\u00e9sum\u00e9e de naissance, adresse, coordonn\u00e9es<\/td>\n<td>Conna\u00eetre le circuit de d\u00e9p\u00f4t<\/td>\n<\/tr>\n<tr>\n<td>Avant la commission annonc\u00e9e<\/td>\n<td>D\u00e9poser la pr\u00e9inscription municipale<\/td>\n<td>Pi\u00e8ces exig\u00e9es par le r\u00e8glement ou le formulaire local<\/td>\n<td>Dossier enregistr\u00e9 pour examen<\/td>\n<\/tr>\n<tr>\n<td>Apr\u00e8s la naissance<\/td>\n<td>Transmettre les pi\u00e8ces compl\u00e9mentaires demand\u00e9es<\/td>\n<td>Acte de naissance et \u00e9l\u00e9ments mis \u00e0 jour<\/td>\n<td>Dossier compl\u00e9t\u00e9 dans le d\u00e9lai fix\u00e9<\/td>\n<\/tr>\n<tr>\n<td>Apr\u00e8s une proposition<\/td>\n<td>Lire le contrat, les horaires et le tarif<\/td>\n<td>R\u00e9ponse \u00e9crite avant l\u2019\u00e9ch\u00e9ance indiqu\u00e9e<\/td>\n<td>Place confirm\u00e9e ou refus\u00e9e<\/td>\n<\/tr>\n<\/tbody>\n<\/table><\/figure>\n\n<p class=\"wp-block-paragraph\">Ce tableau ne donne pas de dates fixes, car les dates communales doivent \u00eatre rattach\u00e9es \u00e0 une publication de l\u2019ann\u00e9e en cours. Il sert \u00e0 distinguer les \u00e9tapes qui sont souvent confondues. Une pr\u00e9inscription peut \u00eatre d\u00e9pos\u00e9e pendant la grossesse alors que l\u2019inscription d\u00e9finitive intervient plus tard, lorsque les documents demand\u00e9s ont \u00e9t\u00e9 fournis.<\/p>\n\n<h3 class=\"wp-block-heading\">Apr\u00e8s la naissance, mettez \u00e0 jour le dossier sans attendre la relance<\/h3>\n\n<p class=\"wp-block-paragraph\">Un changement de date de reprise, une naissance pr\u00e9matur\u00e9e ou une modification des horaires de travail peuvent modifier le besoin d\u00e9clar\u00e9. Le bon document \u00e0 mettre \u00e0 jour est celui qui a \u00e9t\u00e9 d\u00e9pos\u00e9 aupr\u00e8s du guichet comp\u00e9tent. Une information donn\u00e9e seulement \u00e0 l\u2019accueil d\u2019une structure n\u2019est pas toujours r\u00e9percut\u00e9e dans le dossier centralis\u00e9.<\/p>\n\n<p class=\"wp-block-paragraph\">Conservez les accus\u00e9s de r\u00e9ception, les courriels et les copies des formulaires. Cette m\u00e9thode est utile en cas de demande de compl\u00e9ment ou de refus, car elle permet de v\u00e9rifier ce qui a r\u00e9ellement \u00e9t\u00e9 transmis. Elle \u00e9vite aussi de d\u00e9poser deux fois le m\u00eame dossier en croyant avoir chang\u00e9 de circuit.<\/p>\n\n<p class=\"wp-block-paragraph\">L\u2019\u00e2ge enfant cr\u00e8che intervient dans le calendrier, car les besoins et les disponibilit\u00e9s ne se r\u00e9partissent pas uniform\u00e9ment selon les groupes accueillis. Le site ne traite pas du fonctionnement interne des groupes. Pour l\u2019inscription, retenez seulement qu\u2019une place annonc\u00e9e pour une date ne correspond pas forc\u00e9ment \u00e0 la tranche d\u2019\u00e2ge ou au contrat recherch\u00e9.<\/p>\n\n<figure class=\"is-provider-youtube is-type-video wp-block-embed wp-block-embed-youtube wp-embed-aspect-16-9 wp-has-aspect-ratio\"><div class=\"wp-block-embed__wrapper\">\n<iframe loading=\"lazy\" title=\"Rentabilit\u00e9, chiffre d\u2019affaires et marges d\u2019une cr\u00e8che ! #rentabilite #creche #parent #enfant\" width=\"500\" height=\"281\" src=\"https:\/\/www.youtube.com\/embed\/a6iF0Q4-vwE?feature=oembed\" frameborder=\"0\" allow=\"accelerometer; autoplay; clipboard-write; encrypted-media; gyroscope; picture-in-picture; web-share\" referrerpolicy=\"strict-origin-when-cross-origin\" allowfullscreen><\/iframe>\n<\/div><\/figure>\n\n<h2 class=\"wp-block-heading\"><span class=\"ez-toc-section\" id=\"Comment_distinguer_une_demande_municipale_dune_demande_en_micro-creche\"><\/span>Comment distinguer une demande municipale d\u2019une demande en micro-cr\u00e8che ?<span class=\"ez-toc-section-end\"><\/span><\/h2>\n\n<p class=\"wp-block-paragraph\">Les d\u00e9marches inscription cr\u00e8che changent selon le gestionnaire. Une demande municipale est g\u00e9n\u00e9ralement instruite dans un calendrier collectif. Une demande aupr\u00e8s d\u2019une micro-cr\u00e8che priv\u00e9e est trait\u00e9e directement par l\u2019\u00e9tablissement ou son gestionnaire. Dans les deux cas, la premi\u00e8re question \u00e0 poser porte sur le circuit de d\u00e9cision, pas sur une promesse de disponibilit\u00e9.<\/p>\n\n<p class=\"wp-block-paragraph\">Pour les cr\u00e8ches municipales du bassin, commencez par v\u00e9rifier le dispositif annonc\u00e9 par la ville ou le Relais Petite Enfance. La page consacr\u00e9e aux <a href=\"https:\/\/bebouillecreche.fr\/blog\/creches-municipales-nevers\/\">cr\u00e8ches municipales \u00e0 Nevers<\/a> permet ensuite de comparer les informations locales lorsque chaque ligne comporte sa date de v\u00e9rification. Une adresse trouv\u00e9e dans un ancien annuaire ne suffit pas \u00e0 \u00e9tablir que la structure accueille encore des familles.<\/p>\n\n<p class=\"wp-block-paragraph\">La micro-cr\u00e8che fonctionne souvent avec une r\u00e9ception des demandes tout au long de l\u2019ann\u00e9e. Cela ne signifie pas qu\u2019une entr\u00e9e peut \u00eatre garantie imm\u00e9diatement. Le gestionnaire doit pouvoir proposer les jours, les heures et la date demand\u00e9s. Une place d\u00e9clar\u00e9e libre le mardi et le jeudi ne r\u00e9pond pas \u00e0 une demande de cinq jours.<\/p>\n\n<p class=\"wp-block-paragraph\">Le statut de l\u2019\u00e9tablissement m\u00e9rite une v\u00e9rification distincte. Le site <a href=\"https:\/\/annuaire-entreprises.data.gouv.fr\" target=\"_blank\" rel=\"noopener\">Annuaire des entreprises<\/a> permet de rechercher une soci\u00e9t\u00e9 ou un \u00e9tablissement par son nom, son num\u00e9ro SIREN ou son adresse. Une soci\u00e9t\u00e9 active au registre ne constitue pas \u00e0 elle seule une preuve d\u2019ouverture d\u2019une cr\u00e8che ; elle compl\u00e8te l\u2019appel direct et la consultation des informations d\u2019autorisation.<\/p>\n\n<h3 class=\"wp-block-heading\">Une pr\u00e9inscription n\u2019\u00e9quivaut jamais \u00e0 une place confirm\u00e9e<\/h3>\n\n<p class=\"wp-block-paragraph\">Le vocabulaire peut pr\u00eater \u00e0 confusion. \u00ab Demande enregistr\u00e9e \u00bb, \u00ab dossier re\u00e7u \u00bb, \u00ab liste d\u2019attente \u00bb et \u00ab pr\u00e9-r\u00e9servation \u00bb n\u2019ont pas la m\u00eame port\u00e9e. Demandez quel document d\u00e9clenche r\u00e9ellement l\u2019engagement : une d\u00e9cision de commission, un contrat sign\u00e9, un versement pr\u00e9vu au contrat ou un courriel de confirmation.<\/p>\n\n<p class=\"wp-block-paragraph\">Cette v\u00e9rification prot\u00e8ge aussi le budget. Dans une micro-cr\u00e8che, le tarif peut \u00eatre un forfait mensuel ou un prix calcul\u00e9 selon les jours r\u00e9serv\u00e9s. Les prestations incluses doivent appara\u00eetre dans le document transmis. Un montant annonc\u00e9 oralement, sans d\u00e9tail sur les cong\u00e9s, les absences, les repas ou les couches, ne permet pas de comparer deux offres.<\/p>\n\n<p class=\"wp-block-paragraph\">La page sur les <a href=\"https:\/\/bebouillecreche.fr\/blog\/micro-creche-paje-tarif\/\">tarifs d\u2019une micro-cr\u00e8che avec la Paje<\/a> rappelle la n\u00e9cessit\u00e9 de s\u00e9parer trois montants : la somme avanc\u00e9e au gestionnaire, l\u2019aide \u00e9ventuellement vers\u00e9e et le cr\u00e9dit d\u2019imp\u00f4t \u00e9ventuel. Les droits d\u00e9pendent du dossier r\u00e9el. La Caf ou la MSA reste l\u2019interlocuteur comp\u00e9tent pour confirmer une aide.<\/p>\n\n<p class=\"wp-block-paragraph\">Une organisation inscription cr\u00e8che solide garde donc deux pistes distinctes : le d\u00e9p\u00f4t au circuit municipal lorsqu\u2019il existe, et les prises de contact avec les \u00e9tablissements priv\u00e9s. Cette double d\u00e9marche \u00e9vite de d\u00e9pendre d\u2019un seul calendrier, sans transformer une demande en r\u00e9servation fictive.<\/p>\n\n<h2 class=\"wp-block-heading\"><span class=\"ez-toc-section\" id=\"Quels_horaires_et_quels_jours_indiquer_des_la_premiere_demande\"><\/span>Quels horaires et quels jours indiquer d\u00e8s la premi\u00e8re demande ?<span class=\"ez-toc-section-end\"><\/span><\/h2>\n\n<p class=\"wp-block-paragraph\">Une place d\u2019accueil ne se r\u00e9sume pas \u00e0 une date d\u2019entr\u00e9e. Le dossier doit refl\u00e9ter le temps r\u00e9ellement n\u00e9cessaire. Indiquez les heures auxquelles vous pouvez d\u00e9poser et reprendre votre enfant, en tenant compte du trajet et non uniquement de l\u2019horaire inscrit sur un contrat de travail. Un parent qui termine \u00e0 18 h ne peut pas toujours \u00eatre pr\u00e9sent \u00e0 la porte d\u2019une cr\u00e8che \u00e0 18 h.<\/p>\n\n<p class=\"wp-block-paragraph\">Les horaires affich\u00e9s demandent une lecture pr\u00e9cise. Une structure peut annoncer une amplitude de 7 h 30 \u00e0 18 h 30, mais pr\u00e9voir des fermetures annuelles, des jours de fermeture exceptionnels ou un accueil contractualis\u00e9 dans cette plage. Le r\u00e8glement de fonctionnement est le document qui pr\u00e9cise ces \u00e9l\u00e9ments. Demandez son \u00e9dition en vigueur avant de vous engager.<\/p>\n\n<p class=\"wp-block-paragraph\">La disponibilit\u00e9 varie aussi selon les jours. Un accueil \u00e0 temps partiel peut r\u00e9pondre \u00e0 une organisation de travail, mais il doit correspondre aux cr\u00e9neaux restants dans le planning de l\u2019\u00e9tablissement. Il ne faut donc pas pr\u00e9senter un accueil de trois jours comme une solution automatique lorsque cinq jours sont n\u00e9cessaires \u00e0 br\u00e8ve \u00e9ch\u00e9ance.<\/p>\n\n<h3 class=\"wp-block-heading\">Les horaires atypiques doivent \u00eatre \u00e9crits d\u00e8s le premier contact<\/h3>\n\n<p class=\"wp-block-paragraph\">Si votre activit\u00e9 commence avant 8 h, se termine apr\u00e8s 18 h 30 ou comprend des jours variables, \u00e9crivez-le dans la demande initiale. Une formulation comme \u00ab horaires \u00e0 discuter \u00bb reporte le probl\u00e8me apr\u00e8s l\u2019examen du dossier. Une formulation chiffr\u00e9e permet au gestionnaire de dire imm\u00e9diatement si le cr\u00e9neau est compatible avec son fonctionnement.<\/p>\n\n<p class=\"wp-block-paragraph\">La m\u00eame r\u00e8gle vaut pour la date de reprise. Une reprise le 1er septembre, le 15 octobre ou le 2 janvier ne place pas la demande sur le m\u00eame calendrier. Les entr\u00e9es de janvier peuvent suivre des changements de contrats ou des d\u00e9parts. Elles ne doivent pas \u00eatre pr\u00e9sent\u00e9es comme une p\u00e9riode assur\u00e9e : seules les disponibilit\u00e9s communiqu\u00e9es par la structure \u00e0 une date donn\u00e9e font foi.<\/p>\n\n<p class=\"wp-block-paragraph\">Le tableau ci-dessous sert de mod\u00e8le de note personnelle. Il ne remplace pas le formulaire officiel. Il permet de comparer des r\u00e9ponses re\u00e7ues \u00e0 des dates diff\u00e9rentes, surtout lorsque plusieurs gestionnaires ont \u00e9t\u00e9 contact\u00e9s.<\/p>\n\n<figure class=\"wp-block-table\"><table>\n<thead>\n<tr>\n<th>\u00c9l\u00e9ment demand\u00e9<\/th>\n<th>Information \u00e0 noter<\/th>\n<th>Pourquoi cette pr\u00e9cision compte<\/th>\n<\/tr>\n<\/thead>\n<tbody>\n<tr>\n<td>Date d\u2019entr\u00e9e<\/td>\n<td>Jour, mois et ann\u00e9e souhait\u00e9s<\/td>\n<td>Les disponibilit\u00e9s \u00e9voluent selon les d\u00e9parts et les admissions<\/td>\n<\/tr>\n<tr>\n<td>Jours d\u2019accueil<\/td>\n<td>Jours fixes ou planning variable<\/td>\n<td>Une place partielle peut ne pas correspondre aux jours n\u00e9cessaires<\/td>\n<\/tr>\n<tr>\n<td>Heure d\u2019arriv\u00e9e<\/td>\n<td>Heure r\u00e9elle, trajet compris<\/td>\n<td>Elle doit entrer dans l\u2019amplitude de l\u2019\u00e9tablissement<\/td>\n<\/tr>\n<tr>\n<td>Heure de d\u00e9part<\/td>\n<td>Heure r\u00e9elle, trajet compris<\/td>\n<td>Elle d\u00e9termine la dur\u00e9e contractuelle et le co\u00fbt<\/td>\n<\/tr>\n<tr>\n<td>R\u00e9ponse obtenue<\/td>\n<td>Date, nom du contact, document re\u00e7u<\/td>\n<td>Elle distingue une indication orale d\u2019une proposition formelle<\/td>\n<\/tr>\n<\/tbody>\n<\/table><\/figure>\n\n<p class=\"wp-block-paragraph\">Pour v\u00e9rifier les offres locales selon vos contraintes, consultez aussi les informations actualis\u00e9es sur les <a href=\"https:\/\/bebouillecreche.fr\/blog\/micro-creches-nevers-places\/\">places en micro-cr\u00e8che \u00e0 Nevers<\/a>. Toute donn\u00e9e de disponibilit\u00e9 doit porter sa date de relev\u00e9. Une place signal\u00e9e en mars peut avoir \u00e9t\u00e9 attribu\u00e9e en avril.<\/p>\n\n<p class=\"wp-block-paragraph\">Sur l\u2019adaptation de l\u2019enfant lui-m\u00eame, ce site n\u2019a rien \u00e0 apporter. Posez vos questions \u00e0 l\u2019\u00e9quipe de la structure ou au Relais Petite Enfance, qui connaissent les modalit\u00e9s appliqu\u00e9es localement.<\/p>\n\n<figure class=\"is-provider-youtube is-type-video wp-block-embed wp-block-embed-youtube wp-embed-aspect-16-9 wp-has-aspect-ratio\"><div class=\"wp-block-embed__wrapper\">\n<iframe loading=\"lazy\" title=\"Mode de garde  : Comment inscrire son enfant en cr\u00e8che familiale ?\" width=\"500\" height=\"281\" src=\"https:\/\/www.youtube.com\/embed\/4pS_lQFJJXU?feature=oembed\" frameborder=\"0\" allow=\"accelerometer; autoplay; clipboard-write; encrypted-media; gyroscope; picture-in-picture; web-share\" referrerpolicy=\"strict-origin-when-cross-origin\" allowfullscreen><\/iframe>\n<\/div><\/figure>\n\n<h2 class=\"wp-block-heading\"><span class=\"ez-toc-section\" id=\"Que_faire_si_la_date_inscription_creche_est_deja_passee\"><\/span>Que faire si la date inscription cr\u00e8che est d\u00e9j\u00e0 pass\u00e9e ?<span class=\"ez-toc-section-end\"><\/span><\/h2>\n\n<p class=\"wp-block-paragraph\">Un dossier d\u00e9pos\u00e9 apr\u00e8s la principale commission n\u2019est pas forc\u00e9ment inutile. Il doit toutefois \u00eatre pr\u00e9sent\u00e9 comme une demande sur les disponibilit\u00e9s ult\u00e9rieures, et non comme une entr\u00e9e garantie pour la date souhait\u00e9e. La premi\u00e8re action consiste \u00e0 demander si le dossier peut \u00eatre maintenu, r\u00e9\u00e9tudi\u00e9 ou inscrit sur une liste d\u2019attente.<\/p>\n\n<p class=\"wp-block-paragraph\">Un refus doit \u00eatre lu avec pr\u00e9cision. Il peut correspondre \u00e0 l\u2019absence de cr\u00e9neau compatible, \u00e0 un dossier incomplet, \u00e0 une commission d\u00e9j\u00e0 pass\u00e9e ou \u00e0 une capacit\u00e9 atteinte pour la p\u00e9riode. Ces situations n\u2019appellent pas la m\u00eame r\u00e9ponse. Un dossier incomplet peut \u00eatre r\u00e9gularis\u00e9. Une commission pass\u00e9e oblige \u00e0 conna\u00eetre la prochaine \u00e9ch\u00e9ance. Un horaire incompatible impose d\u2019\u00e9largir ou de modifier la recherche.<\/p>\n\n<p class=\"wp-block-paragraph\">La d\u00e9marche la plus utile consiste \u00e0 r\u00e9unir les r\u00e9ponses \u00e9crites re\u00e7ues, puis \u00e0 les classer par date d\u2019entr\u00e9e, jours possibles et co\u00fbt annonc\u00e9. Cela \u00e9vite de relancer indistinctement toutes les structures. Cela permet \u00e9galement de conserver une demande active aupr\u00e8s d\u2019un \u00e9tablissement tout en recherchant une solution diff\u00e9rente.<\/p>\n\n<h3 class=\"wp-block-heading\">Conservez un plan de recherche dat\u00e9 plut\u00f4t qu\u2019une liste d\u2019adresses<\/h3>\n\n<p class=\"wp-block-paragraph\">Un simple annuaire ne dit pas si l\u2019\u00e9tablissement est ouvert, s\u2019il accepte les demandes, si une commission est imminente ou si son tarif a chang\u00e9. La recherche doit donc \u00eatre suivie dans le temps. Notez la date de chaque appel, le canal utilis\u00e9 et la r\u00e9ponse exacte. Si un \u00e9tablissement refuse de communiquer un tarif par t\u00e9l\u00e9phone, notez ce refus sans remplacer le montant par une estimation.<\/p>\n\n<p class=\"wp-block-paragraph\">Le Conseil d\u00e9partemental de la Ni\u00e8vre est comp\u00e9tent pour les autorisations relevant de la protection maternelle et infantile. Les informations institutionnelles disponibles sur le <a href=\"https:\/\/nievre.fr\" target=\"_blank\" rel=\"noopener\">site du Conseil d\u00e9partemental de la Ni\u00e8vre<\/a> permettent d\u2019identifier l\u2019interlocuteur appropri\u00e9 lorsqu\u2019une question porte sur l\u2019autorisation d\u2019un lieu d\u2019accueil. Pour l\u2019attribution d\u2019une place, le dossier reste trait\u00e9 par la mairie, le Relais Petite Enfance ou le gestionnaire concern\u00e9.<\/p>\n\n<p class=\"wp-block-paragraph\">Une demande tardive n\u00e9cessite aussi de v\u00e9rifier le co\u00fbt sans attendre la derni\u00e8re semaine. Une cr\u00e8che appliquant le bar\u00e8me de participation familiale et une micro-cr\u00e8che \u00e0 tarification libre ne produisent pas la m\u00eame facture. Le <a href=\"https:\/\/www.caf.fr\" target=\"_blank\" rel=\"noopener\">bar\u00e8me et les prestations publi\u00e9s par la Caf<\/a> doivent \u00eatre lus \u00e0 la date applicable, car les droits et les plafonds \u00e9voluent.<\/p>\n\n<p class=\"wp-block-paragraph\">Si une proposition arrive pour un cr\u00e9neau diff\u00e9rent de celui demand\u00e9, comparez-la \u00e0 votre contrainte r\u00e9elle avant de r\u00e9pondre. Une place \u00e0 proximit\u00e9 mais fermant trop t\u00f4t, ou un contrat de trois jours pour un besoin de cinq, ne r\u00e9sout pas le probl\u00e8me administratif. Le calendrier ne sert pas \u00e0 obtenir n\u2019importe quelle admission ; il sert \u00e0 obtenir une r\u00e9ponse exploitable avant la reprise.<\/p>\n\n<p class=\"wp-block-paragraph\">Commencez lundi par relever la prochaine commission municipale, les d\u00e9lais de d\u00e9p\u00f4t et trois possibilit\u00e9s priv\u00e9es compatibles avec vos horaires. Cette s\u00e9quence transforme une recherche g\u00e9n\u00e9rale en demandes dat\u00e9es, comparables et suivies.<\/p>\n\n<script type=\"application\/ld+json\">\n{\"@context\":\"https:\/\/schema.org\",\"@type\":\"FAQPage\",\"mainEntity\":[{\"@type\":\"Question\",\"name\":\"Peut-on du00e9poser une inscription cru00e8che avant la naissance ?\",\"acceptedAnswer\":{\"@type\":\"Answer\",\"text\":\"Oui, lorsque le guichet local accepte les demandes pour un enfant u00e0 nau00eetre. Vu00e9rifiez les piu00e8ces requises aupru00e8s de la mairie, du Relais Petite Enfance ou du gestionnaire, puis transmettez les documents complu00e9mentaires apru00e8s la naissance dans le du00e9lai demandu00e9.\"}},{\"@type\":\"Question\",\"name\":\"Quelle est la meilleure date pour une entru00e9e en septembre ?\",\"acceptedAnswer\":{\"@type\":\"Answer\",\"text\":\"La meilleure date est celle qui pru00e9cu00e8de la clu00f4ture du dossier ou la commission du2019attribution annoncu00e9e localement pour lu2019annu00e9e concernu00e9e. Cette date doit u00eatre vu00e9rifiu00e9e sur la publication de la Ville de Nevers ou aupru00e8s du Relais Petite Enfance.\"}},{\"@type\":\"Question\",\"name\":\"Une pru00e9inscription garantit-elle une place en cru00e8che ?\",\"acceptedAnswer\":{\"@type\":\"Answer\",\"text\":\"Non. Elle enregistre une demande. La place est confirmu00e9e uniquement lorsquu2019une du00e9cision ou un contrat u00e9crit pru00e9cise la date du2019entru00e9e, les jours, les horaires et les conditions tarifaires.\"}},{\"@type\":\"Question\",\"name\":\"Faut-il contacter plusieurs u00e9tablissements ?\",\"acceptedAnswer\":{\"@type\":\"Answer\",\"text\":\"Oui, lorsque votre calendrier le permet. Une demande municipale et des contacts directs avec plusieurs gestionnaires privu00e9s couvrent des modalitu00e9s du2019admission diffu00e9rentes. Chaque ru00e9ponse doit u00eatre conservu00e9e avec sa date.\"}}]}\n<\/script>\n<h3>Peut-on d\u00e9poser une inscription cr\u00e8che avant la naissance ?<\/h3>\n<p>Oui, lorsque le guichet local accepte les demandes pour un enfant \u00e0 na\u00eetre. V\u00e9rifiez les pi\u00e8ces requises aupr\u00e8s de la mairie, du Relais Petite Enfance ou du gestionnaire, puis transmettez les documents compl\u00e9mentaires apr\u00e8s la naissance dans le d\u00e9lai demand\u00e9.<\/p>\n<h3>Quelle est la meilleure date pour une entr\u00e9e en septembre ?<\/h3>\n<p>La meilleure date est celle qui pr\u00e9c\u00e8de la cl\u00f4ture du dossier ou la commission d\u2019attribution annonc\u00e9e localement pour l\u2019ann\u00e9e concern\u00e9e. Cette date doit \u00eatre v\u00e9rifi\u00e9e sur la publication de la Ville de Nevers ou aupr\u00e8s du Relais Petite Enfance.<\/p>\n<h3>Une pr\u00e9inscription garantit-elle une place en cr\u00e8che ?<\/h3>\n<p>Non. Elle enregistre une demande. La place est confirm\u00e9e uniquement lorsqu\u2019une d\u00e9cision ou un contrat \u00e9crit pr\u00e9cise la date d\u2019entr\u00e9e, les jours, les horaires et les conditions tarifaires.<\/p>\n<h3>Faut-il contacter plusieurs \u00e9tablissements ?<\/h3>\n<p>Oui, lorsque votre calendrier le permet. Une demande municipale et des contacts directs avec plusieurs gestionnaires priv\u00e9s couvrent des modalit\u00e9s d\u2019admission diff\u00e9rentes. Chaque r\u00e9ponse doit \u00eatre conserv\u00e9e avec sa date.<\/p>\n\n","protected":false},"excerpt":{"rendered":"<p>\u00c0 Nevers et dans sa premi\u00e8re couronne, la date inscription cr\u00e8che d\u00e9pend de la structure et de la date d\u2019accueil demand\u00e9e. Pour une entr\u00e9e en septembre, le dossier municipal se pr\u00e9pare pendant la grossesse et se d\u00e9pose selon le calendrier publi\u00e9 localement. Les micro-cr\u00e8ches priv\u00e9es peuvent examiner des demandes toute l\u2019ann\u00e9e. En bref Ce contenu [&hellip;]<\/p>\n","protected":false},"author":1,"featured_media":0,"comment_status":"open","ping_status":"closed","sticky":false,"template":"","format":"standard","meta":{"footnotes":""},"categories":[16],"tags":[],"class_list":["post-92","post","type-post","status-publish","format-standard","hentry","category-places-et-inscriptions"],"_links":{"self":[{"href":"https:\/\/bebouillecreche.fr\/blog\/wp-json\/wp\/v2\/posts\/92","targetHints":{"allow":["GET"]}}],"collection":[{"href":"https:\/\/bebouillecreche.fr\/blog\/wp-json\/wp\/v2\/posts"}],"about":[{"href":"https:\/\/bebouillecreche.fr\/blog\/wp-json\/wp\/v2\/types\/post"}],"author":[{"embeddable":true,"href":"https:\/\/bebouillecreche.fr\/blog\/wp-json\/wp\/v2\/users\/1"}],"replies":[{"embeddable":true,"href":"https:\/\/bebouillecreche.fr\/blog\/wp-json\/wp\/v2\/comments?post=92"}],"version-history":[{"count":0,"href":"https:\/\/bebouillecreche.fr\/blog\/wp-json\/wp\/v2\/posts\/92\/revisions"}],"wp:attachment":[{"href":"https:\/\/bebouillecreche.fr\/blog\/wp-json\/wp\/v2\/media?parent=92"}],"wp:term":[{"taxonomy":"category","embeddable":true,"href":"https:\/\/bebouillecreche.fr\/blog\/wp-json\/wp\/v2\/categories?post=92"},{"taxonomy":"post_tag","embeddable":true,"href":"https:\/\/bebouillecreche.fr\/blog\/wp-json\/wp\/v2\/tags?post=92"}],"curies":[{"name":"wp","href":"https:\/\/api.w.org\/{rel}","templated":true}]}}