{"id":91,"date":"2026-08-31T11:08:17","date_gmt":"2026-08-31T11:08:17","guid":{"rendered":"https:\/\/bebouillecreche.fr\/blog\/relais-petite-enfance-nevers\/"},"modified":"2026-08-31T11:08:17","modified_gmt":"2026-08-31T11:08:17","slug":"relais-petite-enfance-nevers","status":"publish","type":"post","link":"https:\/\/bebouillecreche.fr\/blog\/relais-petite-enfance-nevers\/","title":{"rendered":"Relais Petite Enfance de Nevers : ce que fait le guichet unique"},"content":{"rendered":"<p class=\"wp-block-paragraph\">Le <strong>Relais Petite Enfance de Nevers<\/strong> centralise l\u2019information sur l\u2019<strong>accueil petite enfance<\/strong> et assure l\u2019inscription ainsi que l\u2019admission dans les \u00e9tablissements municipaux. Le <strong>guichet unique<\/strong> ne promet pas une place imm\u00e9diate : il enregistre votre demande, v\u00e9rifie votre dossier et vous oriente vers les d\u00e9marches adapt\u00e9es \u00e0 vos horaires.<\/p>\n\n<p class=\"wp-block-paragraph\"><strong>En bref<\/strong><\/p>\n\n<ul class=\"wp-block-list\"><li>Le guichet unique de la Ville de Nevers r\u00e9unit les d\u00e9marches d\u2019information, d\u2019inscription et d\u2019admission pour les \u00e9tablissements municipaux.<\/li><li>Une demande d\u00e9pos\u00e9e au Relais Petite Enfance ne vaut pas r\u00e9servation dans une cr\u00e8che pr\u00e9cise.<\/li><li>Les assistantes maternelles, les cr\u00e8ches et les autres solutions disponibles doivent \u00eatre distingu\u00e9es d\u00e8s le premier rendez-vous.<\/li><li>Le calendrier des commissions et les pi\u00e8ces exig\u00e9es doivent \u00eatre confirm\u00e9s directement aupr\u00e8s du service avant le d\u00e9p\u00f4t.<\/li><\/ul>\n\n<p class=\"wp-block-paragraph\">Ce contenu concerne <strong>Nevers et sa premi\u00e8re couronne<\/strong>, pour la recherche d\u2019une place d\u2019accueil d\u2019un enfant de moins de trois ans. Il ne traite ni de sant\u00e9, ni d\u2019alimentation, ni de d\u00e9veloppement de l\u2019enfant, ni de l\u2019organisation professionnelle des m\u00e9tiers de la petite enfance.<\/p>\n\n<div id=\"ez-toc-container\" class=\"ez-toc-v2_0_87 counter-hierarchy ez-toc-counter ez-toc-grey ez-toc-container-direction\">\n<div class=\"ez-toc-title-container\">\n<p class=\"ez-toc-title\" style=\"cursor:inherit\">Sommaire<\/p>\n<span class=\"ez-toc-title-toggle\"><a href=\"#\" class=\"ez-toc-pull-right ez-toc-btn ez-toc-btn-xs ez-toc-btn-default ez-toc-toggle\" aria-label=\"Toggle Table of Content\"><span class=\"ez-toc-js-icon-con\"><span class=\"\"><span class=\"eztoc-hide\" style=\"display:none;\">Toggle<\/span><span class=\"ez-toc-icon-toggle-span\"><svg style=\"fill: #999;color:#999\" xmlns=\"http:\/\/www.w3.org\/2000\/svg\" class=\"list-377408\" width=\"20px\" height=\"20px\" viewBox=\"0 0 24 24\" fill=\"none\"><path d=\"M6 6H4v2h2V6zm14 0H8v2h12V6zM4 11h2v2H4v-2zm16 0H8v2h12v-2zM4 16h2v2H4v-2zm16 0H8v2h12v-2z\" fill=\"currentColor\"><\/path><\/svg><svg style=\"fill: #999;color:#999\" class=\"arrow-unsorted-368013\" xmlns=\"http:\/\/www.w3.org\/2000\/svg\" width=\"10px\" height=\"10px\" viewBox=\"0 0 24 24\" version=\"1.2\" baseProfile=\"tiny\"><path d=\"M18.2 9.3l-6.2-6.3-6.2 6.3c-.2.2-.3.4-.3.7s.1.5.3.7c.2.2.4.3.7.3h11c.3 0 .5-.1.7-.3.2-.2.3-.5.3-.7s-.1-.5-.3-.7zM5.8 14.7l6.2 6.3 6.2-6.3c.2-.2.3-.5.3-.7s-.1-.5-.3-.7c-.2-.2-.4-.3-.7-.3h-11c-.3 0-.5.1-.7.3-.2.2-.3.5-.3.7s.1.5.3.7z\"\/><\/svg><\/span><\/span><\/span><\/a><\/span><\/div>\n<nav><ul class='ez-toc-list ez-toc-list-level-1 eztoc-toggle-hide-by-default' ><li class='ez-toc-page-1 ez-toc-heading-level-2'><a class=\"ez-toc-link ez-toc-heading-1\" href=\"https:\/\/bebouillecreche.fr\/blog\/relais-petite-enfance-nevers\/#Quel_role_joue_le_guichet_unique_du_Relais_Petite_Enfance_a_Nevers\" >Quel r\u00f4le joue le guichet unique du Relais Petite Enfance \u00e0 Nevers ?<\/a><\/li><li class='ez-toc-page-1 ez-toc-heading-level-2'><a class=\"ez-toc-link ez-toc-heading-2\" href=\"https:\/\/bebouillecreche.fr\/blog\/relais-petite-enfance-nevers\/#Quelles_demarches_le_Relais_Petite_Enfance_peut-il_enregistrer_pour_une_place_en_creche\" >Quelles d\u00e9marches le Relais Petite Enfance peut-il enregistrer pour une place en cr\u00e8che ?<\/a><\/li><li class='ez-toc-page-1 ez-toc-heading-level-2'><a class=\"ez-toc-link ez-toc-heading-3\" href=\"https:\/\/bebouillecreche.fr\/blog\/relais-petite-enfance-nevers\/#Comment_le_Relais_Petite_Enfance_oriente-t-il_vers_les_assistantes_maternelles_et_les_autres_accueils\" >Comment le Relais Petite Enfance oriente-t-il vers les assistantes maternelles et les autres accueils ?<\/a><\/li><li class='ez-toc-page-1 ez-toc-heading-level-2'><a class=\"ez-toc-link ez-toc-heading-4\" href=\"https:\/\/bebouillecreche.fr\/blog\/relais-petite-enfance-nevers\/#Quels_documents_et_quelles_dates_demander_avant_une_commission_dattribution_a_Nevers\" >Quels documents et quelles dates demander avant une commission d\u2019attribution \u00e0 Nevers ?<\/a><\/li><li class='ez-toc-page-1 ez-toc-heading-level-2'><a class=\"ez-toc-link ez-toc-heading-5\" href=\"https:\/\/bebouillecreche.fr\/blog\/relais-petite-enfance-nevers\/#Comment_utiliser_le_guichet_unique_sans_interrompre_votre_recherche_de_place_a_Nevers\" >Comment utiliser le guichet unique sans interrompre votre recherche de place \u00e0 Nevers ?<\/a><\/li><\/ul><\/nav><\/div>\n<h2 class=\"wp-block-heading\"><span class=\"ez-toc-section\" id=\"Quel_role_joue_le_guichet_unique_du_Relais_Petite_Enfance_a_Nevers\"><\/span>Quel r\u00f4le joue le guichet unique du Relais Petite Enfance \u00e0 Nevers ?<span class=\"ez-toc-section-end\"><\/span><\/h2>\n\n<p class=\"wp-block-paragraph\">\u00c0 Nevers, la <a href=\"https:\/\/www.nevers.fr\" target=\"_blank\" rel=\"noopener\">Ville de Nevers<\/a> pr\u00e9sente le Relais Petite Enfance comme un point de contact unique pour les familles recherchant un mode de garde. La page municipale consult\u00e9e le <strong>24 mars 2026<\/strong> indique que ce service rassemble les informations sur la garde des enfants de moins de six ans et g\u00e8re l\u2019inscription ainsi que l\u2019admission dans les \u00e9tablissements d\u2019accueil du jeune enfant administr\u00e9s par la commune.<\/p>\n\n<p class=\"wp-block-paragraph\">Dans la pratique, le <strong>guichet unique<\/strong> \u00e9vite de commencer par appeler chaque cr\u00e8che municipale sans savoir si elle prend directement les inscriptions. Votre premier interlocuteur recueille la demande d\u2019accueil, les dates souhait\u00e9es, le volume d\u2019heures envisag\u00e9 et les contraintes d\u2019horaires. Cette \u00e9tape sert \u00e0 placer le dossier dans le circuit de la Ville plut\u00f4t qu\u2019\u00e0 comparer la qualit\u00e9 des lieux d\u2019accueil.<\/p>\n\n<p class=\"wp-block-paragraph\">La fonction du Relais Petite Enfance ne se limite pas \u00e0 une adresse ou \u00e0 un num\u00e9ro de t\u00e9l\u00e9phone. Le service fournit une <strong>information parents<\/strong> sur les solutions existantes : accueil collectif municipal, assistantes maternelles, accueil \u00e0 domicile ou autres dispositifs selon les disponibilit\u00e9s du bassin. La r\u00e9ponse doit rester concr\u00e8te. Une famille qui commence \u00e0 travailler \u00e0 7h15 n\u2019a pas la m\u00eame recherche qu\u2019une famille ayant besoin de 32 heures r\u00e9parties sur quatre jours.<\/p>\n\n<p class=\"wp-block-paragraph\">Le point important est le suivant : l\u2019inscription au guichet unique concerne d\u2019abord une d\u00e9marche administrative. Elle ne signifie pas que la commission d\u2019attribution a accept\u00e9 la demande. Les places municipales sont limit\u00e9es par la capacit\u00e9 autoris\u00e9e de chaque \u00e9tablissement, par les d\u00e9parts constat\u00e9s et par l\u2019organisation retenue par la collectivit\u00e9. Les d\u00e9lais et d\u00e9cisions ne doivent donc jamais \u00eatre d\u00e9duits d\u2019un \u00e9change oral isol\u00e9.<\/p>\n\n<p class=\"wp-block-paragraph\">Le Relais peut \u00e9galement expliquer la diff\u00e9rence entre une demande g\u00e9r\u00e9e par la Ville et une d\u00e9marche \u00e0 effectuer directement aupr\u00e8s d\u2019un gestionnaire priv\u00e9. Une micro-cr\u00e8che priv\u00e9e fixe g\u00e9n\u00e9ralement ses propres modalit\u00e9s de pr\u00e9inscription, ses disponibilit\u00e9s et son tarif. Le dossier d\u00e9pos\u00e9 pour une cr\u00e8che municipale ne remplace pas n\u00e9cessairement les d\u00e9marches aupr\u00e8s d\u2019une micro-cr\u00e8che. La comparaison entre <a href=\"https:\/\/bebouillecreche.fr\/blog\/micro-creche-creche-nevers\/\">micro-cr\u00e8che et cr\u00e8che \u00e0 Nevers<\/a> doit donc commencer par cette distinction administrative.<\/p>\n\n<p class=\"wp-block-paragraph\">Le service municipal est utile lorsque plusieurs pistes doivent \u00eatre ouvertes sans confondre les circuits. Il peut signaler les coordonn\u00e9es des interlocuteurs et pr\u00e9ciser les documents n\u00e9cessaires. En revanche, il ne devient pas l\u2019employeur d\u2019une assistante maternelle et ne signe pas le contrat entre un parent employeur et une professionnelle ind\u00e9pendante. Cette s\u00e9paration \u00e9vite des d\u00e9marches incompl\u00e8tes.<\/p>\n\n<p class=\"wp-block-paragraph\">La page municipale ne publie pas, \u00e0 la date du <strong>24 mars 2026<\/strong>, un calendrier d\u00e9taill\u00e9 de commission accessible avec toutes les \u00e9ch\u00e9ances de d\u00e9p\u00f4t. Avant de remettre un dossier, demandez donc la date de la prochaine commission d\u2019attribution, la date limite exacte et le moyen de transmission accept\u00e9. Une date entendue l\u2019ann\u00e9e pr\u00e9c\u00e9dente n\u2019est pas une information utilisable pour la campagne en cours.<\/p>\n\n<p class=\"wp-block-paragraph\">Le guichet unique donne ainsi un point de d\u00e9part commun, mais il ne transforme pas la recherche en proc\u00e9dure automatique. Votre dossier doit \u00eatre complet, vos contraintes doivent \u00eatre formul\u00e9es pr\u00e9cis\u00e9ment et les pistes priv\u00e9es doivent \u00eatre suivies s\u00e9par\u00e9ment lorsqu\u2019elles font partie de votre recherche.<\/p>\n\n<h2 class=\"wp-block-heading\"><span class=\"ez-toc-section\" id=\"Quelles_demarches_le_Relais_Petite_Enfance_peut-il_enregistrer_pour_une_place_en_creche\"><\/span>Quelles d\u00e9marches le Relais Petite Enfance peut-il enregistrer pour une place en cr\u00e8che ?<span class=\"ez-toc-section-end\"><\/span><\/h2>\n\n<p class=\"wp-block-paragraph\">Le dossier pr\u00e9par\u00e9 pour une <strong>cr\u00e8che<\/strong> municipale sert \u00e0 inscrire votre besoin dans la proc\u00e9dure d\u2019admission de la Ville. La source municipale consult\u00e9e le <strong>24 mars 2026<\/strong> confirme que le Relais Petite Enfance assure l\u2019inscription et l\u2019admission dans les \u00e9tablissements g\u00e9r\u00e9s par Nevers. Cela ne permet pas d\u2019affirmer que tous les \u00e9tablissements du bassin, notamment priv\u00e9s, rel\u00e8vent du m\u00eame dispositif.<\/p>\n\n<p class=\"wp-block-paragraph\">Au rendez-vous, les informations administratives doivent permettre de d\u00e9crire une demande exploitable. L\u2019administration a besoin d\u2019une date de d\u00e9but souhait\u00e9e, des jours d\u2019accueil, du nombre d\u2019heures pr\u00e9vu et des coordonn\u00e9es des responsables l\u00e9gaux. Un formulaire sans date de d\u00e9marrage ou avec des horaires impr\u00e9cis r\u00e9duit la capacit\u00e9 du service \u00e0 v\u00e9rifier l\u2019ad\u00e9quation entre la demande et les places qui pourraient se lib\u00e9rer.<\/p>\n\n<p class=\"wp-block-paragraph\">Les pi\u00e8ces demand\u00e9es changent selon les campagnes et selon votre situation. Il serait imprudent de publier une liste pr\u00e9sent\u00e9e comme d\u00e9finitive sans r\u00e8glement local dat\u00e9. Demandez au Relais Petite Enfance une liste \u00e9crite des justificatifs exig\u00e9s pour la commission vis\u00e9e. Conservez aussi la preuve du d\u00e9p\u00f4t, qu\u2019il s\u2019agisse d\u2019un accus\u00e9 de r\u00e9ception, d\u2019un courriel du service ou d\u2019un document remis \u00e0 l\u2019accueil.<\/p>\n\n<p class=\"wp-block-paragraph\">Les demandes peuvent concerner une entr\u00e9e \u00e0 une date d\u00e9termin\u00e9e, un accueil r\u00e9gulier ou un volume d\u2019heures qui \u00e9voluera apr\u00e8s une reprise d\u2019activit\u00e9. Cette \u00e9volution doit \u00eatre annonc\u00e9e d\u00e8s le d\u00e9part. Un besoin de 45 heures hebdomadaires n\u2019est pas interchangeable avec une pr\u00e9sence de 20 heures r\u00e9partie sur deux journ\u00e9es. Les horaires affich\u00e9s d\u2019une structure ne suffisent pas non plus : demandez si l\u2019amplitude annonc\u00e9e est r\u00e9ellement disponible pour le contrat recherch\u00e9.<\/p>\n\n<h3 class=\"wp-block-heading\">Les informations \u00e0 pr\u00e9parer avant le rendez-vous au guichet unique<\/h3>\n\n<p class=\"wp-block-paragraph\">Le rendez-vous est plus efficace lorsque les donn\u00e9es sont d\u00e9j\u00e0 pos\u00e9es sur papier. Le Relais Petite Enfance peut alors r\u00e9pondre sur les d\u00e9marches au lieu de passer l\u2019essentiel de l\u2019\u00e9change \u00e0 retrouver une date ou \u00e0 recalculer des plages horaires. Les documents justificatifs restent ceux demand\u00e9s par le service pour la campagne en cours.<\/p>\n\n<ol class=\"wp-block-list\"><li>Indiquez la date \u00e0 laquelle l\u2019accueil doit commencer, avec le mois et l\u2019ann\u00e9e.<\/li><li>\u00c9crivez les heures d\u2019arriv\u00e9e et de d\u00e9part n\u00e9cessaires pour chaque jour de la semaine.<\/li><li>Pr\u00e9cisez si votre demande porte sur une cr\u00e8che municipale, des assistantes maternelles ou plusieurs modes d\u2019accueil.<\/li><li>Notez les adresses de domicile et de travail qui peuvent influer sur votre organisation quotidienne.<\/li><li>Demandez la date de passage du dossier devant la commission comp\u00e9tente.<\/li><\/ol>\n\n<p class=\"wp-block-paragraph\">La formulation de la demande compte plus que l\u2019accumulation de pistes contradictoires. Si vos besoins changent apr\u00e8s le d\u00e9p\u00f4t, signalez-le rapidement au guichet unique et v\u00e9rifiez que la modification est bien enregistr\u00e9e. Une demande initiale maintenue avec des horaires devenus impossibles ne vous aide pas \u00e0 obtenir une place praticable.<\/p>\n\n<p class=\"wp-block-paragraph\">Les crit\u00e8res retenus pour l\u2019attribution doivent \u00eatre demand\u00e9s \u00e0 la Ville, avec le document qui les formalise. Les municipalit\u00e9s peuvent prendre en compte plusieurs \u00e9l\u00e9ments li\u00e9s au domicile, \u00e0 la situation professionnelle, \u00e0 la date de demande ou aux besoins d\u2019accueil. Aucun classement g\u00e9n\u00e9ral ne doit \u00eatre suppos\u00e9 sans r\u00e8glement ou r\u00e9ponse officielle dat\u00e9e.<\/p>\n\n<p class=\"wp-block-paragraph\">La recherche ne doit pas s\u2019arr\u00eater au circuit municipal si votre calendrier est serr\u00e9. Les structures priv\u00e9es suivent leurs propres r\u00e8gles. La page consacr\u00e9e aux <a href=\"https:\/\/bebouillecreche.fr\/blog\/micro-creches-nevers-places\/\">places en micro-cr\u00e8che \u00e0 Nevers<\/a> rappelle cette diff\u00e9rence de circuit : une disponibilit\u00e9 annonc\u00e9e par un gestionnaire priv\u00e9 n\u2019est pas int\u00e9gr\u00e9e automatiquement \u00e0 une demande municipale.<\/p>\n\n<p class=\"wp-block-paragraph\">Une demande correctement d\u00e9pos\u00e9e sert donc \u00e0 passer devant la bonne proc\u00e9dure, pas \u00e0 garantir un r\u00e9sultat. La question \u00e0 faire confirmer avant de quitter le Relais est simple : \u00e0 quelle date le dossier sera-t-il \u00e9tudi\u00e9, et comment la d\u00e9cision sera-t-elle transmise ?<\/p>\n\n<figure class=\"is-provider-youtube is-type-video wp-block-embed wp-block-embed-youtube wp-embed-aspect-16-9 wp-has-aspect-ratio\"><div class=\"wp-block-embed__wrapper\">\n<iframe loading=\"lazy\" title=\"Quelles sont les missions du Relais Petite Enfance de Cholet ?\" width=\"500\" height=\"281\" src=\"https:\/\/www.youtube.com\/embed\/-VmOgbkIg9A?feature=oembed\" frameborder=\"0\" allow=\"accelerometer; autoplay; clipboard-write; encrypted-media; gyroscope; picture-in-picture; web-share\" referrerpolicy=\"strict-origin-when-cross-origin\" allowfullscreen><\/iframe>\n<\/div><\/figure>\n\n<h2 class=\"wp-block-heading\"><span class=\"ez-toc-section\" id=\"Comment_le_Relais_Petite_Enfance_oriente-t-il_vers_les_assistantes_maternelles_et_les_autres_accueils\"><\/span>Comment le Relais Petite Enfance oriente-t-il vers les assistantes maternelles et les autres accueils ?<span class=\"ez-toc-section-end\"><\/span><\/h2>\n\n<p class=\"wp-block-paragraph\">Le Relais Petite Enfance ne sert pas uniquement aux demandes en \u00e9tablissement municipal. La page de la Ville de Nevers consult\u00e9e le <strong>24 mars 2026<\/strong> d\u00e9crit un service d\u2019information qui couvre les modes de garde disponibles. Cela inclut l\u2019orientation vers des <strong>assistantes maternelles<\/strong>, sans que le Relais d\u00e9cide \u00e0 la place du parent employeur ou de la professionnelle.<\/p>\n\n<p class=\"wp-block-paragraph\">Cette orientation a une fonction tr\u00e8s pratique. Une famille peut attendre la d\u00e9cision d\u2019une commission municipale tout en recherchant une disponibilit\u00e9 aupr\u00e8s d\u2019assistantes maternelles. Les deux d\u00e9marches ne se contredisent pas. Elles r\u00e9pondent \u00e0 un m\u00eame besoin d\u2019accueil, mais elles reposent sur des contrats, des calendriers et des co\u00fbts qui peuvent \u00eatre distincts.<\/p>\n\n<p class=\"wp-block-paragraph\">Le Relais peut expliquer o\u00f9 trouver les coordonn\u00e9es d\u00e9clar\u00e9es et quelles questions administratives poser. Pour v\u00e9rifier les disponibilit\u00e9s, vous devez toutefois contacter directement la personne ou le gestionnaire concern\u00e9. Demandez toujours si la place concerne bien le mois souhait\u00e9, le nombre de jours demand\u00e9 et les horaires r\u00e9els. Une r\u00e9ponse vague, sans date de d\u00e9but, ne permet pas de b\u00e2tir une solution de garde.<\/p>\n\n<p class=\"wp-block-paragraph\">Les <strong>services enfance<\/strong> municipaux peuvent aussi orienter vers les accueils collectifs qui ne rel\u00e8vent pas de la m\u00eame gestion que les cr\u00e8ches de la Ville. Il faut alors demander qui re\u00e7oit les dossiers, quelle est la date de mise \u00e0 jour des disponibilit\u00e9s et si la structure applique une tarification familiale ou un tarif libre. Ce sont trois informations diff\u00e9rentes, souvent confondues au t\u00e9l\u00e9phone.<\/p>\n\n<figure class=\"wp-block-table\"><table>\n<thead>\n<tr>\n<th>Mode d\u2019accueil recherch\u00e9<\/th>\n<th>Interlocuteur initial<\/th>\n<th>D\u00e9marche \u00e0 confirmer<\/th>\n<th>Information \u00e0 dater<\/th>\n<\/tr>\n<\/thead>\n<tbody>\n<tr>\n<td>Cr\u00e8che municipale de Nevers<\/td>\n<td>Relais Petite Enfance \/ guichet unique<\/td>\n<td>Inscription et date de commission<\/td>\n<td>Date limite de d\u00e9p\u00f4t<\/td>\n<\/tr>\n<tr>\n<td>Assistante maternelle<\/td>\n<td>Relais pour l\u2019orientation, puis contact direct<\/td>\n<td>Disponibilit\u00e9 et conditions contractuelles<\/td>\n<td>Date de d\u00e9but r\u00e9ellement disponible<\/td>\n<\/tr>\n<tr>\n<td>Micro-cr\u00e8che priv\u00e9e<\/td>\n<td>Gestionnaire de la structure<\/td>\n<td>Pr\u00e9inscription et tarif communiqu\u00e9<\/td>\n<td>Date du relev\u00e9 t\u00e9l\u00e9phonique<\/td>\n<\/tr>\n<tr>\n<td>Accueil dans la premi\u00e8re couronne<\/td>\n<td>Commune ou gestionnaire concern\u00e9<\/td>\n<td>Proc\u00e9dure locale d\u2019admission<\/td>\n<td>Statut et horaires v\u00e9rifi\u00e9s<\/td>\n<\/tr>\n<\/tbody>\n<\/table><\/figure>\n\n<p class=\"wp-block-paragraph\">Ce tableau d\u00e9crit les circuits administratifs \u00e0 v\u00e9rifier au <strong>24 mars 2026<\/strong>. Il ne constitue pas une liste de disponibilit\u00e9s. Les cases relatives aux capacit\u00e9s, aux tarifs et aux ouvertures doivent \u00eatre contr\u00f4l\u00e9es structure par structure, car elles changent plus vite qu\u2019un annuaire g\u00e9n\u00e9ral.<\/p>\n\n<p class=\"wp-block-paragraph\">Un relev\u00e9 t\u00e9l\u00e9phonique dat\u00e9 reste la donn\u00e9e la plus utile dans ce domaine. Lors d\u2019un appel \u00e0 une structure ou \u00e0 une assistante maternelle, trois questions suffisent pour \u00e9viter les malentendus : la place est-elle disponible \u00e0 la date voulue, quels horaires peuvent \u00eatre contractualis\u00e9s, et quel mode de facturation est appliqu\u00e9 ? Si l\u2019interlocuteur ne communique pas un tarif ou une disponibilit\u00e9, cette absence doit rester not\u00e9e comme telle.<\/p>\n\n<p class=\"wp-block-paragraph\">Le Relais Petite Enfance aide \u00e0 comprendre vers qui se tourner, mais l\u2019accord r\u00e9el se construit ensuite avec le bon interlocuteur. Pour une demande hors Nevers, les d\u00e9marches restent \u00e0 confirmer aupr\u00e8s de chaque commune de la premi\u00e8re couronne, notamment Coulanges-l\u00e8s-Nevers et Varennes-Vauzelles.<\/p>\n\n<h2 class=\"wp-block-heading\"><span class=\"ez-toc-section\" id=\"Quels_documents_et_quelles_dates_demander_avant_une_commission_dattribution_a_Nevers\"><\/span>Quels documents et quelles dates demander avant une commission d\u2019attribution \u00e0 Nevers ?<span class=\"ez-toc-section-end\"><\/span><\/h2>\n\n<p class=\"wp-block-paragraph\">La date d\u2019une commission n\u2019est utile que si elle correspond \u00e0 la campagne active et au type de demande d\u00e9pos\u00e9. Le Relais Petite Enfance de Nevers est l\u2019interlocuteur \u00e0 contacter pour obtenir ce calendrier, puisque la <a href=\"https:\/\/www.nevers.fr\" target=\"_blank\" rel=\"noopener\">Ville de Nevers<\/a> lui attribue les missions d\u2019inscription et d\u2019admission pour ses \u00e9tablissements municipaux. Cette information \u00e9tait publi\u00e9e sur la page municipale consult\u00e9e le <strong>24 mars 2026<\/strong>.<\/p>\n\n<p class=\"wp-block-paragraph\">Un parent doit distinguer trois dates. La premi\u00e8re est la date de d\u00e9p\u00f4t complet du dossier. La deuxi\u00e8me est la date de commission d\u2019attribution, lorsque les demandes sont \u00e9tudi\u00e9es. La troisi\u00e8me est la date de r\u00e9ponse ou de mise \u00e0 jour de la demande. Ces trois \u00e9ch\u00e9ances peuvent \u00eatre diff\u00e9rentes. Les confondre m\u00e8ne souvent \u00e0 croire qu\u2019un dossier est examin\u00e9 alors qu\u2019il manque encore une pi\u00e8ce.<\/p>\n\n<p class=\"wp-block-paragraph\">Demandez une confirmation \u00e9crite lorsque le calendrier est communiqu\u00e9 par t\u00e9l\u00e9phone. Un simple courriel indiquant la campagne concern\u00e9e, les justificatifs attendus et la date limite permet de v\u00e9rifier l\u2019information si les modalit\u00e9s changent. Cette pr\u00e9caution est particuli\u00e8rement utile lorsque la date de naissance, la reprise d\u2019emploi ou le d\u00e9m\u00e9nagement modifie votre besoin initial.<\/p>\n\n<h3 class=\"wp-block-heading\">Ce que le guichet unique ne fait pas \u00e0 votre place<\/h3>\n\n<p class=\"wp-block-paragraph\">Le guichet unique ne r\u00e9serve pas une place dans tous les modes d\u2019accueil pr\u00e9sents \u00e0 Nevers. Il ne signe pas de contrat avec une assistante maternelle. Il ne fixe pas le tarif d\u2019une micro-cr\u00e8che priv\u00e9e et ne peut pas promettre une admission avant que la proc\u00e9dure applicable ait rendu sa d\u00e9cision.<\/p>\n\n<p class=\"wp-block-paragraph\">La diff\u00e9rence est d\u00e9terminante pour l\u2019<strong>accompagnement familles<\/strong>. Le Relais apporte une orientation garderie et explique le circuit administratif, alors que le gestionnaire d\u2019une structure priv\u00e9e d\u00e9cide de son inscription et de ses conditions tarifaires. Pour les accueils municipaux, la Ville applique ses proc\u00e9dures d\u2019admission ; pour les autres, le parent doit v\u00e9rifier le canal de candidature directement aupr\u00e8s du responsable concern\u00e9.<\/p>\n\n<p class=\"wp-block-paragraph\">Les capacit\u00e9s autoris\u00e9es des \u00e9tablissements d\u2019accueil sont encadr\u00e9es par le Code de la sant\u00e9 publique. Les r\u00e8gles g\u00e9n\u00e9rales relatives \u00e0 ces \u00e9tablissements peuvent \u00eatre consult\u00e9es sur <a href=\"https:\/\/www.legifrance.gouv.fr\" target=\"_blank\" rel=\"noopener\">L\u00e9gifrance<\/a>, source officielle v\u00e9rifi\u00e9e le <strong>24 mars 2026<\/strong>. Pour une place concr\u00e8te \u00e0 Nevers, ce cadre national ne remplace pas la r\u00e9ponse du Relais, car il ne dit rien sur les d\u00e9parts, les admissions ou les horaires contractuellement possibles.<\/p>\n\n<p class=\"wp-block-paragraph\">Lorsque le dossier est refus\u00e9 ou plac\u00e9 en attente, demandez quelle action reste possible : maintien de la demande, actualisation des horaires, d\u00e9p\u00f4t pour une campagne ult\u00e9rieure ou recherche parall\u00e8le. Une r\u00e9ponse n\u00e9gative \u00e0 une date donn\u00e9e ne d\u00e9crit pas toutes les possibilit\u00e9s futures, mais elle doit \u00eatre trait\u00e9e comme une donn\u00e9e administrative pr\u00e9cise et non comme une impression g\u00e9n\u00e9rale.<\/p>\n\n<p class=\"wp-block-paragraph\">Les justificatifs demand\u00e9s doivent \u00e9galement \u00eatre lus comme des pi\u00e8ces de proc\u00e9dure, pas comme un jugement sur une situation familiale. Leur utilit\u00e9 est de permettre au service d\u2019instruire le dossier selon les r\u00e8gles annonc\u00e9es. Si un document manque, demandez s\u2019il bloque le passage en commission ou s\u2019il peut \u00eatre fourni dans un d\u00e9lai d\u00e9fini.<\/p>\n\n<p class=\"wp-block-paragraph\">Le r\u00e9sultat recherch\u00e9 avant la commission est donc un dossier tra\u00e7able : une date de d\u00e9p\u00f4t, une confirmation des pi\u00e8ces remises, une \u00e9ch\u00e9ance connue et une solution alternative engag\u00e9e si l\u2019accueil doit commencer avant la r\u00e9ponse municipale.<\/p>\n\n<figure class=\"is-provider-youtube is-type-video wp-block-embed wp-block-embed-youtube wp-embed-aspect-16-9 wp-has-aspect-ratio\"><div class=\"wp-block-embed__wrapper\">\n<iframe loading=\"lazy\" title=\"Les Relais Petite Enfance par la Mutualit\u00e9 Fran\u00e7aise Jura\" width=\"500\" height=\"281\" src=\"https:\/\/www.youtube.com\/embed\/sBCf8u_D-3I?feature=oembed\" frameborder=\"0\" allow=\"accelerometer; autoplay; clipboard-write; encrypted-media; gyroscope; picture-in-picture; web-share\" referrerpolicy=\"strict-origin-when-cross-origin\" allowfullscreen><\/iframe>\n<\/div><\/figure>\n\n<h2 class=\"wp-block-heading\"><span class=\"ez-toc-section\" id=\"Comment_utiliser_le_guichet_unique_sans_interrompre_votre_recherche_de_place_a_Nevers\"><\/span>Comment utiliser le guichet unique sans interrompre votre recherche de place \u00e0 Nevers ?<span class=\"ez-toc-section-end\"><\/span><\/h2>\n\n<p class=\"wp-block-paragraph\">Le bon usage du Relais Petite Enfance consiste \u00e0 mener plusieurs d\u00e9marches compatibles, sans les confondre. D\u00e9posez le dossier municipal lorsque votre recherche concerne une cr\u00e8che de la Ville, puis conservez une recherche active aupr\u00e8s des autres modes d\u2019accueil. Le <strong>guichet unique<\/strong> organise l\u2019acc\u00e8s au circuit municipal ; il ne remplace pas les appels aux gestionnaires priv\u00e9s ni les contacts directs avec les assistantes maternelles.<\/p>\n\n<p class=\"wp-block-paragraph\">La premi\u00e8re \u00e9tape consiste \u00e0 \u00e9crire votre besoin exact sur une semaine. Indiquez les heures n\u00e9cessaires chaque jour et ajoutez une marge r\u00e9aliste pour les trajets. Cette note sert au rendez-vous avec le Relais et aux appels suivants. Elle permet aussi de rep\u00e9rer rapidement une offre qui semble correspondre au nombre de jours, mais pas aux horaires de d\u00e9but ou de fin.<\/p>\n\n<p class=\"wp-block-paragraph\">La deuxi\u00e8me \u00e9tape est de dater chaque r\u00e9ponse. Notez le nom de l\u2019interlocuteur, la date de l\u2019\u00e9change, le canal utilis\u00e9 et ce qui a \u00e9t\u00e9 confirm\u00e9. Un tarif annonc\u00e9 en janvier peut ne plus correspondre au tarif appliqu\u00e9 en septembre. Une place \u00e9voqu\u00e9e \u00ab prochainement \u00bb sans mois pr\u00e9cis n\u2019est pas une disponibilit\u00e9 confirm\u00e9e.<\/p>\n\n<p class=\"wp-block-paragraph\">La troisi\u00e8me \u00e9tape est de s\u00e9parer l\u2019admission de la facture. Une cr\u00e8che municipale relevant de la tarification familiale ne se calcule pas comme une micro-cr\u00e8che \u00e0 prix libre. Les bar\u00e8mes et aides \u00e9ventuelles doivent \u00eatre v\u00e9rifi\u00e9s aupr\u00e8s de la <a href=\"https:\/\/www.caf.fr\" target=\"_blank\" rel=\"noopener\">Caisse d\u2019allocations familiales<\/a> et sur <a href=\"https:\/\/www.service-public.fr\" target=\"_blank\" rel=\"noopener\">service-public.fr<\/a>, sources institutionnelles consult\u00e9es le <strong>24 mars 2026<\/strong>. Aucune aide ne doit \u00eatre consid\u00e9r\u00e9e comme acquise avant l\u2019examen du dossier r\u00e9el.<\/p>\n\n<p class=\"wp-block-paragraph\">Pour une recherche locale, vous pouvez comparer les d\u00e9marches municipales avec les informations consacr\u00e9es aux <a href=\"https:\/\/bebouillecreche.fr\/blog\/creches-municipales-nevers\/\">cr\u00e8ches municipales de Nevers<\/a> et aux solutions de la premi\u00e8re couronne. Les communes proches n\u2019appliquent pas n\u00e9cessairement les m\u00eames modalit\u00e9s. Un dossier d\u00e9pos\u00e9 \u00e0 Nevers ne vaut pas inscription dans un accueil situ\u00e9 \u00e0 Coulanges-l\u00e8s-Nevers, Varennes-Vauzelles, Marzy, Fourchambault, Challuy, Sermoise-sur-Loire, Garchizy ou Pougues-les-Eaux.<\/p>\n\n<p class=\"wp-block-paragraph\">Une recherche suivie demande aussi de v\u00e9rifier le statut des structures contact\u00e9es. Avant de vous appuyer sur une adresse trouv\u00e9e dans un ancien annuaire, contr\u00f4lez l\u2019activit\u00e9 du gestionnaire et appelez directement. Les informations de fermeture, de changement d\u2019exploitant ou de modification d\u2019horaires doivent venir d\u2019une source identifi\u00e9e, pas d\u2019une fiche non dat\u00e9e.<\/p>\n\n<p class=\"wp-block-paragraph\">Le Relais Petite Enfance peut \u00eatre recontact\u00e9 lorsque le besoin change. Une reprise de travail avanc\u00e9e, une modification des jours travaill\u00e9s ou une solution provisoire qui prend fin justifient une actualisation du dossier. Indiquez toujours la nouvelle date, plut\u00f4t que de demander une modification g\u00e9n\u00e9rale sans pr\u00e9cision.<\/p>\n\n<p class=\"wp-block-paragraph\">Si votre besoin commence dans les prochaines semaines, demandez au service municipal si le dossier peut encore passer devant la prochaine commission et ouvrez parall\u00e8lement les d\u00e9marches directes. Cette double action ne garantit pas une place, mais elle \u00e9vite de d\u00e9pendre d\u2019une seule \u00e9ch\u00e9ance administrative.<\/p>\n\n<script type=\"application\/ld+json\">\n{\"@context\":\"https:\/\/schema.org\",\"@type\":\"FAQPage\",\"mainEntity\":[{\"@type\":\"Question\",\"name\":\"Le Relais Petite Enfance de Nevers attribue-t-il directement les places ?\",\"acceptedAnswer\":{\"@type\":\"Answer\",\"text\":\"Le Relais Petite Enfance assure lu2019inscription et participe au circuit du2019admission des u00e9tablissements municipaux de Nevers. La du00e9cision du00e9pend ensuite de la procu00e9dure du2019attribution appliquu00e9e par la Ville et des places disponibles u00e0 la date u00e9tudiu00e9e.\"}},{\"@type\":\"Question\",\"name\":\"Faut-il contacter une micro-cru00e8che apru00e8s avoir du00e9posu00e9 un dossier au guichet unique ?\",\"acceptedAnswer\":{\"@type\":\"Answer\",\"text\":\"Oui. Les micro-cru00e8ches privu00e9es peuvent avoir leur propre procu00e9dure de pru00e9inscription et leur propre calendrier. Le du00e9pu00f4t du2019un dossier municipal ne remplace pas un contact direct avec leur gestionnaire.\"}},{\"@type\":\"Question\",\"name\":\"Le Relais Petite Enfance peut-il donner les coordonnu00e9es du2019assistantes maternelles ?\",\"acceptedAnswer\":{\"@type\":\"Answer\",\"text\":\"Le service peut orienter les parents dans leur recherche et expliquer les du00e9marches. La disponibilitu00e9, les horaires et les conditions contractuelles doivent ensuite u00eatre confirmu00e9s directement avec lu2019assistante maternelle concernu00e9e.\"}},{\"@type\":\"Question\",\"name\":\"Quelle date demander lors du rendez-vous au guichet unique ?\",\"acceptedAnswer\":{\"@type\":\"Answer\",\"text\":\"Demandez la date limite de du00e9pu00f4t, la date de la commission correspondant u00e0 votre demande et le moyen pru00e9vu pour transmettre la du00e9cision. Faites confirmer ces informations pour la campagne en cours.\"}}]}\n<\/script>\n<h3>Le Relais Petite Enfance de Nevers attribue-t-il directement les places ?<\/h3>\n<p>Le Relais Petite Enfance assure l\u2019inscription et participe au circuit d\u2019admission des \u00e9tablissements municipaux de Nevers. La d\u00e9cision d\u00e9pend ensuite de la proc\u00e9dure d\u2019attribution appliqu\u00e9e par la Ville et des places disponibles \u00e0 la date \u00e9tudi\u00e9e.<\/p>\n<h3>Faut-il contacter une micro-cr\u00e8che apr\u00e8s avoir d\u00e9pos\u00e9 un dossier au guichet unique ?<\/h3>\n<p>Oui. Les micro-cr\u00e8ches priv\u00e9es peuvent avoir leur propre proc\u00e9dure de pr\u00e9inscription et leur propre calendrier. Le d\u00e9p\u00f4t d\u2019un dossier municipal ne remplace pas un contact direct avec leur gestionnaire.<\/p>\n<h3>Le Relais Petite Enfance peut-il donner les coordonn\u00e9es d\u2019assistantes maternelles ?<\/h3>\n<p>Le service peut orienter les parents dans leur recherche et expliquer les d\u00e9marches. La disponibilit\u00e9, les horaires et les conditions contractuelles doivent ensuite \u00eatre confirm\u00e9s directement avec l\u2019assistante maternelle concern\u00e9e.<\/p>\n<h3>Quelle date demander lors du rendez-vous au guichet unique ?<\/h3>\n<p>Demandez la date limite de d\u00e9p\u00f4t, la date de la commission correspondant \u00e0 votre demande et le moyen pr\u00e9vu pour transmettre la d\u00e9cision. Faites confirmer ces informations pour la campagne en cours.<\/p>\n\n","protected":false},"excerpt":{"rendered":"<p>Le Relais Petite Enfance de Nevers centralise l\u2019information sur l\u2019accueil petite enfance et assure l\u2019inscription ainsi que l\u2019admission dans les \u00e9tablissements municipaux. Le guichet unique ne promet pas une place imm\u00e9diate : il enregistre votre demande, v\u00e9rifie votre dossier et vous oriente vers les d\u00e9marches adapt\u00e9es \u00e0 vos horaires. En bref Ce contenu concerne Nevers [&hellip;]<\/p>\n","protected":false},"author":1,"featured_media":0,"comment_status":"open","ping_status":"closed","sticky":false,"template":"","format":"standard","meta":{"footnotes":""},"categories":[18],"tags":[],"class_list":["post-91","post","type-post","status-publish","format-standard","hentry","category-actualites-accueil-jeune-enfant-nevers"],"_links":{"self":[{"href":"https:\/\/bebouillecreche.fr\/blog\/wp-json\/wp\/v2\/posts\/91","targetHints":{"allow":["GET"]}}],"collection":[{"href":"https:\/\/bebouillecreche.fr\/blog\/wp-json\/wp\/v2\/posts"}],"about":[{"href":"https:\/\/bebouillecreche.fr\/blog\/wp-json\/wp\/v2\/types\/post"}],"author":[{"embeddable":true,"href":"https:\/\/bebouillecreche.fr\/blog\/wp-json\/wp\/v2\/users\/1"}],"replies":[{"embeddable":true,"href":"https:\/\/bebouillecreche.fr\/blog\/wp-json\/wp\/v2\/comments?post=91"}],"version-history":[{"count":0,"href":"https:\/\/bebouillecreche.fr\/blog\/wp-json\/wp\/v2\/posts\/91\/revisions"}],"wp:attachment":[{"href":"https:\/\/bebouillecreche.fr\/blog\/wp-json\/wp\/v2\/media?parent=91"}],"wp:term":[{"taxonomy":"category","embeddable":true,"href":"https:\/\/bebouillecreche.fr\/blog\/wp-json\/wp\/v2\/categories?post=91"},{"taxonomy":"post_tag","embeddable":true,"href":"https:\/\/bebouillecreche.fr\/blog\/wp-json\/wp\/v2\/tags?post=91"}],"curies":[{"name":"wp","href":"https:\/\/api.w.org\/{rel}","templated":true}]}}