{"id":90,"date":"2026-08-31T11:06:18","date_gmt":"2026-08-31T11:06:18","guid":{"rendered":"https:\/\/bebouillecreche.fr\/blog\/micro-creche-paje-tarif\/"},"modified":"2026-08-31T11:06:18","modified_gmt":"2026-08-31T11:06:18","slug":"micro-creche-paje-tarif","status":"publish","type":"post","link":"https:\/\/bebouillecreche.fr\/blog\/micro-creche-paje-tarif\/","title":{"rendered":"Micro-cr\u00e8che PAJE : pourquoi le tarif y est fix\u00e9 librement"},"content":{"rendered":"<p class=\"wp-block-paragraph\">Dans une <strong>micro-cr\u00e8che PAJE<\/strong>, le gestionnaire fixe le prix demand\u00e9 aux familles, car la Caf n\u2019applique pas le bar\u00e8me national des participations familiales de la PSU. Les parents r\u00e8glent la facture \u00e0 la structure, puis le <strong>CMG<\/strong> peut r\u00e9duire une partie de la d\u00e9pense selon leur dossier.<\/p>\n\n<ul class=\"wp-block-list\"><li>Le <strong>tarif libre<\/strong> concerne le prix factur\u00e9 par la micro-cr\u00e8che, et non le montant final pay\u00e9 apr\u00e8s aide financi\u00e8re.<\/li><li>Une micro-cr\u00e8che relevant de la PSU applique un tarif calcul\u00e9 \u00e0 partir des revenus et de la composition du foyer.<\/li><li>Le CMG structure d\u00e9pend notamment des ressources, du nombre d\u2019enfants \u00e0 charge, des heures d\u00e9clar\u00e9es et des r\u00e8gles Caf en vigueur.<\/li><li>Un m\u00eame tarif horaire affich\u00e9 peut produire des restes \u00e0 charge tr\u00e8s diff\u00e9rents selon le dossier de chaque famille.<\/li><\/ul>\n\n<p class=\"wp-block-paragraph\">Cette page traite du <strong>co\u00fbt garde enfants<\/strong> dans les micro-cr\u00e8ches de Nevers et de sa premi\u00e8re couronne, soit Coulanges-l\u00e8s-Nevers, Varennes-Vauzelles, Marzy, Fourchambault, Challuy, Sermoise-sur-Loire, Garchizy et Pougues-les-Eaux. Elle ne traite ni de l\u2019accueil de l\u2019enfant lui-m\u00eame, ni de sant\u00e9, ni de p\u00e9dagogie, ni de s\u00e9curit\u00e9 en collectivit\u00e9.<\/p>\n\n<div id=\"ez-toc-container\" class=\"ez-toc-v2_0_87 counter-hierarchy ez-toc-counter ez-toc-grey ez-toc-container-direction\">\n<div class=\"ez-toc-title-container\">\n<p class=\"ez-toc-title\" style=\"cursor:inherit\">Sommaire<\/p>\n<span class=\"ez-toc-title-toggle\"><a href=\"#\" class=\"ez-toc-pull-right ez-toc-btn ez-toc-btn-xs ez-toc-btn-default ez-toc-toggle\" aria-label=\"Toggle Table of Content\"><span class=\"ez-toc-js-icon-con\"><span class=\"\"><span class=\"eztoc-hide\" style=\"display:none;\">Toggle<\/span><span class=\"ez-toc-icon-toggle-span\"><svg style=\"fill: #999;color:#999\" xmlns=\"http:\/\/www.w3.org\/2000\/svg\" class=\"list-377408\" width=\"20px\" height=\"20px\" viewBox=\"0 0 24 24\" fill=\"none\"><path d=\"M6 6H4v2h2V6zm14 0H8v2h12V6zM4 11h2v2H4v-2zm16 0H8v2h12v-2zM4 16h2v2H4v-2zm16 0H8v2h12v-2z\" fill=\"currentColor\"><\/path><\/svg><svg style=\"fill: #999;color:#999\" class=\"arrow-unsorted-368013\" xmlns=\"http:\/\/www.w3.org\/2000\/svg\" width=\"10px\" height=\"10px\" viewBox=\"0 0 24 24\" version=\"1.2\" baseProfile=\"tiny\"><path d=\"M18.2 9.3l-6.2-6.3-6.2 6.3c-.2.2-.3.4-.3.7s.1.5.3.7c.2.2.4.3.7.3h11c.3 0 .5-.1.7-.3.2-.2.3-.5.3-.7s-.1-.5-.3-.7zM5.8 14.7l6.2 6.3 6.2-6.3c.2-.2.3-.5.3-.7s-.1-.5-.3-.7c-.2-.2-.4-.3-.7-.3h-11c-.3 0-.5.1-.7.3-.2.2-.3.5-.3.7s.1.5.3.7z\"\/><\/svg><\/span><\/span><\/span><\/a><\/span><\/div>\n<nav><ul class='ez-toc-list ez-toc-list-level-1 eztoc-toggle-hide-by-default' ><li class='ez-toc-page-1 ez-toc-heading-level-2'><a class=\"ez-toc-link ez-toc-heading-1\" href=\"https:\/\/bebouillecreche.fr\/blog\/micro-creche-paje-tarif\/#Pourquoi_une_micro-creche_PAJE_peut-elle_fixer_son_tarif_librement\" >Pourquoi une micro-cr\u00e8che PAJE peut-elle fixer son tarif librement ?<\/a><\/li><li class='ez-toc-page-1 ez-toc-heading-level-2'><a class=\"ez-toc-link ez-toc-heading-2\" href=\"https:\/\/bebouillecreche.fr\/blog\/micro-creche-paje-tarif\/#Comment_le_CMG_modifie-t-il_le_cout_garde_enfants_en_micro-creche_PAJE\" >Comment le CMG modifie-t-il le co\u00fbt garde enfants en micro-cr\u00e8che PAJE ?<\/a><\/li><li class='ez-toc-page-1 ez-toc-heading-level-2'><a class=\"ez-toc-link ez-toc-heading-3\" href=\"https:\/\/bebouillecreche.fr\/blog\/micro-creche-paje-tarif\/#Quels_elements_font_varier_la_tarification_micro-creche_au-dela_du_prix_horaire\" >Quels \u00e9l\u00e9ments font varier la tarification micro-cr\u00e8che au-del\u00e0 du prix horaire ?<\/a><\/li><li class='ez-toc-page-1 ez-toc-heading-level-2'><a class=\"ez-toc-link ez-toc-heading-4\" href=\"https:\/\/bebouillecreche.fr\/blog\/micro-creche-paje-tarif\/#Comment_comparer_une_micro-creche_PAJE_et_une_creche_municipale_a_Nevers\" >Comment comparer une micro-cr\u00e8che PAJE et une cr\u00e8che municipale \u00e0 Nevers ?<\/a><\/li><li class='ez-toc-page-1 ez-toc-heading-level-2'><a class=\"ez-toc-link ez-toc-heading-5\" href=\"https:\/\/bebouillecreche.fr\/blog\/micro-creche-paje-tarif\/#Quels_documents_demander_avant_de_signer_un_contrat_en_micro-creche_PAJE\" >Quels documents demander avant de signer un contrat en micro-cr\u00e8che PAJE ?<\/a><\/li><\/ul><\/nav><\/div>\n<h2 class=\"wp-block-heading\"><span class=\"ez-toc-section\" id=\"Pourquoi_une_micro-creche_PAJE_peut-elle_fixer_son_tarif_librement\"><\/span>Pourquoi une micro-cr\u00e8che PAJE peut-elle fixer son tarif librement ?<span class=\"ez-toc-section-end\"><\/span><\/h2>\n\n<p class=\"wp-block-paragraph\">La diff\u00e9rence vient du circuit de <strong>financement cr\u00e8che<\/strong>. Dans le mod\u00e8le PAJE, la micro-cr\u00e8che ne re\u00e7oit pas la Prestation de service unique qui impose aux \u00e9tablissements conventionn\u00e9s d\u2019appliquer le bar\u00e8me national des participations familiales. Elle facture donc directement aux parents un prix qu\u2019elle d\u00e9termine dans ses documents contractuels.<\/p>\n\n<p class=\"wp-block-paragraph\">La Caf intervient ensuite aupr\u00e8s de la famille par le compl\u00e9ment de libre choix du mode de garde, appel\u00e9 CMG. Les r\u00e8gles du CMG, les conditions d\u2019ouverture des droits et les modalit\u00e9s de d\u00e9claration sont pr\u00e9sent\u00e9es par <a href=\"https:\/\/www.service-public.fr\/particuliers\/vosdroits\/F345\" target=\"_blank\" rel=\"noopener\">service-public.fr pour le compl\u00e9ment de libre choix du mode de garde<\/a>. Le versement de l\u2019aide ne transforme pas le prix de la micro-cr\u00e8che en tarif r\u00e9glement\u00e9.<\/p>\n\n<p class=\"wp-block-paragraph\">Le principe est donc simple. En PSU, la participation factur\u00e9e \u00e0 la famille r\u00e9sulte d\u2019une formule nationale li\u00e9e aux ressources. En PAJE, le prix affich\u00e9 r\u00e9sulte du contrat propos\u00e9 par le gestionnaire. La Caf \u00e9tudie ensuite le droit au CMG du foyer, dans les limites pr\u00e9vues par la r\u00e9glementation.<\/p>\n\n<p class=\"wp-block-paragraph\">Cette libert\u00e9 ne signifie pas qu\u2019une facture peut \u00eatre r\u00e9dig\u00e9e sans r\u00e8gles. Le contrat doit permettre d\u2019identifier le prix horaire, le volume d\u2019heures r\u00e9serv\u00e9, les modalit\u00e9s de mensualisation, les \u00e9ventuels frais annexes et les conditions de r\u00e9vision. Un montant annonc\u00e9 seulement comme \u00ab forfait mensuel \u00bb ne permet pas de comparer deux offres si le nombre d\u2019heures, les semaines de fermeture ou les \u00e9l\u00e9ments inclus ne sont pas pr\u00e9cis\u00e9s.<\/p>\n\n<p class=\"wp-block-paragraph\">La r\u00e9glementation PAJE ne cr\u00e9e donc pas un prix unique pour toutes les micro-cr\u00e8ches. Elle distingue le r\u00f4le de la structure, qui fixe sa <strong>tarification micro-cr\u00e8che<\/strong>, et celui de la Caf, qui calcule une aide financi\u00e8re \u00e0 partir de la situation d\u00e9clar\u00e9e. Cette s\u00e9paration explique pourquoi deux \u00e9tablissements priv\u00e9s situ\u00e9s dans le m\u00eame bassin peuvent afficher des montants diff\u00e9rents.<\/p>\n\n<h3 class=\"wp-block-heading\">Le mod\u00e8le PSU applique une logique diff\u00e9rente<\/h3>\n\n<p class=\"wp-block-paragraph\">Une micro-cr\u00e8che peut aussi fonctionner avec la Prestation de service unique. Dans ce cas, elle est conventionn\u00e9e avec la Caf et applique le bar\u00e8me de participation familiale. Les ressources et le nombre d\u2019enfants \u00e0 charge entrent alors directement dans le calcul de la participation horaire demand\u00e9e.<\/p>\n\n<p class=\"wp-block-paragraph\">Les informations nationales relatives aux modes d\u2019accueil et \u00e0 leur financement sont centralis\u00e9es par <a href=\"https:\/\/monenfant.fr\" target=\"_blank\" rel=\"noopener\">l\u2019annuaire officiel Monenfant.fr de la CNAF<\/a>. Les familles doivent n\u00e9anmoins v\u00e9rifier le mod\u00e8le choisi par chaque \u00e9tablissement, car le mot \u00ab micro-cr\u00e8che \u00bb ne permet pas, \u00e0 lui seul, de savoir si le prix rel\u00e8ve de la PAJE ou de la PSU.<\/p>\n\n<p class=\"wp-block-paragraph\">Pour une place, cette distinction compte davantage que l\u2019intitul\u00e9 commercial. Deux micro-cr\u00e8ches peuvent avoir une capacit\u00e9 proche et des horaires comparables, tout en pr\u00e9sentant une facture initiale tr\u00e8s diff\u00e9rente. La bonne question porte sur le r\u00e9gime de financement inscrit dans le contrat, puis sur le prix r\u00e9ellement factur\u00e9 pour le volume d\u2019accueil envisag\u00e9.<\/p>\n\n<h2 class=\"wp-block-heading\"><span class=\"ez-toc-section\" id=\"Comment_le_CMG_modifie-t-il_le_cout_garde_enfants_en_micro-creche_PAJE\"><\/span>Comment le CMG modifie-t-il le co\u00fbt garde enfants en micro-cr\u00e8che PAJE ?<span class=\"ez-toc-section-end\"><\/span><\/h2>\n\n<p class=\"wp-block-paragraph\">Dans une micro-cr\u00e8che PAJE, la famille paie g\u00e9n\u00e9ralement la facture pr\u00e9vue au contrat. Elle re\u00e7oit ensuite le CMG si les conditions sont remplies. Le co\u00fbt visible sur la facture et le reste \u00e0 charge apr\u00e8s prestations ne sont donc pas le m\u00eame chiffre.<\/p>\n\n<p class=\"wp-block-paragraph\">Le CMG est une <strong>aide financi\u00e8re<\/strong> li\u00e9e \u00e0 la garde. Son calcul d\u00e9pend de donn\u00e9es propres au foyer et de r\u00e8gles nationales susceptibles d\u2019\u00e9voluer. Les montants, plafonds et conditions applicables doivent \u00eatre v\u00e9rifi\u00e9s sur <a href=\"https:\/\/www.caf.fr\/allocataires\/aides-et-demarches\/droits-et-prestations\/vie-personnelle\/le-complement-de-libre-choix-du-mode-de-garde-cmg\" target=\"_blank\" rel=\"noopener\">la page de la Caf consacr\u00e9e au CMG<\/a> au moment de signer un contrat ou de modifier le nombre d\u2019heures.<\/p>\n\n<p class=\"wp-block-paragraph\">Le calcul ne doit jamais \u00eatre r\u00e9duit \u00e0 une formule du type \u00ab la Caf rembourse tant par mois \u00bb. Cette pr\u00e9sentation masque le prix r\u00e9ellement avanc\u00e9, les heures contractualis\u00e9es et les conditions pouvant limiter le droit. Le parent a besoin de distinguer trois niveaux, soit le prix factur\u00e9, l\u2019aide vers\u00e9e et ce qui reste effectivement \u00e0 payer.<\/p>\n\n<p class=\"wp-block-paragraph\">Les contrats de micro-cr\u00e8che utilisent souvent une mensualisation. Le prix mensuel peut donc correspondre \u00e0 une r\u00e9partition sur plusieurs mois des heures pr\u00e9vues dans l\u2019ann\u00e9e, apr\u00e8s d\u00e9duction des fermetures annonc\u00e9es. Comparer deux mensualit\u00e9s sans comparer les heures annuelles revient \u00e0 comparer des montants qui ne recouvrent pas la m\u00eame prestation.<\/p>\n\n<p class=\"wp-block-paragraph\">Le cr\u00e9dit d\u2019imp\u00f4t pour frais de garde peut aussi intervenir apr\u00e8s la d\u00e9pense, sous r\u00e9serve des r\u00e8gles fiscales applicables. Il ne r\u00e9duit pas automatiquement la facture pr\u00e9lev\u00e9e chaque mois. Les conditions d\u00e9claratives et les plafonds sont rappel\u00e9s par <a href=\"https:\/\/www.service-public.fr\/particuliers\/vosdroits\/F8\" target=\"_blank\" rel=\"noopener\">service-public.fr pour le cr\u00e9dit d\u2019imp\u00f4t li\u00e9 aux frais de garde d\u2019enfant<\/a>.<\/p>\n\n<h3 class=\"wp-block-heading\">Un exemple chiffr\u00e9 doit toujours s\u00e9parer facture, CMG et fiscalit\u00e9<\/h3>\n\n<p class=\"wp-block-paragraph\">Un calcul de comparaison peut partir d\u2019une hypoth\u00e8se transparente. Pour un contrat de <strong>40 heures par semaine<\/strong> sur <strong>47 semaines<\/strong>, le volume annuel atteint 1 880 heures. Avec un prix contractuel de 10 euros par heure, la d\u00e9pense brute annuelle atteint 18 800 euros, soit environ 1 567 euros par mois si elle est r\u00e9partie sur douze mensualit\u00e9s.<\/p>\n\n<p class=\"wp-block-paragraph\">Ce chiffre ne permet pas d\u2019annoncer un reste \u00e0 charge sans conna\u00eetre le dossier Caf. Il sert seulement \u00e0 montrer la facture avant CMG. Il faut ensuite reprendre la simulation Caf avec les ressources du foyer, le nombre d\u2019enfants \u00e0 charge, l\u2019\u00e2ge de l\u2019enfant, les heures d\u00e9clar\u00e9es et le tarif figurant sur le contrat.<\/p>\n\n<p class=\"wp-block-paragraph\">Le cr\u00e9dit d\u2019imp\u00f4t intervient encore \u00e0 un autre moment. Il d\u00e9pend des frais restant effectivement \u00e0 la charge du foyer apr\u00e8s les aides per\u00e7ues, dans les limites de la r\u00e9glementation fiscale. Il faut donc \u00e9viter d\u2019additionner un CMG estim\u00e9 et un avantage fiscal comme s\u2019ils \u00e9taient vers\u00e9s le m\u00eame jour ou selon les m\u00eames r\u00e8gles.<\/p>\n\n<p class=\"wp-block-paragraph\">La m\u00e9thode reste la m\u00eame quel que soit le tarif annonc\u00e9. D\u2019abord la facture compl\u00e8te. Ensuite le CMG confirm\u00e9 dans l\u2019espace Caf ou par la Caf. Enfin le traitement fiscal lors de la d\u00e9claration. Cette chronologie \u00e9vite de pr\u00e9senter une aide attendue comme une r\u00e9duction d\u00e9j\u00e0 disponible sur le compte bancaire.<\/p>\n\n<figure class=\"is-provider-youtube is-type-video wp-block-embed wp-block-embed-youtube wp-embed-aspect-16-9 wp-has-aspect-ratio\"><div class=\"wp-block-embed__wrapper\">\n<iframe loading=\"lazy\" title=\"Micro-cr\u00e8ches : voici pourquoi je suis en col\u00e8re apr\u00e8s cette d\u00e9cision du Conseil d&amp;apos;\u00c9tat\" width=\"500\" height=\"281\" src=\"https:\/\/www.youtube.com\/embed\/Q3YmEniUXaU?feature=oembed\" frameborder=\"0\" allow=\"accelerometer; autoplay; clipboard-write; encrypted-media; gyroscope; picture-in-picture; web-share\" referrerpolicy=\"strict-origin-when-cross-origin\" allowfullscreen><\/iframe>\n<\/div><\/figure>\n\n<h2 class=\"wp-block-heading\"><span class=\"ez-toc-section\" id=\"Quels_elements_font_varier_la_tarification_micro-creche_au-dela_du_prix_horaire\"><\/span>Quels \u00e9l\u00e9ments font varier la tarification micro-cr\u00e8che au-del\u00e0 du prix horaire ?<span class=\"ez-toc-section-end\"><\/span><\/h2>\n\n<p class=\"wp-block-paragraph\">Le prix horaire est la donn\u00e9e la plus visible, mais il n\u2019est pas suffisant. Une micro-cr\u00e8che PAJE peut proposer un contrat incluant certains postes et en facturer d\u2019autres s\u00e9par\u00e9ment. Les familles doivent obtenir une r\u00e9ponse \u00e9crite sur ce qui entre dans la mensualit\u00e9 avant de comparer des chiffres.<\/p>\n\n<p class=\"wp-block-paragraph\">Les frais les plus fr\u00e9quents concernent l\u2019inscription, l\u2019adh\u00e9sion, les repas, les produits d\u2019hygi\u00e8ne, les heures suppl\u00e9mentaires ou certaines p\u00e9nalit\u00e9s pr\u00e9vues au r\u00e8glement. Leur existence et leur montant rel\u00e8vent du contrat de la structure. Ils ne doivent pas \u00eatre confondus avec le tarif horaire principal.<\/p>\n\n<p class=\"wp-block-paragraph\">La dur\u00e9e d\u2019ouverture annuelle modifie aussi la facture. Un \u00e9tablissement ferm\u00e9 plusieurs semaines ne proposera pas le m\u00eame nombre d\u2019heures annuelles qu\u2019un \u00e9tablissement ferm\u00e9 moins longtemps. Un forfait mensuel inf\u00e9rieur peut ainsi correspondre \u00e0 un volume annuel inf\u00e9rieur, ce qui ne permet pas d\u2019en d\u00e9duire qu\u2019il est moins co\u00fbteux \u00e0 heure comparable.<\/p>\n\n<p class=\"wp-block-paragraph\">Les horaires r\u00e9els comptent autant que le tarif. Une amplitude affich\u00e9e de 7h30 \u00e0 18h30 doit \u00eatre distingu\u00e9e de l\u2019heure exacte \u00e0 laquelle un accueil contractuel peut commencer et de l\u2019heure \u00e0 laquelle il doit se terminer. Une contrainte professionnelle peut conduire \u00e0 r\u00e9server plus d\u2019heures que pr\u00e9vu au d\u00e9part, avec un effet direct sur la facture.<\/p>\n\n<figure class=\"wp-block-table\"><table>\n<thead>\n<tr>\n<th>\u00c9l\u00e9ment \u00e0 comparer<\/th>\n<th>Micro-cr\u00e8che PAJE<\/th>\n<th>Micro-cr\u00e8che PSU<\/th>\n<th>Document \u00e0 demander<\/th>\n<\/tr>\n<\/thead>\n<tbody>\n<tr>\n<td>Prix horaire factur\u00e9<\/td>\n<td>Fix\u00e9 par le gestionnaire<\/td>\n<td>Calcul\u00e9 selon le bar\u00e8me familial<\/td>\n<td>Contrat ou grille tarifaire dat\u00e9e<\/td>\n<\/tr>\n<tr>\n<td>Aide Caf<\/td>\n<td>CMG vers\u00e9 \u00e0 la famille selon son droit<\/td>\n<td>Participation Caf vers\u00e9e \u00e0 la structure<\/td>\n<td>Simulation Caf ou attestation de droit<\/td>\n<\/tr>\n<tr>\n<td>Base de comparaison<\/td>\n<td>Heures annuelles, frais inclus et reste apr\u00e8s aides<\/td>\n<td>Participation horaire li\u00e9e aux ressources<\/td>\n<td>Devis d\u00e9taill\u00e9 et r\u00e8glement de fonctionnement<\/td>\n<\/tr>\n<tr>\n<td>Variation entre foyers<\/td>\n<td>Le prix peut \u00eatre identique, le CMG varie<\/td>\n<td>Le prix parental varie avec les ressources<\/td>\n<td>Situation familiale actualis\u00e9e<\/td>\n<\/tr>\n<\/tbody>\n<\/table><\/figure>\n\n<p class=\"wp-block-paragraph\">Ce tableau repose sur les principes d\u00e9crits par la <a href=\"https:\/\/www.caf.fr\/professionnels\/offres-et-services\/partenaires-de-la-petite-enfance\/etablissements-d-accueil-du-jeune-enfant\/prestation-de-service-unique-psu\" target=\"_blank\" rel=\"noopener\">Caf pour la Prestation de service unique<\/a> et sur les r\u00e8gles g\u00e9n\u00e9rales du CMG consult\u00e9es en 2026. Il ne remplace pas le contrat propre \u00e0 un \u00e9tablissement ni une d\u00e9cision de la Caf sur un dossier individuel.<\/p>\n\n<p class=\"wp-block-paragraph\">Pour comparer les possibilit\u00e9s locales, la page consacr\u00e9e aux <a href=\"https:\/\/bebouillecreche.fr\/blog\/micro-creche-creche-nevers\/\">modes d\u2019accueil \u00e0 Nevers<\/a> permet de distinguer les \u00e9tablissements municipaux, les micro-cr\u00e8ches priv\u00e9es et les autres solutions recens\u00e9es. Le r\u00e9gime de facturation doit ensuite \u00eatre v\u00e9rifi\u00e9 aupr\u00e8s de chaque structure, avec la date de l\u2019information obtenue.<\/p>\n\n<h3 class=\"wp-block-heading\">Les frais annexes changent parfois davantage le total que 1 euro d\u2019\u00e9cart horaire<\/h3>\n\n<p class=\"wp-block-paragraph\">Deux contrats affich\u00e9s \u00e0 9 et 10 euros de l\u2019heure ne se comparent pas sans le d\u00e9tail des prestations. Le premier peut pr\u00e9voir un suppl\u00e9ment r\u00e9gulier, tandis que le second peut int\u00e9grer ce poste dans son prix. La diff\u00e9rence r\u00e9elle d\u00e9pend du total pay\u00e9 pour la m\u00eame p\u00e9riode d\u2019accueil.<\/p>\n\n<p class=\"wp-block-paragraph\">La demande utile est \u00e9crite en termes pr\u00e9cis. Il faut demander le prix de l\u2019heure, les frais obligatoires, le nombre de semaines factur\u00e9es, les fermetures d\u00e9duites, les r\u00e8gles pour les d\u00e9passements et la date \u00e0 laquelle les tarifs peuvent \u00eatre r\u00e9vis\u00e9s. Un \u00e9change t\u00e9l\u00e9phonique peut clarifier, mais seul le document contractuel fixe les obligations.<\/p>\n\n<p class=\"wp-block-paragraph\">Une micro-cr\u00e8che PAJE peut modifier sa grille \u00e0 l\u2019\u00e9ch\u00e9ance pr\u00e9vue au contrat ou au r\u00e8glement. La date de mise \u00e0 jour est donc une information aussi importante que le chiffre lui-m\u00eame. Un devis re\u00e7u plusieurs mois avant une admission doit \u00eatre relu avant la signature.<\/p>\n\n<h2 class=\"wp-block-heading\"><span class=\"ez-toc-section\" id=\"Comment_comparer_une_micro-creche_PAJE_et_une_creche_municipale_a_Nevers\"><\/span>Comment comparer une micro-cr\u00e8che PAJE et une cr\u00e8che municipale \u00e0 Nevers ?<span class=\"ez-toc-section-end\"><\/span><\/h2>\n\n<p class=\"wp-block-paragraph\">La comparaison commence par la disponibilit\u00e9 et les horaires compatibles avec le besoin r\u00e9el. Elle continue par le co\u00fbt, mais le calcul doit employer les m\u00eames hypoth\u00e8ses de temps d\u2019accueil. Comparer une mensualit\u00e9 PAJE sur 47 semaines \u00e0 une estimation municipale sur un autre volume d\u2019heures ne produit pas un r\u00e9sultat exploitable.<\/p>\n\n<p class=\"wp-block-paragraph\">Les cr\u00e8ches municipales utilisent habituellement le bar\u00e8me de participation familiale lorsque leur fonctionnement rel\u00e8ve de la PSU. Le prix parental varie donc avec les revenus et la composition du foyer. La page sur les <a href=\"https:\/\/bebouillecreche.fr\/blog\/creches-municipales-nevers\/\">cr\u00e8ches municipales de Nevers<\/a> doit \u00eatre lue avec les dates de v\u00e9rification figurant sur chaque information locale.<\/p>\n\n<p class=\"wp-block-paragraph\">Une micro-cr\u00e8che PAJE peut sembler plus ch\u00e8re sur la premi\u00e8re facture parce que le tarif contractuel est affich\u00e9 avant aide. Une place municipale peut sembler plus simple \u00e0 chiffrer parce que le bar\u00e8me est appliqu\u00e9 directement. Ces apparences ne remplacent pas un calcul complet sur les m\u00eames heures et sur les aides r\u00e9ellement ouvertes.<\/p>\n\n<p class=\"wp-block-paragraph\">Le bon tableau de comparaison comporte un nombre limit\u00e9 de lignes, mais chaque ligne doit \u00eatre document\u00e9e. Il faut inscrire le prix brut, les heures annuelles, les frais obligatoires, le montant de CMG estim\u00e9 ou confirm\u00e9, puis le reste mensuel avant cr\u00e9dit d\u2019imp\u00f4t. Lorsque l\u2019un de ces chiffres manque, la comparaison reste incompl\u00e8te.<\/p>\n\n<p class=\"wp-block-paragraph\">Les communes de la premi\u00e8re couronne peuvent pr\u00e9senter une offre diff\u00e9rente de celle du centre de Nevers. Les informations de disponibilit\u00e9, d\u2019horaires et de conditions d\u2019inscription ne doivent pas \u00eatre d\u00e9duites d\u2019une commune \u00e0 l\u2019autre. Le dossier local consacr\u00e9 aux <a href=\"https:\/\/bebouillecreche.fr\/blog\/creches-coulanges-varennes\/\">cr\u00e8ches de Coulanges-l\u00e8s-Nevers et Varennes-Vauzelles<\/a> sert \u00e0 rep\u00e9rer les interlocuteurs, sans pr\u00e9sumer du co\u00fbt d\u2019une place.<\/p>\n\n<h3 class=\"wp-block-heading\">La commission d\u2019attribution et le contrat r\u00e9pondent \u00e0 deux moments distincts<\/h3>\n\n<p class=\"wp-block-paragraph\">L\u2019obtention d\u2019une place et le choix financier ne se d\u00e9roulent pas toujours au m\u00eame moment. Une commission d\u2019attribution municipale statue selon ses propres r\u00e8gles, tandis qu\u2019une micro-cr\u00e8che priv\u00e9e peut traiter les demandes directement. Le calendrier local doit \u00eatre demand\u00e9 au <strong>service petite enfance<\/strong> ou au Relais Petite Enfance comp\u00e9tent.<\/p>\n\n<p class=\"wp-block-paragraph\">Une fois une proposition re\u00e7ue, le contrat permet de chiffrer. Avant cette \u00e9tape, un parent peut comparer des grilles, mais ne peut pas conna\u00eetre pr\u00e9cis\u00e9ment une mensualit\u00e9 si les heures, les semaines et les frais ne sont pas arr\u00eat\u00e9s. Cette distinction \u00e9vite de rejeter une solution sur la base d\u2019un prix incomplet.<\/p>\n\n<p class=\"wp-block-paragraph\">Le statut d\u2019activit\u00e9 d\u2019une structure doit \u00eatre v\u00e9rifi\u00e9 avant de constituer un dossier ou de verser une somme. Le registre des entreprises et les informations publi\u00e9es par les collectivit\u00e9s constituent des points de contr\u00f4le compl\u00e9mentaires. Une fiche non dat\u00e9e, m\u00eame pr\u00e9sente dans un annuaire, ne suffit pas \u00e0 confirmer qu\u2019un \u00e9tablissement accueille toujours des familles.<\/p>\n\n<p class=\"wp-block-paragraph\">Les pages locales doivent \u00e9galement distinguer une information relev\u00e9e directement, un document publi\u00e9 et une information qui reste \u00e0 v\u00e9rifier. Pour les tarifs, une case vide est pr\u00e9f\u00e9rable \u00e0 un montant repris d\u2019un ancien article. Cette rigueur compte particuli\u00e8rement dans le secteur priv\u00e9, o\u00f9 le prix peut changer sans suivre le bar\u00e8me national.<\/p>\n\n<figure class=\"is-provider-youtube is-type-video wp-block-embed wp-block-embed-youtube wp-embed-aspect-16-9 wp-has-aspect-ratio\"><div class=\"wp-block-embed__wrapper\">\n<iframe loading=\"lazy\" title=\"6 raisons pour lesquelles cr\u00e9er une micro-cr\u00e8che \u00e0 domicile est un business rentable\" width=\"500\" height=\"281\" src=\"https:\/\/www.youtube.com\/embed\/UhDxoJIfB2Q?feature=oembed\" frameborder=\"0\" allow=\"accelerometer; autoplay; clipboard-write; encrypted-media; gyroscope; picture-in-picture; web-share\" referrerpolicy=\"strict-origin-when-cross-origin\" allowfullscreen><\/iframe>\n<\/div><\/figure>\n\n<h2 class=\"wp-block-heading\"><span class=\"ez-toc-section\" id=\"Quels_documents_demander_avant_de_signer_un_contrat_en_micro-creche_PAJE\"><\/span>Quels documents demander avant de signer un contrat en micro-cr\u00e8che PAJE ?<span class=\"ez-toc-section-end\"><\/span><\/h2>\n\n<p class=\"wp-block-paragraph\">La tarification libre impose de demander des documents pr\u00e9cis. Un \u00e9change oral donne une premi\u00e8re indication, mais une d\u00e9cision portant sur plusieurs mois de d\u00e9pense doit reposer sur une proposition dat\u00e9e. Le montant qui compte est celui inscrit dans le contrat ou l\u2019annexe tarifaire applicable \u00e0 la p\u00e9riode d\u2019accueil.<\/p>\n\n<p class=\"wp-block-paragraph\">Le document principal est le contrat d\u2019accueil. Il doit permettre d\u2019identifier le nombre d\u2019heures r\u00e9serv\u00e9es, la m\u00e9thode de mensualisation, la p\u00e9riode contractuelle et le prix retenu. Il doit aussi indiquer la r\u00e8gle appliqu\u00e9e aux heures au-del\u00e0 du volume pr\u00e9vu, aux absences, aux jours de fermeture et aux modifications de planning.<\/p>\n\n<p class=\"wp-block-paragraph\">Le r\u00e8glement de fonctionnement compl\u00e8te g\u00e9n\u00e9ralement le contrat. Il peut pr\u00e9ciser les dates de fermeture, les conditions de facturation et les \u00e9ventuels frais. Les informations g\u00e9n\u00e9rales sur le cadre applicable aux \u00e9tablissements d\u2019accueil du jeune enfant sont accessibles dans le <a href=\"https:\/\/www.legifrance.gouv.fr\/codes\/id\/LEGISCTA000045287506\" target=\"_blank\" rel=\"noopener\">code de la sant\u00e9 publique sur L\u00e9gifrance<\/a>, mais les conditions financi\u00e8res exactes d\u2019une micro-cr\u00e8che restent celles de ses documents contractuels.<\/p>\n\n<p class=\"wp-block-paragraph\">La simulation CMG doit \u00eatre faite s\u00e9par\u00e9ment, avec les donn\u00e9es exactes du foyer. La famille doit conserver le r\u00e9sultat et v\u00e9rifier que le mode d\u2019accueil d\u00e9clar\u00e9 correspond bien \u00e0 la situation contractuelle. La Caf reste l\u2019interlocuteur comp\u00e9tent pour confirmer les droits, les justificatifs \u00e0 fournir et les cons\u00e9quences d\u2019un changement d\u2019horaires.<\/p>\n\n<h3 class=\"wp-block-heading\">Les v\u00e9rifications \u00e0 effectuer avant toute signature<\/h3>\n\n<ol class=\"wp-block-list\"><li>Demander une <strong>grille tarifaire dat\u00e9e<\/strong> avec le prix horaire ou le forfait correspondant au contrat envisag\u00e9.<\/li><li>Faire pr\u00e9ciser par \u00e9crit les frais obligatoires qui s\u2019ajoutent \u00e0 la mensualit\u00e9 et ceux qui sont d\u00e9j\u00e0 inclus.<\/li><li>Comparer le nombre d\u2019heures annuelles r\u00e9ellement factur\u00e9es, plut\u00f4t qu\u2019un seul montant mensuel.<\/li><li>V\u00e9rifier les p\u00e9riodes de fermeture pr\u00e9vues, car elles influencent le volume d\u2019accueil et la mensualisation.<\/li><li>R\u00e9aliser une simulation du CMG avec les donn\u00e9es du foyer, puis conserver le d\u00e9tail du calcul.<\/li><\/ol>\n\n<p class=\"wp-block-paragraph\">Ces v\u00e9rifications servent aussi lorsqu\u2019un contrat est modifi\u00e9. Une hausse du nombre d\u2019heures, un changement de jours r\u00e9serv\u00e9s ou une nouvelle grille peuvent modifier le prix factur\u00e9 et le droit au CMG. Le parent doit demander le nouveau document avant que la modification prenne effet.<\/p>\n\n<p class=\"wp-block-paragraph\">La question de la <strong>cr\u00e9ation micro-cr\u00e8che<\/strong> rel\u00e8ve d\u2019un autre objet et ne permet pas de d\u00e9duire les tarifs des \u00e9tablissements existants. Pour une famille, le point d\u00e9terminant est le contrat d\u2019une place disponible, son prix dat\u00e9, les heures comprises et l\u2019aide effectivement calcul\u00e9e par la Caf.<\/p>\n\n<p class=\"wp-block-paragraph\">Le lundi suivant une proposition de place, la d\u00e9marche utile consiste \u00e0 demander le contrat, le r\u00e8glement et un chiffrage complet sur les heures pr\u00e9vues. Le Relais Petite Enfance, la Caf et le service petite enfance de la commune restent les interlocuteurs \u00e0 solliciter pour tout point qui d\u00e9pend d\u2019un dossier individuel.<\/p>\n\n<script type=\"application\/ld+json\">\n{\"@context\":\"https:\/\/schema.org\",\"@type\":\"FAQPage\",\"mainEntity\":[{\"@type\":\"Question\",\"name\":\"Une micro-cru00e8che PAJE doit-elle appliquer le mu00eame tarif u00e0 toutes les familles ?\",\"acceptedAnswer\":{\"@type\":\"Answer\",\"text\":\"Le gestionnaire fixe sa grille tarifaire dans le cadre contractuel quu2019il propose. Le prix peut u00eatre pru00e9sentu00e9 comme un tarif commun, mais le reste u00e0 charge varie ensuite selon le CMG obtenu par chaque foyer.\"}},{\"@type\":\"Question\",\"name\":\"Le CMG est-il du00e9duit automatiquement de la facture de micro-cru00e8che ?\",\"acceptedAnswer\":{\"@type\":\"Answer\",\"text\":\"Le circuit du00e9pend des modalitu00e9s pru00e9vues entre la famille, la structure et la Caf. Il faut distinguer la facture u00e9mise par la micro-cru00e8che et le versement de lu2019aide, puis vu00e9rifier les modalitu00e9s applicables au dossier aupru00e8s de la Caf.\"}},{\"@type\":\"Question\",\"name\":\"Pourquoi une cru00e8che municipale parau00eet-elle souvent moins chu00e8re sur la facture ?\",\"acceptedAnswer\":{\"@type\":\"Answer\",\"text\":\"Lorsquu2019elle applique la PSU, la participation familiale est calculu00e9e avec le baru00e8me national selon les ressources et le nombre du2019enfants u00e0 charge. En PAJE, la facture part du tarif libre de la structure avant prise en compte du CMG.\"}},{\"@type\":\"Question\",\"name\":\"Quel document permet de connau00eetre le cou00fbt ru00e9el du2019une micro-cru00e8che PAJE ?\",\"acceptedAnswer\":{\"@type\":\"Answer\",\"text\":\"Il faut ru00e9unir un contrat ou un devis datu00e9 indiquant les heures et les frais, puis une simulation CMG correspondant aux donnu00e9es ru00e9elles du foyer. Le cru00e9dit du2019impu00f4t u00e9ventuel doit u00eatre examinu00e9 su00e9paru00e9ment.\"}}]}\n<\/script>\n<h3>Une micro-cr\u00e8che PAJE doit-elle appliquer le m\u00eame tarif \u00e0 toutes les familles ?<\/h3>\n<p>Le gestionnaire fixe sa grille tarifaire dans le cadre contractuel qu\u2019il propose. Le prix peut \u00eatre pr\u00e9sent\u00e9 comme un tarif commun, mais le reste \u00e0 charge varie ensuite selon le CMG obtenu par chaque foyer.<\/p>\n<h3>Le CMG est-il d\u00e9duit automatiquement de la facture de micro-cr\u00e8che ?<\/h3>\n<p>Le circuit d\u00e9pend des modalit\u00e9s pr\u00e9vues entre la famille, la structure et la Caf. Il faut distinguer la facture \u00e9mise par la micro-cr\u00e8che et le versement de l\u2019aide, puis v\u00e9rifier les modalit\u00e9s applicables au dossier aupr\u00e8s de la Caf.<\/p>\n<h3>Pourquoi une cr\u00e8che municipale para\u00eet-elle souvent moins ch\u00e8re sur la facture ?<\/h3>\n<p>Lorsqu\u2019elle applique la PSU, la participation familiale est calcul\u00e9e avec le bar\u00e8me national selon les ressources et le nombre d\u2019enfants \u00e0 charge. En PAJE, la facture part du tarif libre de la structure avant prise en compte du CMG.<\/p>\n<h3>Quel document permet de conna\u00eetre le co\u00fbt r\u00e9el d\u2019une micro-cr\u00e8che PAJE ?<\/h3>\n<p>Il faut r\u00e9unir un contrat ou un devis dat\u00e9 indiquant les heures et les frais, puis une simulation CMG correspondant aux donn\u00e9es r\u00e9elles du foyer. Le cr\u00e9dit d\u2019imp\u00f4t \u00e9ventuel doit \u00eatre examin\u00e9 s\u00e9par\u00e9ment.<\/p>\n\n","protected":false},"excerpt":{"rendered":"<p>Dans une micro-cr\u00e8che PAJE, le gestionnaire fixe le prix demand\u00e9 aux familles, car la Caf n\u2019applique pas le bar\u00e8me national des participations familiales de la PSU. Les parents r\u00e8glent la facture \u00e0 la structure, puis le CMG peut r\u00e9duire une partie de la d\u00e9pense selon leur dossier. Cette page traite du co\u00fbt garde enfants dans [&hellip;]<\/p>\n","protected":false},"author":1,"featured_media":0,"comment_status":"open","ping_status":"closed","sticky":false,"template":"","format":"standard","meta":{"footnotes":""},"categories":[17],"tags":[],"class_list":["post-90","post","type-post","status-publish","format-standard","hentry","category-tarifs-et-aides"],"_links":{"self":[{"href":"https:\/\/bebouillecreche.fr\/blog\/wp-json\/wp\/v2\/posts\/90","targetHints":{"allow":["GET"]}}],"collection":[{"href":"https:\/\/bebouillecreche.fr\/blog\/wp-json\/wp\/v2\/posts"}],"about":[{"href":"https:\/\/bebouillecreche.fr\/blog\/wp-json\/wp\/v2\/types\/post"}],"author":[{"embeddable":true,"href":"https:\/\/bebouillecreche.fr\/blog\/wp-json\/wp\/v2\/users\/1"}],"replies":[{"embeddable":true,"href":"https:\/\/bebouillecreche.fr\/blog\/wp-json\/wp\/v2\/comments?post=90"}],"version-history":[{"count":0,"href":"https:\/\/bebouillecreche.fr\/blog\/wp-json\/wp\/v2\/posts\/90\/revisions"}],"wp:attachment":[{"href":"https:\/\/bebouillecreche.fr\/blog\/wp-json\/wp\/v2\/media?parent=90"}],"wp:term":[{"taxonomy":"category","embeddable":true,"href":"https:\/\/bebouillecreche.fr\/blog\/wp-json\/wp\/v2\/categories?post=90"},{"taxonomy":"post_tag","embeddable":true,"href":"https:\/\/bebouillecreche.fr\/blog\/wp-json\/wp\/v2\/tags?post=90"}],"curies":[{"name":"wp","href":"https:\/\/api.w.org\/{rel}","templated":true}]}}