{"id":89,"date":"2026-08-31T11:04:17","date_gmt":"2026-08-31T11:04:17","guid":{"rendered":"https:\/\/bebouillecreche.fr\/blog\/micro-creches-nevers-places\/"},"modified":"2026-08-31T11:04:17","modified_gmt":"2026-08-31T11:04:17","slug":"micro-creches-nevers-places","status":"publish","type":"post","link":"https:\/\/bebouillecreche.fr\/blog\/micro-creches-nevers-places\/","title":{"rendered":"Micro-cr\u00e8ches ferm\u00e9es \u00e0 Nevers : o\u00f9 sont pass\u00e9es les places"},"content":{"rendered":"<p class=\"wp-block-paragraph\"><strong>La fermeture administrative de la micro-cr\u00e8che Citrouille, au 27 rue de Parigny \u00e0 Nevers, a pris effet le 4 juillet 2025 \u00e0 18 heures.<\/strong> Elle a retir\u00e9 de l\u2019offre locale les places autoris\u00e9es de cette structure, sans qu\u2019un transfert automatique vers une cr\u00e8che municipale, une halte-garderie ou une autre solution de garde d&rsquo;enfants soit annonc\u00e9.<\/p>\n\n<p class=\"wp-block-paragraph\"><strong>En bref<\/strong><\/p>\n\n<ul class=\"wp-block-list\"><li>La d\u00e9cision publi\u00e9e par le D\u00e9partement concerne la micro-cr\u00e8che Citrouille situ\u00e9e rue de Parigny, et non une simple modification d\u2019horaires.<\/li><li>Les annuaires qui affichent encore Citrouille comme ouverte diffusent une information contredite par l\u2019arr\u00eat\u00e9 de fermeture du <strong>4 juillet 2025<\/strong>.<\/li><li>Les places disparues ne sont pas redistribu\u00e9es automatiquement entre les autres \u00e9tablissements de Nevers.<\/li><li>La Ville de Nevers indique g\u00e9rer <strong>six cr\u00e8ches collectives, une cr\u00e8che familiale et un jardin d\u2019enfants<\/strong>, avec une proc\u00e9dure distincte de celle des micro-cr\u00e8ches priv\u00e9es.<\/li><li>Une recherche de place doit distinguer une fermeture confirm\u00e9e, une liste d\u2019attente et des places disponibles r\u00e9ellement communiqu\u00e9es par la structure.<\/li><\/ul>\n\n<p class=\"wp-block-paragraph\">Ce relev\u00e9 couvre <strong>Nevers et sa premi\u00e8re couronne<\/strong>, dont Coulanges-l\u00e8s-Nevers, Varennes-Vauzelles, Marzy, Fourchambault, Challuy, Sermoise-sur-Loire, Garchizy et Pougues-les-Eaux. Il traite des places, des d\u00e9marches et de l\u2019information publi\u00e9e sur les fermetures ; il ne traite ni de la sant\u00e9 ni du d\u00e9veloppement de l\u2019enfant.<\/p>\n\n<div id=\"ez-toc-container\" class=\"ez-toc-v2_0_87 counter-hierarchy ez-toc-counter ez-toc-grey ez-toc-container-direction\">\n<div class=\"ez-toc-title-container\">\n<p class=\"ez-toc-title\" style=\"cursor:inherit\">Sommaire<\/p>\n<span class=\"ez-toc-title-toggle\"><a href=\"#\" class=\"ez-toc-pull-right ez-toc-btn ez-toc-btn-xs ez-toc-btn-default ez-toc-toggle\" aria-label=\"Toggle Table of Content\"><span class=\"ez-toc-js-icon-con\"><span class=\"\"><span class=\"eztoc-hide\" style=\"display:none;\">Toggle<\/span><span class=\"ez-toc-icon-toggle-span\"><svg style=\"fill: #999;color:#999\" xmlns=\"http:\/\/www.w3.org\/2000\/svg\" class=\"list-377408\" width=\"20px\" height=\"20px\" viewBox=\"0 0 24 24\" fill=\"none\"><path d=\"M6 6H4v2h2V6zm14 0H8v2h12V6zM4 11h2v2H4v-2zm16 0H8v2h12v-2zM4 16h2v2H4v-2zm16 0H8v2h12v-2z\" fill=\"currentColor\"><\/path><\/svg><svg style=\"fill: #999;color:#999\" class=\"arrow-unsorted-368013\" xmlns=\"http:\/\/www.w3.org\/2000\/svg\" width=\"10px\" height=\"10px\" viewBox=\"0 0 24 24\" version=\"1.2\" baseProfile=\"tiny\"><path d=\"M18.2 9.3l-6.2-6.3-6.2 6.3c-.2.2-.3.4-.3.7s.1.5.3.7c.2.2.4.3.7.3h11c.3 0 .5-.1.7-.3.2-.2.3-.5.3-.7s-.1-.5-.3-.7zM5.8 14.7l6.2 6.3 6.2-6.3c.2-.2.3-.5.3-.7s-.1-.5-.3-.7c-.2-.2-.4-.3-.7-.3h-11c-.3 0-.5.1-.7.3-.2.2-.3.5-.3.7s.1.5.3.7z\"\/><\/svg><\/span><\/span><\/span><\/a><\/span><\/div>\n<nav><ul class='ez-toc-list ez-toc-list-level-1 eztoc-toggle-hide-by-default' ><li class='ez-toc-page-1 ez-toc-heading-level-2'><a class=\"ez-toc-link ez-toc-heading-1\" href=\"https:\/\/bebouillecreche.fr\/blog\/micro-creches-nevers-places\/#Quelle_micro-creche_a_ferme_a_Nevers_et_a_quelle_date\" >Quelle micro-cr\u00e8che a ferm\u00e9 \u00e0 Nevers et \u00e0 quelle date ?<\/a><\/li><li class='ez-toc-page-1 ez-toc-heading-level-2'><a class=\"ez-toc-link ez-toc-heading-2\" href=\"https:\/\/bebouillecreche.fr\/blog\/micro-creches-nevers-places\/#Ou_sont_passees_les_places_apres_la_fermeture_des_micro-creches_a_Nevers\" >O\u00f9 sont pass\u00e9es les places apr\u00e8s la fermeture des micro-cr\u00e8ches \u00e0 Nevers ?<\/a><\/li><li class='ez-toc-page-1 ez-toc-heading-level-2'><a class=\"ez-toc-link ez-toc-heading-3\" href=\"https:\/\/bebouillecreche.fr\/blog\/micro-creches-nevers-places\/#Comment_deposer_une_demande_apres_une_fermeture_de_micro-creche_a_Nevers\" >Comment d\u00e9poser une demande apr\u00e8s une fermeture de micro-cr\u00e8che \u00e0 Nevers ?<\/a><\/li><li class='ez-toc-page-1 ez-toc-heading-level-2'><a class=\"ez-toc-link ez-toc-heading-4\" href=\"https:\/\/bebouillecreche.fr\/blog\/micro-creches-nevers-places\/#Quel_cout_comparer_entre_creche_municipale_et_micro-creche_apres_une_fermeture\" >Quel co\u00fbt comparer entre cr\u00e8che municipale et micro-cr\u00e8che apr\u00e8s une fermeture ?<\/a><\/li><li class='ez-toc-page-1 ez-toc-heading-level-2'><a class=\"ez-toc-link ez-toc-heading-5\" href=\"https:\/\/bebouillecreche.fr\/blog\/micro-creches-nevers-places\/#Comment_suivre_les_fermetures_et_ouvertures_sans_se_fier_aux_annuaires_obsoletes\" >Comment suivre les fermetures et ouvertures sans se fier aux annuaires obsol\u00e8tes ?<\/a><\/li><\/ul><\/nav><\/div>\n<h2 class=\"wp-block-heading\"><span class=\"ez-toc-section\" id=\"Quelle_micro-creche_a_ferme_a_Nevers_et_a_quelle_date\"><\/span>Quelle micro-cr\u00e8che a ferm\u00e9 \u00e0 Nevers et \u00e0 quelle date ?<span class=\"ez-toc-section-end\"><\/span><\/h2>\n\n<p class=\"wp-block-paragraph\">Le Conseil d\u00e9partemental de la Ni\u00e8vre a publi\u00e9, le <strong>7 juillet 2025<\/strong>, une d\u00e9cision administrative concernant la micro-cr\u00e8che Citrouille. Le document indique que l\u2019\u00e9tablissement rattach\u00e9 \u00e0 la SASU de M. Wilmo Eric, situ\u00e9 au <strong>27 rue de Parigny, 58000 Nevers<\/strong>, est ferm\u00e9 \u00e0 compter du vendredi <strong>4 juillet 2025 \u00e0 18 heures<\/strong>. La formulation est nette : il s\u2019agit d\u2019une fermeture par d\u00e9cision administrative, pas d\u2019une fermeture estivale ou d\u2019un arr\u00eat temporaire annonc\u00e9 comme tel.<\/p>\n\n<p class=\"wp-block-paragraph\">La source \u00e0 retenir est la publication du <a href=\"https:\/\/nievre.fr\" target=\"_blank\" rel=\"noopener\">Conseil d\u00e9partemental de la Ni\u00e8vre<\/a>, dat\u00e9e du 7 juillet 2025. Elle doit primer sur les pages d\u2019annuaires qui continuent de pr\u00e9senter Citrouille comme une micro-cr\u00e8che ouverte jusqu\u2019\u00e0 18 heures. Une fiche non actualis\u00e9e peut conserver une adresse, un type d\u2019accueil et des horaires anciens pendant plusieurs mois. Elle ne prouve pas qu\u2019une structure accueille encore des familles.<\/p>\n\n<p class=\"wp-block-paragraph\">La confusion est renforc\u00e9e par l\u2019existence de r\u00e9sultats web associant le nom Citrouille \u00e0 des informations contradictoires. Certains pr\u00e9sentent le m\u00eame \u00e9tablissement comme une micro-cr\u00e8che, d\u2019autres comme une cr\u00e8che familiale, parfois \u00e0 la m\u00eame adresse. Ces \u00e9carts ne permettent pas de reconstituer une capacit\u00e9 active. Seule une d\u00e9cision de l\u2019autorit\u00e9 comp\u00e9tente, accompagn\u00e9e d\u2019une date, permet d\u2019\u00e9tablir qu\u2019une fermeture est effective.<\/p>\n\n<p class=\"wp-block-paragraph\">La fermeture d\u2019une micro-cr\u00e8che ne signifie pas que ses places ont \u00e9t\u00e9 absorb\u00e9es par les autres structures du bassin. Une autorisation d\u2019accueil est li\u00e9e \u00e0 un gestionnaire, \u00e0 des locaux et \u00e0 une d\u00e9cision administrative. Lorsqu\u2019une activit\u00e9 cesse, les familles doivent entreprendre une nouvelle recherche. Elles ne sont pas automatiquement bascul\u00e9es vers une cr\u00e8che municipale, une halte-garderie ou une autre micro-cr\u00e8che.<\/p>\n\n<p class=\"wp-block-paragraph\">Cette distinction compte au moment de constituer un dossier. Une famille qui attendrait la r\u00e9ouverture suppos\u00e9e d\u2019un \u00e9tablissement ferm\u00e9 perdrait du temps dans un contexte de <strong>manque de place<\/strong>. Le bon ordre consiste \u00e0 \u00e9carter la structure ferm\u00e9e de la liste, \u00e0 v\u00e9rifier le statut des autres \u00e9tablissements puis \u00e0 demander, pour chacun, si une place est propos\u00e9e \u00e0 une date donn\u00e9e. Un annuaire reste utile pour rep\u00e9rer une adresse, mais il ne remplace pas cette v\u00e9rification.<\/p>\n\n<p class=\"wp-block-paragraph\">Le statut d\u2019une entreprise peut aussi \u00eatre contr\u00f4l\u00e9 dans le <a href=\"https:\/\/annuaire-entreprises.data.gouv.fr\/\" target=\"_blank\" rel=\"noopener\">registre national des entreprises<\/a>. Cette v\u00e9rification doit \u00eatre dat\u00e9e, car le registre renseigne l\u2019existence juridique d\u2019une soci\u00e9t\u00e9 sans, \u00e0 lui seul, confirmer l\u2019ouverture effective d\u2019un lieu d\u2019accueil \u00e0 une heure pr\u00e9cise. Pour une structure d&rsquo;accueil, l\u2019appel direct et le document administratif restent compl\u00e9mentaires.<\/p>\n\n<h3 class=\"wp-block-heading\">Pourquoi la date du 4 juillet 2025 change la recherche de places<\/h3>\n\n<p class=\"wp-block-paragraph\">Une fermeture administrative produit un effet imm\u00e9diat sur les recherches engag\u00e9es apr\u00e8s cette date. Une demande d\u00e9pos\u00e9e aupr\u00e8s de Citrouille avant le 4 juillet 2025 ne vaut pas demande aupr\u00e8s d\u2019un autre \u00e9tablissement. De m\u00eame, les coordonn\u00e9es parfois reprises dans les r\u00e9sultats de recherche ne permettent pas de r\u00e9server une place. Elles d\u00e9crivent une information ancienne, pas une disponibilit\u00e9 actuelle.<\/p>\n\n<p class=\"wp-block-paragraph\">Le D\u00e9partement est l\u2019interlocuteur public qui autorise et contr\u00f4le les \u00e9tablissements d\u2019accueil du jeune enfant dans le cadre pr\u00e9vu par le <a href=\"https:\/\/www.legifrance.gouv.fr\/codes\/id\/LEGISCTA000043895211\/\" target=\"_blank\" rel=\"noopener\">code de la sant\u00e9 publique<\/a>. La cons\u00e9quence pratique est simple : lorsqu\u2019une d\u00e9cision de fermeture est publi\u00e9e, elle l\u2019emporte sur une fiche commerciale ou sur un annuaire dont la date de mise \u00e0 jour n\u2019appara\u00eet pas.<\/p>\n\n<p class=\"wp-block-paragraph\">Les micro-cr\u00e8ches ferm\u00e9es ne doivent donc pas \u00eatre compt\u00e9es dans une estimation de l\u2019offre r\u00e9ellement accessible. C\u2019est le point qui fausse le plus souvent les comparaisons locales. Une carte peut afficher sept ou huit \u00e9tablissements ; si l\u2019une des lignes correspond \u00e0 une fermeture administrative, le nombre de lieux o\u00f9 un dossier peut \u00eatre d\u00e9pos\u00e9 est inf\u00e9rieur.<\/p>\n\n<p class=\"wp-block-paragraph\">La recherche doit d\u00e9sormais se d\u00e9placer vers les \u00e9tablissements dont le statut est v\u00e9rifi\u00e9 et vers le guichet comp\u00e9tent de la Ville. Le sujet suivant n\u2019est plus l\u2019ancien nombre de places autoris\u00e9es chez Citrouille, mais le nombre de places disponibles qu\u2019une autre structure d\u00e9clare r\u00e9ellement pour la p\u00e9riode demand\u00e9e.<\/p>\n\n<figure class=\"is-provider-youtube is-type-video wp-block-embed wp-block-embed-youtube wp-embed-aspect-16-9 wp-has-aspect-ratio\"><div class=\"wp-block-embed__wrapper\">\n<iframe loading=\"lazy\" title=\"Nevers, ou la vie derri\u00e8re les fen\u00eatres pendant le confinement\" width=\"500\" height=\"281\" src=\"https:\/\/www.youtube.com\/embed\/g-5CWsL9NEM?feature=oembed\" frameborder=\"0\" allow=\"accelerometer; autoplay; clipboard-write; encrypted-media; gyroscope; picture-in-picture; web-share\" referrerpolicy=\"strict-origin-when-cross-origin\" allowfullscreen><\/iframe>\n<\/div><\/figure>\n\n<h2 class=\"wp-block-heading\"><span class=\"ez-toc-section\" id=\"Ou_sont_passees_les_places_apres_la_fermeture_des_micro-creches_a_Nevers\"><\/span>O\u00f9 sont pass\u00e9es les places apr\u00e8s la fermeture des micro-cr\u00e8ches \u00e0 Nevers ?<span class=\"ez-toc-section-end\"><\/span><\/h2>\n\n<p class=\"wp-block-paragraph\">Les places d\u2019une micro-cr\u00e8che ferm\u00e9e ne \u00ab passent \u00bb pas m\u00e9caniquement dans une autre structure. Elles disparaissent de l\u2019offre active tant qu\u2019un autre gestionnaire ne re\u00e7oit pas d\u2019autorisation pour un lieu, une capacit\u00e9 et un fonctionnement d\u00e9termin\u00e9s. La fermeture de Citrouille a donc r\u00e9duit l\u2019offre disponible \u00e0 l\u2019adresse de la rue de Parigny \u00e0 compter du 4 juillet 2025.<\/p>\n\n<p class=\"wp-block-paragraph\">Cette pr\u00e9cision \u00e9vite un raisonnement trompeur. Il serait inexact d\u2019additionner les capacit\u00e9s publi\u00e9es dans d\u2019anciens annuaires, puis de d\u00e9duire qu\u2019elles restent mobilisables apr\u00e8s une fermeture. Une capacit\u00e9 autoris\u00e9e dans un \u00e9tablissement ferm\u00e9 ne constitue plus une place disponible. Elle ne devient pas automatiquement une place en cr\u00e8che municipale, ni une place chez une assistante maternelle, ni une place dans une halte-garderie.<\/p>\n\n<p class=\"wp-block-paragraph\">La Ville de Nevers pr\u00e9sente sur sa page consacr\u00e9e aux <a href=\"https:\/\/www.nevers.fr\" target=\"_blank\" rel=\"noopener\">structures d\u2019accueil de la petite enfance<\/a> une offre municipale compos\u00e9e de six cr\u00e8ches collectives, d\u2019une cr\u00e8che familiale et d\u2019un jardin d\u2019enfants. Cette information d\u00e9crit l\u2019organisation municipale publi\u00e9e par la collectivit\u00e9. Elle ne signifie pas que chacune de ces structures dispose d\u2019une place imm\u00e9diatement accessible apr\u00e8s la fermeture d\u2019une micro-cr\u00e8che priv\u00e9e.<\/p>\n\n<p class=\"wp-block-paragraph\">La diff\u00e9rence est administrative et financi\u00e8re. Une cr\u00e8che municipale rel\u00e8ve g\u00e9n\u00e9ralement d\u2019une demande centralis\u00e9e et d\u2019une commission d\u2019attribution. Une micro-cr\u00e8che priv\u00e9e re\u00e7oit habituellement les demandes selon ses propres modalit\u00e9s. Apr\u00e8s une fermeture, les familles doivent donc parfois effectuer plusieurs d\u00e9marches parall\u00e8les : d\u00e9p\u00f4t aupr\u00e8s du Relais Petite Enfance pour l\u2019offre municipale, appels directs aux structures priv\u00e9es encore actives et v\u00e9rification d\u2019alternatives dans la premi\u00e8re couronne.<\/p>\n\n<p class=\"wp-block-paragraph\">Le terme de <strong>p\u00e9nurie de places<\/strong> doit \u00eatre utilis\u00e9 avec m\u00e9thode. Il ne suffit pas de constater une liste d\u2019attente ou des refus t\u00e9l\u00e9phoniques pour mesurer l\u2019offre totale. Une p\u00e9nurie locale se documente en comparant les capacit\u00e9s actives, les demandes d\u00e9pos\u00e9es sur une p\u00e9riode donn\u00e9e et les disponibilit\u00e9s r\u00e9ellement annonc\u00e9es. Les donn\u00e9es d\u00e9partementales de la <a href=\"https:\/\/drees.solidarites-sante.gouv.fr\/\" target=\"_blank\" rel=\"noopener\">DREES<\/a> permettent de situer l\u2019offre d\u2019accueil \u00e0 l\u2019\u00e9chelle de la Ni\u00e8vre, mais elles ne remplacent pas un relev\u00e9 structure par structure \u00e0 Nevers.<\/p>\n\n<figure class=\"wp-block-table\"><table>\n<thead>\n<tr>\n<th>Information examin\u00e9e<\/th>\n<th>Ce qu\u2019elle permet d\u2019\u00e9tablir<\/th>\n<th>Ce qu\u2019elle ne permet pas d\u2019\u00e9tablir<\/th>\n<th>Source et date<\/th>\n<\/tr>\n<\/thead>\n<tbody>\n<tr>\n<td>Fermeture de Citrouille, 27 rue de Parigny<\/td>\n<td>La structure n\u2019\u00e9tait plus autoris\u00e9e \u00e0 accueillir \u00e0 partir du 4 juillet 2025 \u00e0 18 heures<\/td>\n<td>Le nombre de places r\u00e9cup\u00e9r\u00e9es par d\u2019autres \u00e9tablissements<\/td>\n<td><a href=\"https:\/\/nievre.fr\" target=\"_blank\" rel=\"noopener\">Conseil d\u00e9partemental de la Ni\u00e8vre<\/a>, publication du 7 juillet 2025<\/td>\n<\/tr>\n<tr>\n<td>Six cr\u00e8ches collectives, une cr\u00e8che familiale et un jardin d\u2019enfants municipaux<\/td>\n<td>La composition de l\u2019offre annonc\u00e9e par la Ville<\/td>\n<td>Des places disponibles \u00e0 une date pr\u00e9cise<\/td>\n<td><a href=\"https:\/\/www.nevers.fr\" target=\"_blank\" rel=\"noopener\">Ville de Nevers<\/a>, page consult\u00e9e en 2026<\/td>\n<\/tr>\n<tr>\n<td>Annuaire des modes d\u2019accueil<\/td>\n<td>Une piste pour identifier des coordonn\u00e9es et des \u00e9tablissements d\u00e9clar\u00e9s<\/td>\n<td>La disponibilit\u00e9 imm\u00e9diate ou le maintien d\u2019une fiche obsol\u00e8te<\/td>\n<td><a href=\"https:\/\/monenfant.fr\" target=\"_blank\" rel=\"noopener\">monenfant.fr<\/a>, consultation \u00e0 renouveler avant tout appel<\/td>\n<\/tr>\n<\/tbody>\n<\/table><\/figure>\n\n<p class=\"wp-block-paragraph\">Le tableau distingue volontairement le statut, l\u2019inventaire et la disponibilit\u00e9. Les trois notions sont souvent confondues. Un \u00e9tablissement peut figurer dans un annuaire, \u00eatre juridiquement actif et ne proposer aucune place sur le cr\u00e9neau demand\u00e9. \u00c0 l\u2019inverse, une structure nouvellement ouverte peut ne pas encore appara\u00eetre partout en ligne.<\/p>\n\n<h3 class=\"wp-block-heading\">Comment v\u00e9rifier les places disponibles sans confondre liste d\u2019attente et capacit\u00e9<\/h3>\n\n<p class=\"wp-block-paragraph\">Une demande utile porte sur une date, un nombre de jours et une plage horaire. Demander seulement \u00ab avez-vous une place ? \u00bb produit souvent une r\u00e9ponse impr\u00e9cise. Il faut pr\u00e9ciser la p\u00e9riode vis\u00e9e, par exemple une arriv\u00e9e \u00e0 partir de septembre, le volume hebdomadaire et l\u2019heure de d\u00e9p\u00f4t ou de reprise n\u00e9cessaire. Sans ces \u00e9l\u00e9ments, une structure ne peut pas comparer la demande avec ses d\u00e9parts pr\u00e9vus.<\/p>\n\n<p class=\"wp-block-paragraph\">Le relev\u00e9 t\u00e9l\u00e9phonique doit conserver trois informations : la date de l\u2019appel, la r\u00e9ponse sur les disponibilit\u00e9s et le canal de confirmation propos\u00e9. Si aucune place n\u2019est annonc\u00e9e mais qu\u2019une liste d\u2019attente existe, cette r\u00e9ponse doit \u00eatre not\u00e9e comme telle. Une liste d\u2019attente n\u2019est pas une place r\u00e9serv\u00e9e et une promesse orale sans date n\u2019est pas une admission.<\/p>\n\n<p class=\"wp-block-paragraph\">Les tarifs et les horaires doivent \u00eatre demand\u00e9s dans le m\u00eame appel. Une disponibilit\u00e9 dont les heures ne correspondent pas au contrat de travail ne r\u00e8gle pas le besoin de garde d&rsquo;enfants. Une place annonc\u00e9e de 8 heures \u00e0 17 heures ne r\u00e9pond pas \u00e0 une contrainte n\u00e9cessitant une ouverture avant 8 heures ou une fermeture apr\u00e8s 18 heures.<\/p>\n\n<p class=\"wp-block-paragraph\">La fermeture de Citrouille impose donc une v\u00e9rification plus stricte, pas une recherche plus large au hasard. Il faut retirer les \u00e9tablissements ferm\u00e9s de la liste, puis interroger les structures actives avec une demande dat\u00e9e et compl\u00e8te.<\/p>\n\n<figure class=\"is-provider-youtube is-type-video wp-block-embed wp-block-embed-youtube wp-embed-aspect-16-9 wp-has-aspect-ratio\"><div class=\"wp-block-embed__wrapper\">\n<iframe loading=\"lazy\" title=\"Quelle est la diff\u00e9rence entre une cr\u00e8che, une micro cr\u00e8che et une micro cr\u00e8che \u00e0 domicile ?\" width=\"500\" height=\"281\" src=\"https:\/\/www.youtube.com\/embed\/ZeGamBCmXRM?feature=oembed\" frameborder=\"0\" allow=\"accelerometer; autoplay; clipboard-write; encrypted-media; gyroscope; picture-in-picture; web-share\" referrerpolicy=\"strict-origin-when-cross-origin\" allowfullscreen><\/iframe>\n<\/div><\/figure>\n\n<h2 class=\"wp-block-heading\"><span class=\"ez-toc-section\" id=\"Comment_deposer_une_demande_apres_une_fermeture_de_micro-creche_a_Nevers\"><\/span>Comment d\u00e9poser une demande apr\u00e8s une fermeture de micro-cr\u00e8che \u00e0 Nevers ?<span class=\"ez-toc-section-end\"><\/span><\/h2>\n\n<p class=\"wp-block-paragraph\">Apr\u00e8s la fermeture d\u2019une micro-cr\u00e8che, la premi\u00e8re d\u00e9marche consiste \u00e0 distinguer le circuit municipal du circuit priv\u00e9. La Ville de Nevers renvoie les demandes d\u2019accueil vers ses services de petite enfance et vers le Relais Petite Enfance. Les modalit\u00e9s exactes, les pi\u00e8ces et le calendrier doivent \u00eatre consult\u00e9s sur la page officielle de la <a href=\"https:\/\/www.nevers.fr\" target=\"_blank\" rel=\"noopener\">Ville de Nevers<\/a> avant le d\u00e9p\u00f4t, car une commission d\u2019attribution ne fonctionne pas comme une inscription ouverte toute l\u2019ann\u00e9e.<\/p>\n\n<p class=\"wp-block-paragraph\">Le dossier destin\u00e9 \u00e0 une cr\u00e8che municipale ne garantit pas une attribution. Il permet d\u2019examiner la demande au regard des places qui se lib\u00e8rent, des \u00e2ges concern\u00e9s, des jours sollicit\u00e9s et des capacit\u00e9s des \u00e9tablissements. Une fermeture priv\u00e9e peut accro\u00eetre le nombre de demandes, mais elle ne modifie pas automatiquement la capacit\u00e9 municipale autoris\u00e9e.<\/p>\n\n<p class=\"wp-block-paragraph\">Pour les \u00e9tablissements priv\u00e9s encore en activit\u00e9, le contact est direct. Il faut demander si la structure prend de nouvelles demandes, \u00e0 quelle date une r\u00e9ponse est envisageable, et si le tarif est horaire ou forfaitaire. Le <a href=\"https:\/\/monenfant.fr\" target=\"_blank\" rel=\"noopener\">service officiel monenfant.fr<\/a> peut servir \u00e0 rep\u00e9rer les coordonn\u00e9es, mais l\u2019appel direct reste n\u00e9cessaire pour conna\u00eetre le statut de la demande.<\/p>\n\n<ol class=\"wp-block-list\"><li>Retirez de votre liste toute structure dont une fermeture administrative est publi\u00e9e.<\/li><li>D\u00e9posez le dossier municipal selon le calendrier communiqu\u00e9 par le Relais Petite Enfance.<\/li><li>Appelez les \u00e9tablissements priv\u00e9s actifs avec une date de d\u00e9but et des horaires pr\u00e9cis.<\/li><li>Demandez le tarif, les frais ajout\u00e9s et les p\u00e9riodes annuelles de fermeture avant d\u2019accepter une proposition.<\/li><li>Conservez la date, le nom du service joint et le contenu de chaque r\u00e9ponse obtenue.<\/li><\/ol>\n\n<p class=\"wp-block-paragraph\">Cette d\u00e9marche produit un dossier plus solide qu\u2019une succession de formulaires laiss\u00e9s sans suivi. Elle permet aussi de relancer au bon moment. Lorsqu\u2019une place se lib\u00e8re, une structure doit pouvoir retrouver rapidement les besoins exprim\u00e9s ; une demande dat\u00e9e, avec un cr\u00e9neau clair, \u00e9vite les \u00e9changes incomplets.<\/p>\n\n<p class=\"wp-block-paragraph\">Une halte-garderie peut r\u00e9pondre \u00e0 un besoin ponctuel, mais elle ne doit pas \u00eatre pr\u00e9sent\u00e9e comme l\u2019\u00e9quivalent automatique d\u2019un contrat r\u00e9gulier \u00e0 temps complet. Les conditions d\u2019accueil, les cr\u00e9neaux et la tarification doivent \u00eatre demand\u00e9s directement. La pr\u00e9sence d\u2019une halte-garderie dans un annuaire ne permet pas de d\u00e9duire une disponibilit\u00e9 quotidienne.<\/p>\n\n<h3 class=\"wp-block-heading\">Quels documents demander avant de consid\u00e9rer une place comme obtenue ?<\/h3>\n\n<p class=\"wp-block-paragraph\">Une proposition doit \u00eatre confirm\u00e9e par \u00e9crit. Pour une cr\u00e8che municipale, le r\u00e8glement de fonctionnement et le contrat pr\u00e9cisent les modalit\u00e9s applicables. Pour une micro-cr\u00e8che, il faut obtenir le contrat, la grille tarifaire ou le forfait d\u00e9taill\u00e9, les frais \u00e9ventuels et les conditions de pr\u00e9avis. Une r\u00e9ponse t\u00e9l\u00e9phonique positive permet d\u2019avancer, mais elle ne remplace pas un document contractuel.<\/p>\n\n<p class=\"wp-block-paragraph\">Les r\u00e8gles de fonctionnement des \u00e9tablissements d\u2019accueil sont encadr\u00e9es par le code de la sant\u00e9 publique, consultable sur <a href=\"https:\/\/www.legifrance.gouv.fr\/\" target=\"_blank\" rel=\"noopener\">L\u00e9gifrance<\/a>. La cons\u00e9quence concr\u00e8te est que les conditions d\u2019admission, les modalit\u00e9s d\u2019accueil et les fermetures pr\u00e9vues doivent pouvoir \u00eatre communiqu\u00e9es par le gestionnaire. Si un point tarifaire n\u2019est pas \u00e9crit, il ne faut pas le reconstituer \u00e0 partir d\u2019un ancien prix trouv\u00e9 en ligne.<\/p>\n\n<p class=\"wp-block-paragraph\">Le Relais Petite Enfance peut renseigner sur la proc\u00e9dure municipale et sur les interlocuteurs du bassin. Il ne d\u00e9cide pas \u00e0 la place d\u2019une commission et ne transforme pas une demande en admission. Pour une d\u00e9cision concernant un dossier individuel, la r\u00e9ponse du service municipal ou de la structure concern\u00e9e reste celle qui fait foi.<\/p>\n\n<p class=\"wp-block-paragraph\">Apr\u00e8s une fermeture, le calendrier devient un crit\u00e8re aussi concret que le prix. Une demande d\u00e9pos\u00e9e avant la commission comp\u00e9tente et relanc\u00e9e avec les \u00e9l\u00e9ments requis a plus de port\u00e9e qu\u2019une recherche fond\u00e9e sur une fiche d\u2019annuaire non v\u00e9rifi\u00e9e.<\/p>\n\n<h2 class=\"wp-block-heading\"><span class=\"ez-toc-section\" id=\"Quel_cout_comparer_entre_creche_municipale_et_micro-creche_apres_une_fermeture\"><\/span>Quel co\u00fbt comparer entre cr\u00e8che municipale et micro-cr\u00e8che apr\u00e8s une fermeture ?<span class=\"ez-toc-section-end\"><\/span><\/h2>\n\n<p class=\"wp-block-paragraph\">La disparition d\u2019une micro-cr\u00e8che modifie souvent l\u2019arbitrage financier, car les familles se reportent vers des modes de tarification diff\u00e9rents. Une cr\u00e8che municipale applique g\u00e9n\u00e9ralement le bar\u00e8me de participation familiale de la Caisse nationale des allocations familiales. Une micro-cr\u00e8che peut appliquer un tarif libre, g\u00e9n\u00e9ralement pay\u00e9 d\u2019abord par la famille, avec une \u00e9ventuelle aide au titre du compl\u00e9ment de libre choix du mode de garde.<\/p>\n\n<p class=\"wp-block-paragraph\">Il ne faut pas comparer un prix affich\u00e9 sans conna\u00eetre son unit\u00e9. Un tarif de 2 euros peut correspondre \u00e0 une heure d\u2019accueil en cr\u00e8che municipale. Un montant de 900 euros peut correspondre \u00e0 un forfait mensuel dans une micro-cr\u00e8che. Ces deux chiffres ne sont comparables qu\u2019apr\u00e8s avoir pr\u00e9cis\u00e9 le nombre d\u2019heures pr\u00e9vues, les frais inclus et les aides \u00e9ventuellement mobilisables.<\/p>\n\n<p class=\"wp-block-paragraph\">Les bar\u00e8mes et r\u00e8gles applicables sont publi\u00e9s par la <a href=\"https:\/\/www.caf.fr\" target=\"_blank\" rel=\"noopener\">Caisse nationale des allocations familiales<\/a>. Le compl\u00e9ment de mode de garde et le cr\u00e9dit d\u2019imp\u00f4t pour frais de garde rel\u00e8vent de r\u00e8gles nationales qui \u00e9voluent ; les conditions \u00e0 jour sont d\u00e9taill\u00e9es par <a href=\"https:\/\/www.service-public.fr\/particuliers\/vosdroits\/F345\" target=\"_blank\" rel=\"noopener\">service-public.fr<\/a>. Une aide n\u2019est jamais un montant identique pour tous les foyers : elle d\u00e9pend notamment des ressources, de la composition du foyer, du volume d\u2019accueil et de la situation d\u00e9clar\u00e9e.<\/p>\n\n<p class=\"wp-block-paragraph\">La fermeture de Citrouille ne permet donc pas d\u2019affirmer que le co\u00fbt de garde augmentera pour toutes les familles. Elle oblige plut\u00f4t \u00e0 refaire le calcul avec les options r\u00e9ellement accessibles. Une cr\u00e8che municipale peut \u00eatre moins co\u00fbteuse pour un foyer donn\u00e9, mais elle peut ne pas correspondre aux horaires demand\u00e9s ou ne pas proposer de place \u00e0 la p\u00e9riode recherch\u00e9e. Une micro-cr\u00e8che active peut proposer une amplitude diff\u00e9rente, avec une facture initiale plus \u00e9lev\u00e9e.<\/p>\n\n<p class=\"wp-block-paragraph\">Les frais annexes demandent la m\u00eame vigilance. Repas, couches, frais d\u2019inscription, majorations ou p\u00e9riodes factur\u00e9es malgr\u00e9 une fermeture annuelle doivent \u00eatre distingu\u00e9s du prix principal. Une comparaison correcte indique ce qui est pay\u00e9 chaque mois, ce qui peut \u00eatre rembours\u00e9 ou d\u00e9duit ult\u00e9rieurement, et ce qui demeure \u00e0 la charge du foyer.<\/p>\n\n<h3 class=\"wp-block-heading\">Pourquoi un exemple de co\u00fbt doit toujours pr\u00e9ciser ses hypoth\u00e8ses<\/h3>\n\n<p class=\"wp-block-paragraph\">Un calcul utile commence par quatre donn\u00e9es : revenus retenus, nombre d\u2019enfants \u00e0 charge, nombre d\u2019heures hebdomadaires et mode d\u2019accueil. Sans ces \u00e9l\u00e9ments, \u00e9crire qu\u2019une cr\u00e8che municipale est \u00ab moins ch\u00e8re \u00bb ou qu\u2019une micro-cr\u00e8che est \u00ab trop ch\u00e8re \u00bb ne d\u00e9crit rien de v\u00e9rifiable. Le bar\u00e8me CNAF est appliqu\u00e9 \u00e0 une situation pr\u00e9cise, tandis que le tarif d\u2019une micro-cr\u00e8che d\u00e9pend du contrat propos\u00e9.<\/p>\n\n<p class=\"wp-block-paragraph\">Un foyer ayant besoin de 40 heures par semaine ne compare pas le m\u00eame co\u00fbt qu\u2019un foyer demandant deux journ\u00e9es. Une famille b\u00e9n\u00e9ficiant d\u2019un compl\u00e9ment de mode de garde n\u2019avance pas n\u00e9cessairement le m\u00eame reste \u00e0 charge qu\u2019une famille dont le dossier n\u2019ouvre pas droit au m\u00eame montant. Le cr\u00e9dit d\u2019imp\u00f4t intervient, lui, selon les r\u00e8gles fiscales et dans un calendrier distinct du paiement mensuel.<\/p>\n\n<p class=\"wp-block-paragraph\">La demande \u00e0 adresser \u00e0 une micro-cr\u00e8che doit donc \u00eatre pr\u00e9cise : tarif horaire ou forfait mensuel, nombre d\u2019heures incluses, d\u00e9passement factur\u00e9, frais additionnels et conditions de modification du contrat. Si le tarif n\u2019est pas communiqu\u00e9, la ligne doit rester vide dans une comparaison. Une estimation fond\u00e9e sur une autre ville ou une ancienne grille ne prot\u00e8ge pas le budget du foyer.<\/p>\n\n<p class=\"wp-block-paragraph\">La fermeture d\u2019un \u00e9tablissement fait dispara\u00eetre une offre, mais elle ne cr\u00e9e pas une grille tarifaire commune pour les solutions restantes. Chaque place propos\u00e9e doit \u00eatre \u00e9valu\u00e9e sur son contrat r\u00e9el et sur les aides confirm\u00e9es par la CAF ou par le service comp\u00e9tent.<\/p>\n\n<h2 class=\"wp-block-heading\"><span class=\"ez-toc-section\" id=\"Comment_suivre_les_fermetures_et_ouvertures_sans_se_fier_aux_annuaires_obsoletes\"><\/span>Comment suivre les fermetures et ouvertures sans se fier aux annuaires obsol\u00e8tes ?<span class=\"ez-toc-section-end\"><\/span><\/h2>\n\n<p class=\"wp-block-paragraph\">Les annuaires de cr\u00e8ches remplissent une fonction de rep\u00e9rage, mais ils conservent parfois des fiches longtemps apr\u00e8s une fermeture. Les r\u00e9sultats encore visibles pour Citrouille montrent pourquoi une adresse et des horaires affich\u00e9s ne suffisent pas. La publication du D\u00e9partement du 7 juillet 2025 constitue une information plus r\u00e9cente et plus forte que ces donn\u00e9es reprises automatiquement.<\/p>\n\n<p class=\"wp-block-paragraph\">Pour suivre les micro-cr\u00e8ches ferm\u00e9es \u00e0 Nevers, trois sources doivent \u00eatre crois\u00e9es. La premi\u00e8re est le <a href=\"https:\/\/nievre.fr\" target=\"_blank\" rel=\"noopener\">Conseil d\u00e9partemental de la Ni\u00e8vre<\/a>, lorsqu\u2019il publie une d\u00e9cision d\u2019autorisation, de suspension ou de fermeture. La deuxi\u00e8me est le registre des entreprises, qui permet de v\u00e9rifier le statut juridique du gestionnaire. La troisi\u00e8me est la structure elle-m\u00eame ou le service municipal comp\u00e9tent, contact\u00e9 avec une date d\u2019appel not\u00e9e.<\/p>\n\n<p class=\"wp-block-paragraph\">Cette m\u00e9thode ne consiste pas \u00e0 chercher une rumeur de fermeture. Elle sert \u00e0 \u00e9viter qu\u2019une information ancienne soit trait\u00e9e comme actuelle. Si une structure ne r\u00e9pond pas, cette absence de r\u00e9ponse ne prouve pas une fermeture. Elle impose de poursuivre la v\u00e9rification aupr\u00e8s du gestionnaire, du D\u00e9partement ou du Relais Petite Enfance, sans publier d\u2019affirmation d\u00e9finitive.<\/p>\n\n<p class=\"wp-block-paragraph\">Les donn\u00e9es de la <a href=\"https:\/\/drees.solidarites-sante.gouv.fr\/\" target=\"_blank\" rel=\"noopener\">DREES<\/a> et les jeux ouverts de <a href=\"https:\/\/www.data.gouv.fr\/\" target=\"_blank\" rel=\"noopener\">data.gouv.fr<\/a> permettent de replacer l\u2019offre dans un cadre d\u00e9partemental. Elles sont utiles pour observer des \u00e9volutions annuelles. Elles ne r\u00e9pondent pas \u00e0 la question la plus urgente pour un parent : une place est-elle propos\u00e9e cette semaine, pour ces horaires et \u00e0 cette adresse ?<\/p>\n\n<p class=\"wp-block-paragraph\">Une fiche locale fiable doit donc comporter au moins quatre rep\u00e8res : date du relev\u00e9 des horaires, date du relev\u00e9 du tarif, date de v\u00e9rification du statut et date de mise \u00e0 jour de la fiche. L\u2019absence de l\u2019un de ces \u00e9l\u00e9ments doit \u00eatre visible. Une case vide est plus utile qu\u2019une donn\u00e9e recopi\u00e9e dont personne ne conna\u00eet la date.<\/p>\n\n<h3 class=\"wp-block-heading\">Quelles informations noter lors d\u2019un appel \u00e0 une structure d&rsquo;accueil ?<\/h3>\n\n<p class=\"wp-block-paragraph\">Le premier point \u00e0 demander est le statut de la demande : inscription ouverte, liste d\u2019attente, r\u00e9ponse diff\u00e9r\u00e9e ou absence de place annonc\u00e9e pour la p\u00e9riode recherch\u00e9e. Le deuxi\u00e8me concerne l\u2019amplitude r\u00e9ellement pratiqu\u00e9e, qui peut diff\u00e9rer d\u2019un horaire public ancien. Le troisi\u00e8me est le tarif exact et son mode de calcul.<\/p>\n\n<p class=\"wp-block-paragraph\">Une r\u00e9ponse de type \u00ab rappelez plus tard \u00bb doit \u00eatre accompagn\u00e9e d\u2019une date de relance. Une r\u00e9ponse indiquant qu\u2019aucune information tarifaire n\u2019est donn\u00e9e par t\u00e9l\u00e9phone doit \u00eatre conserv\u00e9e comme telle. Elle ne doit pas \u00eatre remplac\u00e9e par un montant trouv\u00e9 sur un comparateur. Cette discipline \u00e9vite les faux calculs et les attentes construites sur des donn\u00e9es p\u00e9rim\u00e9es.<\/p>\n\n<p class=\"wp-block-paragraph\">Les familles confront\u00e9es au manque de place gagnent du temps en s\u00e9parant les informations confirm\u00e9es des hypoth\u00e8ses. Une structure d\u00e9clar\u00e9e ferm\u00e9e sort de la recherche. Une structure ouverte mais compl\u00e8te reste une piste de liste d\u2019attente. Une place disponible est une proposition dat\u00e9e, avec des conditions explicites.<\/p>\n\n<p class=\"wp-block-paragraph\">Pour une demande imm\u00e9diate, le contact avec le Relais Petite Enfance de Nevers et les structures actives doit \u00eatre engag\u00e9 sans attendre une mise \u00e0 jour g\u00e9n\u00e9rale des annuaires. C\u2019est la date de v\u00e9rification qui rend une information utilisable.<\/p>\n\n<script type=\"application\/ld+json\">\n{\"@context\":\"https:\/\/schema.org\",\"@type\":\"FAQPage\",\"mainEntity\":[{\"@type\":\"Question\",\"name\":\"La micro-cru00e8che Citrouille de Nevers est-elle encore ouverte ?\",\"acceptedAnswer\":{\"@type\":\"Answer\",\"text\":\"Non. Le Conseil du00e9partemental de la Niu00e8vre a publiu00e9 une du00e9cision indiquant la fermeture administrative de la micro-cru00e8che Citrouille, 27 rue de Parigny u00e0 Nevers, u00e0 compter du 4 juillet 2025 u00e0 18 heures.\"}},{\"@type\":\"Question\",\"name\":\"Les places de la micro-cru00e8che fermu00e9e ont-elles u00e9tu00e9 transfu00e9ru00e9es en cru00e8che municipale ?\",\"acceptedAnswer\":{\"@type\":\"Answer\",\"text\":\"Non. Une fermeture ne transfu00e8re pas automatiquement les places vers les u00e9tablissements municipaux ou privu00e9s. Une nouvelle demande doit u00eatre du00e9posu00e9e selon les procu00e9dures applicables.\"}},{\"@type\":\"Question\",\"name\":\"Comment connau00eetre les places disponibles u00e0 Nevers ?\",\"acceptedAnswer\":{\"@type\":\"Answer\",\"text\":\"Contactez le Relais Petite Enfance pour les du00e9marches municipales et appelez directement les structures privu00e9es actives. Demandez une ru00e9ponse pour une date de du00e9but, des jours et des horaires pru00e9cis.\"}},{\"@type\":\"Question\",\"name\":\"Un annuaire en ligne suffit-il u00e0 vu00e9rifier quu2019une cru00e8che est ouverte ?\",\"acceptedAnswer\":{\"@type\":\"Answer\",\"text\":\"Non. Une fiche peut rester visible apru00e8s une fermeture. Vu00e9rifiez une du00e9cision du Du00e9partement, le statut du gestionnaire et la ru00e9ponse obtenue directement aupru00e8s de la structure.\"}}]}\n<\/script>\n<h3>La micro-cr\u00e8che Citrouille de Nevers est-elle encore ouverte ?<\/h3>\n<p>Non. Le Conseil d\u00e9partemental de la Ni\u00e8vre a publi\u00e9 une d\u00e9cision indiquant la fermeture administrative de la micro-cr\u00e8che Citrouille, 27 rue de Parigny \u00e0 Nevers, \u00e0 compter du 4 juillet 2025 \u00e0 18 heures.<\/p>\n<h3>Les places de la micro-cr\u00e8che ferm\u00e9e ont-elles \u00e9t\u00e9 transf\u00e9r\u00e9es en cr\u00e8che municipale ?<\/h3>\n<p>Non. Une fermeture ne transf\u00e8re pas automatiquement les places vers les \u00e9tablissements municipaux ou priv\u00e9s. Une nouvelle demande doit \u00eatre d\u00e9pos\u00e9e selon les proc\u00e9dures applicables.<\/p>\n<h3>Comment conna\u00eetre les places disponibles \u00e0 Nevers ?<\/h3>\n<p>Contactez le Relais Petite Enfance pour les d\u00e9marches municipales et appelez directement les structures priv\u00e9es actives. Demandez une r\u00e9ponse pour une date de d\u00e9but, des jours et des horaires pr\u00e9cis.<\/p>\n<h3>Un annuaire en ligne suffit-il \u00e0 v\u00e9rifier qu\u2019une cr\u00e8che est ouverte ?<\/h3>\n<p>Non. Une fiche peut rester visible apr\u00e8s une fermeture. V\u00e9rifiez une d\u00e9cision du D\u00e9partement, le statut du gestionnaire et la r\u00e9ponse obtenue directement aupr\u00e8s de la structure.<\/p>\n\n","protected":false},"excerpt":{"rendered":"<p>La fermeture administrative de la micro-cr\u00e8che Citrouille, au 27 rue de Parigny \u00e0 Nevers, a pris effet le 4 juillet 2025 \u00e0 18 heures. Elle a retir\u00e9 de l\u2019offre locale les places autoris\u00e9es de cette structure, sans qu\u2019un transfert automatique vers une cr\u00e8che municipale, une halte-garderie ou une autre solution de garde d&rsquo;enfants soit annonc\u00e9. [&hellip;]<\/p>\n","protected":false},"author":1,"featured_media":0,"comment_status":"open","ping_status":"closed","sticky":false,"template":"","format":"standard","meta":{"footnotes":""},"categories":[16],"tags":[],"class_list":["post-89","post","type-post","status-publish","format-standard","hentry","category-places-et-inscriptions"],"_links":{"self":[{"href":"https:\/\/bebouillecreche.fr\/blog\/wp-json\/wp\/v2\/posts\/89","targetHints":{"allow":["GET"]}}],"collection":[{"href":"https:\/\/bebouillecreche.fr\/blog\/wp-json\/wp\/v2\/posts"}],"about":[{"href":"https:\/\/bebouillecreche.fr\/blog\/wp-json\/wp\/v2\/types\/post"}],"author":[{"embeddable":true,"href":"https:\/\/bebouillecreche.fr\/blog\/wp-json\/wp\/v2\/users\/1"}],"replies":[{"embeddable":true,"href":"https:\/\/bebouillecreche.fr\/blog\/wp-json\/wp\/v2\/comments?post=89"}],"version-history":[{"count":0,"href":"https:\/\/bebouillecreche.fr\/blog\/wp-json\/wp\/v2\/posts\/89\/revisions"}],"wp:attachment":[{"href":"https:\/\/bebouillecreche.fr\/blog\/wp-json\/wp\/v2\/media?parent=89"}],"wp:term":[{"taxonomy":"category","embeddable":true,"href":"https:\/\/bebouillecreche.fr\/blog\/wp-json\/wp\/v2\/categories?post=89"},{"taxonomy":"post_tag","embeddable":true,"href":"https:\/\/bebouillecreche.fr\/blog\/wp-json\/wp\/v2\/tags?post=89"}],"curies":[{"name":"wp","href":"https:\/\/api.w.org\/{rel}","templated":true}]}}