{"id":88,"date":"2026-08-31T11:02:17","date_gmt":"2026-08-31T11:02:17","guid":{"rendered":"https:\/\/bebouillecreche.fr\/blog\/micro-creche-creche-nevers\/"},"modified":"2026-08-31T11:02:17","modified_gmt":"2026-08-31T11:02:17","slug":"micro-creche-creche-nevers","status":"publish","type":"post","link":"https:\/\/bebouillecreche.fr\/blog\/micro-creche-creche-nevers\/","title":{"rendered":"Micro-cr\u00e8che ou cr\u00e8che municipale \u00e0 Nevers : ce qui change"},"content":{"rendered":"<p class=\"wp-block-paragraph\"><strong>277 places municipales \u00e9taient annonc\u00e9es \u00e0 Nevers en 2025<\/strong>, auxquelles s\u2019ajoute une cr\u00e8che d\u2019entreprises de <strong>31 places<\/strong> ouverte en septembre 2025. Entre micro-cr\u00e8che et cr\u00e8che municipale, le changement principal porte sur le calcul de la facture, la proc\u00e9dure d\u2019inscription et les horaires r\u00e9ellement accessibles selon votre contrat.<\/p>\n\n<ul class=\"wp-block-list\"><li>La cr\u00e8che municipale applique une participation familiale calcul\u00e9e selon les ressources et les heures r\u00e9serv\u00e9es, selon le cadre de la Caf.<\/li><li>La micro-cr\u00e8che peut relever du bar\u00e8me Caf ou d\u2019une facturation priv\u00e9e avec aide CMG, deux m\u00e9canismes qui ne produisent pas le m\u00eame reste \u00e0 payer.<\/li><li>\u00c0 Nevers, l\u2019inscription cr\u00e8che municipale passe par l\u2019organisation municipale et ses commissions d\u2019attribution, alors qu\u2019une micro-cr\u00e8che traite g\u00e9n\u00e9ralement les demandes directement.<\/li><li>Les horaires d\u2019ouverture affich\u00e9s ne suffisent pas : il faut demander les heures contractualisables, les fermetures et la facturation des absences.<\/li><\/ul>\n\n<p class=\"wp-block-paragraph\">Ce comparatif couvre <strong>Nevers<\/strong> et les d\u00e9marches li\u00e9es \u00e0 une place d\u2019accueil enfants de moins de trois ans. Il ne traite ni du contenu p\u00e9dagogique, ni de la sant\u00e9, ni du d\u00e9veloppement de l\u2019enfant, domaines \u00e0 voir directement avec les \u00e9quipes et les interlocuteurs comp\u00e9tents.<\/p>\n\n<div id=\"ez-toc-container\" class=\"ez-toc-v2_0_87 counter-hierarchy ez-toc-counter ez-toc-grey ez-toc-container-direction\">\n<div class=\"ez-toc-title-container\">\n<p class=\"ez-toc-title\" style=\"cursor:inherit\">Sommaire<\/p>\n<span class=\"ez-toc-title-toggle\"><a href=\"#\" class=\"ez-toc-pull-right ez-toc-btn ez-toc-btn-xs ez-toc-btn-default ez-toc-toggle\" aria-label=\"Toggle Table of Content\"><span class=\"ez-toc-js-icon-con\"><span class=\"\"><span class=\"eztoc-hide\" style=\"display:none;\">Toggle<\/span><span class=\"ez-toc-icon-toggle-span\"><svg style=\"fill: #999;color:#999\" xmlns=\"http:\/\/www.w3.org\/2000\/svg\" class=\"list-377408\" width=\"20px\" height=\"20px\" viewBox=\"0 0 24 24\" fill=\"none\"><path d=\"M6 6H4v2h2V6zm14 0H8v2h12V6zM4 11h2v2H4v-2zm16 0H8v2h12v-2zM4 16h2v2H4v-2zm16 0H8v2h12v-2z\" fill=\"currentColor\"><\/path><\/svg><svg style=\"fill: #999;color:#999\" class=\"arrow-unsorted-368013\" xmlns=\"http:\/\/www.w3.org\/2000\/svg\" width=\"10px\" height=\"10px\" viewBox=\"0 0 24 24\" version=\"1.2\" baseProfile=\"tiny\"><path d=\"M18.2 9.3l-6.2-6.3-6.2 6.3c-.2.2-.3.4-.3.7s.1.5.3.7c.2.2.4.3.7.3h11c.3 0 .5-.1.7-.3.2-.2.3-.5.3-.7s-.1-.5-.3-.7zM5.8 14.7l6.2 6.3 6.2-6.3c.2-.2.3-.5.3-.7s-.1-.5-.3-.7c-.2-.2-.4-.3-.7-.3h-11c-.3 0-.5.1-.7.3-.2.2-.3.5-.3.7s.1.5.3.7z\"\/><\/svg><\/span><\/span><\/span><\/a><\/span><\/div>\n<nav><ul class='ez-toc-list ez-toc-list-level-1 eztoc-toggle-hide-by-default' ><li class='ez-toc-page-1 ez-toc-heading-level-2'><a class=\"ez-toc-link ez-toc-heading-1\" href=\"https:\/\/bebouillecreche.fr\/blog\/micro-creche-creche-nevers\/#Quelle_difference_entre_une_micro-creche_et_une_creche_municipale_a_Nevers\" >Quelle diff\u00e9rence entre une micro-cr\u00e8che et une cr\u00e8che municipale \u00e0 Nevers ?<\/a><\/li><li class='ez-toc-page-1 ez-toc-heading-level-2'><a class=\"ez-toc-link ez-toc-heading-2\" href=\"https:\/\/bebouillecreche.fr\/blog\/micro-creche-creche-nevers\/#Comment_les_tarifs_creche_sont-ils_calcules_selon_le_mode_de_financement\" >Comment les tarifs cr\u00e8che sont-ils calcul\u00e9s selon le mode de financement ?<\/a><\/li><li class='ez-toc-page-1 ez-toc-heading-level-2'><a class=\"ez-toc-link ez-toc-heading-3\" href=\"https:\/\/bebouillecreche.fr\/blog\/micro-creche-creche-nevers\/#Pourquoi_le_CMG_peut-il_modifier_fortement_le_budget_dune_micro-creche\" >Pourquoi le CMG peut-il modifier fortement le budget d\u2019une micro-cr\u00e8che ?<\/a><\/li><li class='ez-toc-page-1 ez-toc-heading-level-2'><a class=\"ez-toc-link ez-toc-heading-4\" href=\"https:\/\/bebouillecreche.fr\/blog\/micro-creche-creche-nevers\/#Quels_horaires_douverture_et_quelles_capacites_daccueil_faut-il_verifier\" >Quels horaires d\u2019ouverture et quelles capacit\u00e9s d\u2019accueil faut-il v\u00e9rifier ?<\/a><\/li><li class='ez-toc-page-1 ez-toc-heading-level-2'><a class=\"ez-toc-link ez-toc-heading-5\" href=\"https:\/\/bebouillecreche.fr\/blog\/micro-creche-creche-nevers\/#Comment_organiser_une_inscription_creche_a_Nevers_sans_melanger_les_procedures\" >Comment organiser une inscription cr\u00e8che \u00e0 Nevers sans m\u00e9langer les proc\u00e9dures ?<\/a><\/li><\/ul><\/nav><\/div>\n<h2 class=\"wp-block-heading\"><span class=\"ez-toc-section\" id=\"Quelle_difference_entre_une_micro-creche_et_une_creche_municipale_a_Nevers\"><\/span>Quelle diff\u00e9rence entre une micro-cr\u00e8che et une cr\u00e8che municipale \u00e0 Nevers ?<span class=\"ez-toc-section-end\"><\/span><\/h2>\n\n<p class=\"wp-block-paragraph\">La distinction la plus concr\u00e8te ne tient pas au nom affich\u00e9 sur une fa\u00e7ade. Elle tient au gestionnaire, au mode de financement et \u00e0 la personne qui fixe ou applique le tarif. Une <strong>cr\u00e8che municipale<\/strong> rel\u00e8ve de la Ville de Nevers. La collectivit\u00e9 indique proposer six cr\u00e8ches collectives, une cr\u00e8che familiale et un jardin d\u2019enfants dans son offre de petite enfance, pr\u00e9sent\u00e9e sur le site de la <a href=\"https:\/\/www.nevers.fr\" target=\"_blank\" rel=\"noopener\">Ville de Nevers<\/a>.<\/p>\n\n<p class=\"wp-block-paragraph\">La municipalit\u00e9 a indiqu\u00e9 que ses capacit\u00e9s d\u2019accueil \u00e9taient pass\u00e9es de <strong>252 places entre 2014 et 2020<\/strong> \u00e0 <strong>277 places en 2025<\/strong>, apr\u00e8s l\u2019ouverture progressive de 25 places suppl\u00e9mentaires depuis 2021. Ce chiffre d\u00e9crit l\u2019offre municipale annonc\u00e9e. Il ne donne pas le nombre de places disponibles au jour o\u00f9 vous d\u00e9posez votre dossier, car une capacit\u00e9 autoris\u00e9e et une place lib\u00e9r\u00e9e \u00e0 une date pr\u00e9cise sont deux informations diff\u00e9rentes.<\/p>\n\n<p class=\"wp-block-paragraph\">Une micro-cr\u00e8che est une structure de petite taille, g\u00e9r\u00e9e par une soci\u00e9t\u00e9, une association ou parfois un employeur. Son mode de financement doit \u00eatre demand\u00e9 avant toute signature. Certaines micro-cr\u00e8ches appliquent une tarification li\u00e9e \u00e0 la prestation de service unique, souvent appel\u00e9e PSU. D\u2019autres facturent un prix fix\u00e9 par le gestionnaire et ouvrent droit, sous conditions, au compl\u00e9ment de libre choix du mode de garde, le CMG.<\/p>\n\n<p class=\"wp-block-paragraph\">Deux \u00e9tablissements portant le m\u00eame mot \u00ab cr\u00e8che \u00bb peuvent donc conduire \u00e0 des d\u00e9marches et \u00e0 des factures tr\u00e8s \u00e9loign\u00e9es. Dans une structure municipale, le montant pay\u00e9 est en principe calcul\u00e9 \u00e0 partir d\u2019un bar\u00e8me national et de vos ressources. Dans une micro-cr\u00e8che en mode PAJE-CMG, vous recevez une facture priv\u00e9e, puis une aide \u00e9ventuelle de la Caf ou de la MSA. Le montant avanc\u00e9 au gestionnaire peut \u00eatre \u00e9lev\u00e9 avant versement de l\u2019aide.<\/p>\n\n<h3 class=\"wp-block-heading\">Le gestionnaire change la porte d\u2019entr\u00e9e du dossier<\/h3>\n\n<p class=\"wp-block-paragraph\">Pour une place municipale \u00e0 Nevers, la demande rel\u00e8ve du dispositif local d\u2019inscription et des d\u00e9cisions prises lors des commissions d\u2019attribution. Les dates, les pi\u00e8ces demand\u00e9es et le circuit de d\u00e9p\u00f4t doivent \u00eatre contr\u00f4l\u00e9s aupr\u00e8s du Relais Petite Enfance ou du service municipal au moment de la demande. Une date relev\u00e9e sur une ancienne page ou dans un groupe local ne permet pas de s\u00e9curiser un d\u00e9p\u00f4t.<\/p>\n\n<p class=\"wp-block-paragraph\">Une micro-cr\u00e8che peut accepter les pr\u00e9inscriptions tout au long de l\u2019ann\u00e9e, mais cela ne signifie pas qu\u2019une place sera propos\u00e9e plus vite. Elle peut avoir sa propre liste d\u2019attente, demander des horaires pr\u00e9cis ou proposer un contrat \u00e0 partir d\u2019un mois donn\u00e9. La disponibilit\u00e9 doit toujours \u00eatre formul\u00e9e avec une date et une dur\u00e9e : une place annonc\u00e9e pour janvier ne r\u00e9pond pas \u00e0 un besoin de septembre.<\/p>\n\n<p class=\"wp-block-paragraph\">La Ville de Nevers a \u00e9galement accompagn\u00e9 l\u2019ouverture, le <strong>1er septembre 2025<\/strong>, d\u2019une cr\u00e8che d\u2019entreprises \u00e0 horaires atypiques de <strong>31 places<\/strong>. Cette offre r\u00e9pond \u00e0 une contrainte horaire particuli\u00e8re, mais l\u2019acc\u00e8s d\u00e9pend du fonctionnement fix\u00e9 par son gestionnaire et des employeurs concern\u00e9s. Il faut demander qui peut d\u00e9poser un dossier, quel contrat de travail est attendu et si des places restent ouvertes hors entreprises partenaires.<\/p>\n\n<p class=\"wp-block-paragraph\">La question utile n\u2019est donc pas de chercher une cat\u00e9gorie suppos\u00e9e meilleure. Il faut identifier le gestionnaire, demander le r\u00e9gime tarifaire et v\u00e9rifier la proc\u00e9dure d\u2019admission. Ces trois r\u00e9ponses d\u00e9terminent le dossier \u00e0 d\u00e9poser et le budget \u00e0 pr\u00e9voir.<\/p>\n\n<h2 class=\"wp-block-heading\"><span class=\"ez-toc-section\" id=\"Comment_les_tarifs_creche_sont-ils_calcules_selon_le_mode_de_financement\"><\/span>Comment les tarifs cr\u00e8che sont-ils calcul\u00e9s selon le mode de financement ?<span class=\"ez-toc-section-end\"><\/span><\/h2>\n\n<p class=\"wp-block-paragraph\">Le prix n\u2019ob\u00e9it pas \u00e0 la m\u00eame r\u00e8gle dans une cr\u00e8che municipale et dans une micro-cr\u00e8che. Une cr\u00e8che municipale financ\u00e9e dans le cadre habituel de la Caf applique un tarif calcul\u00e9 avec les revenus du foyer, le nombre d\u2019enfants \u00e0 charge et le volume d\u2019heures contractualis\u00e9. Le parent paie directement la participation familiale \u00e0 la structure. Le bar\u00e8me et ses r\u00e8gles sont publi\u00e9s par la <a href=\"https:\/\/www.caf.fr\" target=\"_blank\" rel=\"noopener\">Caisse d\u2019allocations familiales<\/a>.<\/p>\n\n<p class=\"wp-block-paragraph\">Une micro-cr\u00e8che peut elle aussi appliquer une tarification PSU. Dans ce cas, le calcul ressemble \u00e0 celui d\u2019une cr\u00e8che collective municipale, m\u00eame si le gestionnaire n\u2019est pas la Ville. Il faut le demander explicitement : \u00ab appliquez-vous le bar\u00e8me PSU ou facturez-vous un tarif priv\u00e9 avec CMG ? \u00bb La r\u00e9ponse \u00e9vite de comparer deux montants qui ne recouvrent pas la m\u00eame chose.<\/p>\n\n<p class=\"wp-block-paragraph\">Dans une micro-cr\u00e8che fonctionnant avec le CMG, le gestionnaire fixe son tarif horaire ou son forfait mensuel dans les limites de son contrat et de son r\u00e9gime. Le foyer re\u00e7oit ensuite, s\u2019il remplit les conditions, une aide de la Caf ou de la MSA. Le CMG d\u00e9pend notamment des ressources, du nombre d\u2019enfants \u00e0 charge, de l\u2019\u00e2ge de l\u2019enfant et des heures d\u00e9clar\u00e9es. Il ne supprime pas automatiquement la totalit\u00e9 de la d\u00e9pense.<\/p>\n\n<p class=\"wp-block-paragraph\">Les r\u00e9formes cr\u00e8che et les \u00e9volutions du CMG imposent une vigilance particuli\u00e8re sur les simulations. Les r\u00e8gles nationales ont \u00e9t\u00e9 modifi\u00e9es r\u00e9cemment pour rapprocher le calcul de certaines aides de la situation r\u00e9elle des familles et r\u00e9duire les effets de seuil. Une simulation reste indicative tant que la Caf n\u2019a pas \u00e9tudi\u00e9 le dossier. Le montant inscrit dans un simulateur ne remplace ni une d\u00e9cision de droit ni une facture conforme.<\/p>\n\n<h3 class=\"wp-block-heading\">Comparer le co\u00fbt \u00e0 heures identiques<\/h3>\n\n<p class=\"wp-block-paragraph\">Un tarif de 2 euros de l\u2019heure et un forfait de 850 euros par mois ne peuvent pas \u00eatre compar\u00e9s sans conna\u00eetre le nombre d\u2019heures factur\u00e9es. Le calcul doit partir d\u2019une m\u00eame base. Pour un besoin de 40 heures par semaine, il faut demander le nombre d\u2019heures mensuelles contractualis\u00e9es, les jours de fermeture annuels, la r\u00e8gle appliqu\u00e9e aux absences et les \u00e9ventuels suppl\u00e9ments.<\/p>\n\n<figure class=\"wp-block-table\"><table>\n<thead>\n<tr>\n<th>\u00c9l\u00e9ment compar\u00e9<\/th>\n<th>Cr\u00e8che municipale ou PSU<\/th>\n<th>Micro-cr\u00e8che avec PAJE-CMG<\/th>\n<\/tr>\n<\/thead>\n<tbody>\n<tr>\n<td>Prix factur\u00e9<\/td>\n<td>Participation familiale issue du bar\u00e8me Caf<\/td>\n<td>Tarif horaire ou forfait fix\u00e9 par le gestionnaire<\/td>\n<\/tr>\n<tr>\n<td>Moment o\u00f9 l\u2019aide intervient<\/td>\n<td>Le tarif appliqu\u00e9 int\u00e8gre d\u00e9j\u00e0 le cadre de financement<\/td>\n<td>Le foyer avance la facture puis re\u00e7oit \u00e9ventuellement le CMG<\/td>\n<\/tr>\n<tr>\n<td>Donn\u00e9es \u00e0 v\u00e9rifier<\/td>\n<td>Revenus retenus, nombre d\u2019enfants, heures r\u00e9serv\u00e9es<\/td>\n<td>Prix, heures factur\u00e9es, \u00e9ligibilit\u00e9 CMG, facture conforme<\/td>\n<\/tr>\n<tr>\n<td>Document utile<\/td>\n<td>R\u00e8glement de fonctionnement et contrat d\u2019accueil<\/td>\n<td>Devis, contrat, factures mensuelles et d\u00e9cision Caf<\/td>\n<\/tr>\n<\/tbody>\n<\/table><\/figure>\n\n<p class=\"wp-block-paragraph\">Ce tableau ne remplace pas un calcul personnel. Il montre pourquoi deux familles ne doivent pas se transmettre un \u00ab prix de cr\u00e8che \u00bb comme s\u2019il \u00e9tait universel. Les revenus du foyer et le volume d\u2019accueil modifient la facture municipale. Dans une micro-cr\u00e8che priv\u00e9e, le prix contractuel peut aussi varier selon les jours retenus et les options factur\u00e9es.<\/p>\n\n<p class=\"wp-block-paragraph\">Avant de retenir une offre, demandez un document \u00e9crit indiquant le tarif, la base horaire ou mensuelle, les frais ajout\u00e9s, les p\u00e9riodes de fermeture et les conditions de r\u00e9vision. Une information orale permet de trier des pistes ; elle ne suffit pas pour \u00e9tablir un reste \u00e0 charge.<\/p>\n\n<figure class=\"is-provider-youtube is-type-video wp-block-embed wp-block-embed-youtube wp-embed-aspect-16-9 wp-has-aspect-ratio\"><div class=\"wp-block-embed__wrapper\">\n<iframe loading=\"lazy\" title=\"Cr\u00e8ches : comment les \u00e9tablissements priv\u00e9s sont-ils si rentables ?\" width=\"500\" height=\"281\" src=\"https:\/\/www.youtube.com\/embed\/1XTMhgS4e0s?feature=oembed\" frameborder=\"0\" allow=\"accelerometer; autoplay; clipboard-write; encrypted-media; gyroscope; picture-in-picture; web-share\" referrerpolicy=\"strict-origin-when-cross-origin\" allowfullscreen><\/iframe>\n<\/div><\/figure>\n\n<h2 class=\"wp-block-heading\"><span class=\"ez-toc-section\" id=\"Pourquoi_le_CMG_peut-il_modifier_fortement_le_budget_dune_micro-creche\"><\/span>Pourquoi le CMG peut-il modifier fortement le budget d\u2019une micro-cr\u00e8che ?<span class=\"ez-toc-section-end\"><\/span><\/h2>\n\n<p class=\"wp-block-paragraph\">Le compl\u00e9ment de libre choix du mode de garde appartient \u00e0 la prestation d\u2019accueil du jeune enfant. Il peut intervenir lorsque l\u2019accueil est assur\u00e9 par une micro-cr\u00e8che compatible avec ce dispositif. La difficult\u00e9 vient du d\u00e9calage entre la facture re\u00e7ue et l\u2019aide vers\u00e9e. Une cr\u00e8che municipale affiche g\u00e9n\u00e9ralement un montant d\u00e9j\u00e0 calcul\u00e9 selon la participation familiale. Une micro-cr\u00e8che PAJE-CMG peut pr\u00e9senter une facture plus haute, dont une partie seulement pourra \u00eatre compens\u00e9e ensuite.<\/p>\n\n<p class=\"wp-block-paragraph\">Le CMG est \u00e9tudi\u00e9 selon la situation d\u00e9clar\u00e9e aupr\u00e8s de la Caf ou de la MSA. Les ressources, la composition du foyer, l\u2019\u00e2ge de l\u2019enfant et le volume de garde entrent dans le calcul. Le dossier doit \u00eatre \u00e0 jour. Un changement de situation familiale ou professionnelle non d\u00e9clar\u00e9 peut entra\u00eener une r\u00e9gularisation, ce qui fausse toute estimation r\u00e9alis\u00e9e \u00e0 partir d\u2019une ancienne situation.<\/p>\n\n<p class=\"wp-block-paragraph\">La premi\u00e8re erreur consiste \u00e0 confondre un \u00e9tablissement accueillant peu d\u2019enfants avec un \u00e9tablissement n\u00e9cessairement financ\u00e9 par le CMG. La taille de la micro-cr\u00e8che ne permet pas de d\u00e9duire son r\u00e9gime. Seule la r\u00e9ponse du gestionnaire, id\u00e9alement \u00e9crite dans le devis ou le contrat, permet de savoir si le parent doit faire une demande de CMG pour cette d\u00e9pense.<\/p>\n\n<p class=\"wp-block-paragraph\">La deuxi\u00e8me erreur consiste \u00e0 consid\u00e9rer l\u2019aide comme une r\u00e9duction imm\u00e9diate de la facture. Ce n\u2019est pas toujours le cas. Le foyer doit pouvoir supporter la somme demand\u00e9e selon l\u2019\u00e9ch\u00e9ancier contractuel. Il faut donc distinguer trois montants : la facture brute due \u00e0 la micro-cr\u00e8che, l\u2019aide estim\u00e9e ou vers\u00e9e, puis le reste r\u00e9ellement pay\u00e9 apr\u00e8s aides et avantages fiscaux \u00e9ventuels.<\/p>\n\n<h3 class=\"wp-block-heading\">Un calcul doit s\u00e9parer l\u2019avance et le remboursement<\/h3>\n\n<p class=\"wp-block-paragraph\">Un budget de garde fiable se construit avec les m\u00eames informations chaque mois. Prenez le prix pr\u00e9vu par le contrat, multipliez-le par les heures factur\u00e9es ou relevez le forfait. Retirez ensuite seulement les aides qui ont \u00e9t\u00e9 confirm\u00e9es par la Caf ou la MSA. Le cr\u00e9dit d\u2019imp\u00f4t pour frais de garde, lorsqu\u2019il est applicable, intervient selon le calendrier fiscal et ne r\u00e9duit pas forc\u00e9ment le pr\u00e9l\u00e8vement mensuel.<\/p>\n\n<p class=\"wp-block-paragraph\">Le site <a href=\"https:\/\/www.service-public.fr\" target=\"_blank\" rel=\"noopener\">service-public.fr<\/a> rappelle les conditions g\u00e9n\u00e9rales applicables au cr\u00e9dit d\u2019imp\u00f4t pour frais de garde d\u2019enfants hors du domicile. Son calcul d\u00e9pend des d\u00e9penses retenues et des sommes d\u00e9j\u00e0 prises en charge. Il faut conserver les factures et attestations annuelles de la structure, car une d\u00e9pense sans justificatif ne peut pas \u00eatre d\u00e9clar\u00e9e correctement.<\/p>\n\n<p class=\"wp-block-paragraph\">La r\u00e9forme du CMG ne transforme pas toutes les micro-cr\u00e8ches en cr\u00e8ches municipales et ne rend pas un forfait priv\u00e9 identique \u00e0 un tarif PSU. Elle modifie le cadre des aides, pas le contrat commercial sign\u00e9 avec un gestionnaire. Cette distinction compte au moment de choisir une place, mais aussi lorsqu\u2019une facture change en cours d\u2019ann\u00e9e.<\/p>\n\n<p class=\"wp-block-paragraph\">Si le CMG para\u00eet faible ou absent, demandez d\u2019abord une explication \u00e9crite dans votre espace Caf. V\u00e9rifiez ensuite la nature du financement de la micro-cr\u00e8che, les donn\u00e9es de ressources utilis\u00e9es et la conformit\u00e9 des factures. Une structure en PSU ne se traite pas avec le m\u00eame sch\u00e9ma qu\u2019une structure PAJE-CMG.<\/p>\n\n<p class=\"wp-block-paragraph\">Le comparatif financier devient fiable seulement apr\u00e8s identification du r\u00e9gime. Sans cette donn\u00e9e, un tarif annonc\u00e9 ne dit pas ce que votre foyer paiera r\u00e9ellement.<\/p>\n\n<h2 class=\"wp-block-heading\"><span class=\"ez-toc-section\" id=\"Quels_horaires_douverture_et_quelles_capacites_daccueil_faut-il_verifier\"><\/span>Quels horaires d\u2019ouverture et quelles capacit\u00e9s d\u2019accueil faut-il v\u00e9rifier ?<span class=\"ez-toc-section-end\"><\/span><\/h2>\n\n<p class=\"wp-block-paragraph\">Les horaires d\u2019ouverture d\u00e9terminent souvent le premier tri. Une place situ\u00e9e pr\u00e8s du domicile ne r\u00e9pond pas \u00e0 un contrat commen\u00e7ant avant l\u2019ouverture effective, ni \u00e0 une sortie professionnelle apr\u00e8s la fermeture. Il faut demander l\u2019amplitude affich\u00e9e, puis les cr\u00e9neaux qu\u2019il est possible de r\u00e9server dans le contrat. Les deux informations peuvent diff\u00e9rer.<\/p>\n\n<p class=\"wp-block-paragraph\">La cr\u00e8che d\u2019entreprises \u00e0 horaires atypiques annonc\u00e9e \u00e0 Nevers en septembre 2025 illustre ce point. Son existence r\u00e9pond \u00e0 un besoin local identifi\u00e9, mais elle ne doit pas \u00eatre interpr\u00e9t\u00e9e comme une solution ouverte automatiquement \u00e0 tous les foyers du bassin. L\u2019acc\u00e8s, les plages propos\u00e9es et les modalit\u00e9s d\u2019admission rel\u00e8vent de son r\u00e8glement et de ses crit\u00e8res d\u2019attribution.<\/p>\n\n<p class=\"wp-block-paragraph\">Les fermetures annuelles modifient \u00e9galement le besoin r\u00e9el. Une structure peut \u00eatre ouverte du lundi au vendredi sur une large amplitude, tout en fermant plusieurs semaines l\u2019\u00e9t\u00e9 ou pendant les f\u00eates. Demandez ces dates avant de comparer les contrats. Une garde \u00e0 organiser pendant les p\u00e9riodes de fermeture repr\u00e9sente un co\u00fbt ou une contrainte distincte.<\/p>\n\n<p class=\"wp-block-paragraph\">Les capacit\u00e9s d\u2019accueil sont une autre donn\u00e9e \u00e0 lire correctement. Les <strong>277 places municipales annonc\u00e9es pour 2025<\/strong> correspondent \u00e0 une capacit\u00e9 globale de l\u2019offre municipale. Elles ne signifient pas que 277 admissions sont possibles \u00e0 chaque rentr\u00e9e. Des places sont d\u00e9j\u00e0 occup\u00e9es par des contrats en cours, et les entr\u00e9es peuvent se produire \u00e0 des mois diff\u00e9rents.<\/p>\n\n<h3 class=\"wp-block-heading\">Les quatre questions \u00e0 poser au t\u00e9l\u00e9phone ou par \u00e9crit<\/h3>\n\n<p class=\"wp-block-paragraph\">Un appel utile doit obtenir des r\u00e9ponses comparables. Demandez le r\u00e9gime tarifaire, l\u2019amplitude r\u00e9ellement contractualisable, les fermetures pr\u00e9vues et la date \u00e0 laquelle une place pourrait \u00eatre propos\u00e9e. Si le gestionnaire \u00e9voque une disponibilit\u00e9, demandez si elle concerne un accueil \u00e0 temps complet, certains jours seulement ou un volume horaire impos\u00e9.<\/p>\n\n<ul class=\"wp-block-list\"><li>\u00ab Quel tarif appliquez-vous et s\u2019agit-il d\u2019un tarif PSU ou d\u2019une micro-cr\u00e8che avec CMG ? \u00bb<\/li><li>\u00ab Quelles heures peuvent \u00eatre inscrites au contrat, du premier accueil au dernier d\u00e9part ? \u00bb<\/li><li>\u00ab Quelles semaines de fermeture sont d\u00e9j\u00e0 pr\u00e9vues pour l\u2019ann\u00e9e de contrat ? \u00bb<\/li><li>\u00ab Pour quel mois, quel nombre de jours et quel volume horaire une place est-elle envisageable ? \u00bb<\/li><\/ul>\n\n<p class=\"wp-block-paragraph\">Notez la date de l\u2019\u00e9change, le nom de l\u2019interlocuteur s\u2019il accepte de le donner et les \u00e9l\u00e9ments non communiqu\u00e9s. Une disponibilit\u00e9 \u00e9volue rapidement. Une r\u00e9ponse obtenue le lundi peut ne plus \u00eatre exacte apr\u00e8s une attribution ou un d\u00e9sistement le vendredi suivant.<\/p>\n\n<p class=\"wp-block-paragraph\">Pour v\u00e9rifier l\u2019existence administrative d\u2019une structure, croisez la r\u00e9ponse obtenue avec l\u2019annuaire officiel <a href=\"https:\/\/monenfant.fr\" target=\"_blank\" rel=\"noopener\">monenfant.fr<\/a>, puis avec les informations locales ou le registre des entreprises lorsque le gestionnaire est priv\u00e9. Un annuaire qui n\u2019est pas actualis\u00e9 peut conserver une fiche apr\u00e8s une fermeture ; un appel ou un \u00e9crit r\u00e9cent reste n\u00e9cessaire avant toute d\u00e9marche.<\/p>\n\n<p class=\"wp-block-paragraph\">L\u2019article consacr\u00e9 au <a href=\"https:\/\/bebouillecreche.fr\/blog\/jardin-enfants-nougatine\/\">jardin d\u2019enfants Nougatine<\/a> permet de distinguer ce mode d\u2019accueil d\u2019une cr\u00e8che collective dans l\u2019offre locale. Il ne remplace pas la v\u00e9rification de ses horaires, de son statut et de ses conditions d\u2019admission \u00e0 la date de votre demande.<\/p>\n\n<figure class=\"is-provider-youtube is-type-video wp-block-embed wp-block-embed-youtube wp-embed-aspect-16-9 wp-has-aspect-ratio\"><div class=\"wp-block-embed__wrapper\">\n<iframe loading=\"lazy\" title=\"Cr\u00e9er une micro-cr\u00e8che  : CE QUI CHANGE EN 2025 (Actualit\u00e9, conseils et opportunit\u00e9s)\" width=\"500\" height=\"281\" src=\"https:\/\/www.youtube.com\/embed\/smBgUDdHfLo?feature=oembed\" frameborder=\"0\" allow=\"accelerometer; autoplay; clipboard-write; encrypted-media; gyroscope; picture-in-picture; web-share\" referrerpolicy=\"strict-origin-when-cross-origin\" allowfullscreen><\/iframe>\n<\/div><\/figure>\n\n<h2 class=\"wp-block-heading\"><span class=\"ez-toc-section\" id=\"Comment_organiser_une_inscription_creche_a_Nevers_sans_melanger_les_procedures\"><\/span>Comment organiser une inscription cr\u00e8che \u00e0 Nevers sans m\u00e9langer les proc\u00e9dures ?<span class=\"ez-toc-section-end\"><\/span><\/h2>\n\n<p class=\"wp-block-paragraph\">La cr\u00e8che municipale et la micro-cr\u00e8che ne se sollicitent pas toujours au m\u00eame moment ni aupr\u00e8s du m\u00eame interlocuteur. Pour une demande municipale, le Relais Petite Enfance et les services de la Ville restent les sources \u00e0 utiliser pour conna\u00eetre les documents \u00e0 produire, le calendrier des commissions d\u2019attribution et les crit\u00e8res pris en compte. La proc\u00e9dure doit \u00eatre v\u00e9rifi\u00e9e pour la campagne en cours.<\/p>\n\n<p class=\"wp-block-paragraph\">Une commission d\u2019attribution ne fonctionne pas comme une r\u00e9servation instantan\u00e9e. Le dossier est \u00e9tudi\u00e9 dans un calendrier d\u00e9termin\u00e9 et les places sont attribu\u00e9es en fonction des possibilit\u00e9s ouvertes. D\u00e9poser un dossier tardif peut placer votre demande apr\u00e8s une commission d\u00e9j\u00e0 tenue. Il faut donc demander la prochaine date pr\u00e9cise, le d\u00e9lai de d\u00e9p\u00f4t et la mani\u00e8re dont vous serez inform\u00e9 de la d\u00e9cision.<\/p>\n\n<p class=\"wp-block-paragraph\">La micro-cr\u00e8che suit g\u00e9n\u00e9ralement une proc\u00e9dure directe. Vous \u00e9changez avec le gestionnaire, fournissez les \u00e9l\u00e9ments demand\u00e9s et recevez, si une place est propos\u00e9e, un devis ou un contrat. Ce document doit \u00eatre lu avant signature. Le point financier doit pr\u00e9ciser le prix, le nombre d\u2019heures incluses, les frais suppl\u00e9mentaires, les cong\u00e9s ou fermetures, les conditions de pr\u00e9avis et les modalit\u00e9s de paiement.<\/p>\n\n<p class=\"wp-block-paragraph\">Les documents ne doivent pas \u00eatre assembl\u00e9s au dernier moment. Les pi\u00e8ces les plus souvent demand\u00e9es concernent l\u2019identit\u00e9, l\u2019adresse, la situation professionnelle, les ressources n\u00e9cessaires au calcul tarifaire et les informations administratives de l\u2019enfant. La liste exacte d\u00e9pend du gestionnaire et du r\u00e8glement local. Il faut se fier \u00e0 la liste transmise pour la campagne concern\u00e9e, pas \u00e0 un dossier d\u2019une ann\u00e9e ant\u00e9rieure.<\/p>\n\n<h3 class=\"wp-block-heading\">Garder deux d\u00e9marches ouvertes jusqu\u2019\u00e0 l\u2019offre \u00e9crite<\/h3>\n\n<p class=\"wp-block-paragraph\">D\u00e9poser une demande municipale n\u2019emp\u00eache pas de contacter une micro-cr\u00e8che. Cette double d\u00e9marche \u00e9vite de d\u00e9pendre d\u2019une seule commission ou d\u2019une seule liste d\u2019attente. Elle ne doit pas conduire \u00e0 signer deux contrats incompatibles. Tant qu\u2019aucune proposition \u00e9crite n\u2019est accept\u00e9e, le besoin n\u2019est pas s\u00e9curis\u00e9.<\/p>\n\n<p class=\"wp-block-paragraph\">Lorsqu\u2019une micro-cr\u00e8che propose une place, v\u00e9rifiez la date de d\u00e9but, les horaires, le r\u00e9gime de financement et le montant \u00e0 avancer. Lorsqu\u2019une place municipale est attribu\u00e9e, relisez les conditions du contrat et le calcul de participation communiqu\u00e9. Dans les deux cas, conservez les \u00e9changes : ils servent \u00e0 v\u00e9rifier que la proposition finale correspond \u00e0 ce qui a \u00e9t\u00e9 annonc\u00e9.<\/p>\n\n<p class=\"wp-block-paragraph\">La Ville indique que plus de <strong>550 enfants<\/strong> et plus de <strong>1 000 parents<\/strong> utilisent chaque ann\u00e9e ses dispositifs de petite enfance, pour un budget annonc\u00e9 de <strong>5 millions d\u2019euros<\/strong>, financ\u00e9 \u00e0 <strong>64 % par la Caf de la Ni\u00e8vre<\/strong>. Ces donn\u00e9es d\u00e9crivent l\u2019ampleur du service municipal. Elles ne permettent pas de pr\u00e9voir une d\u00e9cision individuelle, qui d\u00e9pend d\u2019un dossier et d\u2019une place disponible au moment de l\u2019attribution.<\/p>\n\n<p class=\"wp-block-paragraph\">Pour un dossier r\u00e9el, le Relais Petite Enfance peut pr\u00e9ciser la proc\u00e9dure municipale et la Caf ou la MSA peut confirmer les droits li\u00e9s au CMG. Ce sont les deux interlocuteurs \u00e0 contacter avant une signature lorsque la date de reprise du travail approche.<\/p>\n\n<script type=\"application\/ld+json\">\n{\"@context\":\"https:\/\/schema.org\",\"@type\":\"FAQPage\",\"mainEntity\":[{\"@type\":\"Question\",\"name\":\"Une micro-cru00e8che est-elle toujours plus chu00e8re quu2019une cru00e8che municipale ?\",\"acceptedAnswer\":{\"@type\":\"Answer\",\"text\":\"Non. Une cru00e8che municipale applique gu00e9nu00e9ralement le baru00e8me de participation familiale. Une micro-cru00e8che peut appliquer ce mu00eame cadre PSU ou une facturation privu00e9e avec CMG. Le cou00fbt se compare avec les revenus du foyer, le nombre du2019heures, le tarif contractuel et lu2019aide effectivement accordu00e9e.\"}},{\"@type\":\"Question\",\"name\":\"Comment savoir si une micro-cru00e8che ouvre droit au CMG ?\",\"acceptedAnswer\":{\"@type\":\"Answer\",\"text\":\"Demandez au gestionnaire, avant de signer, si lu2019u00e9tablissement relu00e8ve du ru00e9gime PAJE-CMG ou de la PSU. Faites ensuite une simulation sur le site de la Caf ou de la MSA et demandez une confirmation pour votre dossier.\"}},{\"@type\":\"Question\",\"name\":\"Les 277 places annoncu00e9es u00e0 Nevers correspondent-elles u00e0 des places disponibles ?\",\"acceptedAnswer\":{\"@type\":\"Answer\",\"text\":\"Non. Ce chiffre correspond u00e0 la capacitu00e9 municipale annoncu00e9e pour 2025. La disponibilitu00e9 du00e9pend des contrats du00e9ju00e0 en cours, des du00e9parts, des commissions du2019attribution et de la date de du00e9but demandu00e9e.\"}},{\"@type\":\"Question\",\"name\":\"Faut-il arru00eater les recherches apru00e8s le du00e9pu00f4t du2019un dossier municipal ?\",\"acceptedAnswer\":{\"@type\":\"Answer\",\"text\":\"Non. Le du00e9pu00f4t du2019un dossier municipal et les contacts avec des micro-cru00e8ches peuvent u00eatre menu00e9s en parallu00e8le. Il faut toutefois u00e9viter de signer deux contrats et vu00e9rifier toutes les conditions avant du2019accepter une offre u00e9crite.\"}}]}\n<\/script>\n<h3>Une micro-cr\u00e8che est-elle toujours plus ch\u00e8re qu\u2019une cr\u00e8che municipale ?<\/h3>\n<p>Non. Une cr\u00e8che municipale applique g\u00e9n\u00e9ralement le bar\u00e8me de participation familiale. Une micro-cr\u00e8che peut appliquer ce m\u00eame cadre PSU ou une facturation priv\u00e9e avec CMG. Le co\u00fbt se compare avec les revenus du foyer, le nombre d\u2019heures, le tarif contractuel et l\u2019aide effectivement accord\u00e9e.<\/p>\n<h3>Comment savoir si une micro-cr\u00e8che ouvre droit au CMG ?<\/h3>\n<p>Demandez au gestionnaire, avant de signer, si l\u2019\u00e9tablissement rel\u00e8ve du r\u00e9gime PAJE-CMG ou de la PSU. Faites ensuite une simulation sur le site de la Caf ou de la MSA et demandez une confirmation pour votre dossier.<\/p>\n<h3>Les 277 places annonc\u00e9es \u00e0 Nevers correspondent-elles \u00e0 des places disponibles ?<\/h3>\n<p>Non. Ce chiffre correspond \u00e0 la capacit\u00e9 municipale annonc\u00e9e pour 2025. La disponibilit\u00e9 d\u00e9pend des contrats d\u00e9j\u00e0 en cours, des d\u00e9parts, des commissions d\u2019attribution et de la date de d\u00e9but demand\u00e9e.<\/p>\n<h3>Faut-il arr\u00eater les recherches apr\u00e8s le d\u00e9p\u00f4t d\u2019un dossier municipal ?<\/h3>\n<p>Non. Le d\u00e9p\u00f4t d\u2019un dossier municipal et les contacts avec des micro-cr\u00e8ches peuvent \u00eatre men\u00e9s en parall\u00e8le. Il faut toutefois \u00e9viter de signer deux contrats et v\u00e9rifier toutes les conditions avant d\u2019accepter une offre \u00e9crite.<\/p>\n\n","protected":false},"excerpt":{"rendered":"<p>277 places municipales \u00e9taient annonc\u00e9es \u00e0 Nevers en 2025, auxquelles s\u2019ajoute une cr\u00e8che d\u2019entreprises de 31 places ouverte en septembre 2025. Entre micro-cr\u00e8che et cr\u00e8che municipale, le changement principal porte sur le calcul de la facture, la proc\u00e9dure d\u2019inscription et les horaires r\u00e9ellement accessibles selon votre contrat. Ce comparatif couvre Nevers et les d\u00e9marches li\u00e9es [&hellip;]<\/p>\n","protected":false},"author":1,"featured_media":0,"comment_status":"open","ping_status":"closed","sticky":false,"template":"","format":"standard","meta":{"footnotes":""},"categories":[18],"tags":[],"class_list":["post-88","post","type-post","status-publish","format-standard","hentry","category-actualites-accueil-jeune-enfant-nevers"],"_links":{"self":[{"href":"https:\/\/bebouillecreche.fr\/blog\/wp-json\/wp\/v2\/posts\/88","targetHints":{"allow":["GET"]}}],"collection":[{"href":"https:\/\/bebouillecreche.fr\/blog\/wp-json\/wp\/v2\/posts"}],"about":[{"href":"https:\/\/bebouillecreche.fr\/blog\/wp-json\/wp\/v2\/types\/post"}],"author":[{"embeddable":true,"href":"https:\/\/bebouillecreche.fr\/blog\/wp-json\/wp\/v2\/users\/1"}],"replies":[{"embeddable":true,"href":"https:\/\/bebouillecreche.fr\/blog\/wp-json\/wp\/v2\/comments?post=88"}],"version-history":[{"count":0,"href":"https:\/\/bebouillecreche.fr\/blog\/wp-json\/wp\/v2\/posts\/88\/revisions"}],"wp:attachment":[{"href":"https:\/\/bebouillecreche.fr\/blog\/wp-json\/wp\/v2\/media?parent=88"}],"wp:term":[{"taxonomy":"category","embeddable":true,"href":"https:\/\/bebouillecreche.fr\/blog\/wp-json\/wp\/v2\/categories?post=88"},{"taxonomy":"post_tag","embeddable":true,"href":"https:\/\/bebouillecreche.fr\/blog\/wp-json\/wp\/v2\/tags?post=88"}],"curies":[{"name":"wp","href":"https:\/\/api.w.org\/{rel}","templated":true}]}}