{"id":87,"date":"2026-08-31T11:00:18","date_gmt":"2026-08-31T11:00:18","guid":{"rendered":"https:\/\/bebouillecreche.fr\/blog\/creches-coulanges-varennes\/"},"modified":"2026-08-31T11:00:18","modified_gmt":"2026-08-31T11:00:18","slug":"creches-coulanges-varennes","status":"publish","type":"post","link":"https:\/\/bebouillecreche.fr\/blog\/creches-coulanges-varennes\/","title":{"rendered":"Cr\u00e8ches de l&rsquo;agglo : Coulanges, Varennes-Vauzelles, Marzy"},"content":{"rendered":"<p class=\"wp-block-paragraph\"><strong>Deux \u00e9quipements collectifs de petite enfance<\/strong> sont recens\u00e9s \u00e0 Varennes-Vauzelles dans la Base permanente des \u00e9quipements de l\u2019INSEE pour <strong>2024<\/strong>. Les donn\u00e9es fournies ne permettent pas de publier un inventaire v\u00e9rifi\u00e9 des cr\u00e8ches de Coulanges-l\u00e8s-Nevers et de Marzy. Pour Varennes-Vauzelles, le rapport entre <strong>185 familles<\/strong> ayant un jeune enfant et deux lieux recens\u00e9s impose de d\u00e9poser plusieurs demandes.<\/p>\n\n<p class=\"wp-block-paragraph\">En bref, les donn\u00e9es publiques disponibles dessinent une situation tendue \u00e0 Varennes-Vauzelles, mais elles ne remplacent ni un appel aux services municipaux ni la v\u00e9rification du statut r\u00e9el d\u2019un \u00e9tablissement avant un d\u00e9p\u00f4t de dossier.<\/p>\n\n<ul class=\"wp-block-list\"><li><strong>185 familles<\/strong> avec un jeune enfant sont recens\u00e9es par la CAF \u00e0 Varennes-Vauzelles en d\u00e9cembre 2024.<\/li><li><strong>Deux \u00e9quipements<\/strong> sont r\u00e9pertori\u00e9s par la Base permanente des \u00e9quipements de l\u2019INSEE pour 2024.<\/li><li>Le ratio brut atteint <strong>92,5 familles par \u00e9quipement recens\u00e9<\/strong>, sans indiquer les capacit\u00e9s ni les places effectivement propos\u00e9es.<\/li><li>Coulanges et Marzy doivent \u00eatre v\u00e9rifi\u00e9es s\u00e9par\u00e9ment aupr\u00e8s des communes et de l\u2019annuaire officiel avant toute comparaison.<\/li><\/ul>\n\n<p class=\"wp-block-paragraph\">Ce relev\u00e9 couvre Coulanges-l\u00e8s-Nevers, Varennes-Vauzelles et Marzy, dans la premi\u00e8re couronne de Nevers, pour la recherche d\u2019une place d\u2019accueil enfant de moins de trois ans. Il ne traite ni de la sant\u00e9, ni du sommeil, ni de l\u2019alimentation, ni du choix p\u00e9dagogique d\u2019un \u00e9tablissement.<\/p>\n\n<div id=\"ez-toc-container\" class=\"ez-toc-v2_0_87 counter-hierarchy ez-toc-counter ez-toc-grey ez-toc-container-direction\">\n<div class=\"ez-toc-title-container\">\n<p class=\"ez-toc-title\" style=\"cursor:inherit\">Sommaire<\/p>\n<span class=\"ez-toc-title-toggle\"><a href=\"#\" class=\"ez-toc-pull-right ez-toc-btn ez-toc-btn-xs ez-toc-btn-default ez-toc-toggle\" aria-label=\"Toggle Table of Content\"><span class=\"ez-toc-js-icon-con\"><span class=\"\"><span class=\"eztoc-hide\" style=\"display:none;\">Toggle<\/span><span class=\"ez-toc-icon-toggle-span\"><svg style=\"fill: #999;color:#999\" xmlns=\"http:\/\/www.w3.org\/2000\/svg\" class=\"list-377408\" width=\"20px\" height=\"20px\" viewBox=\"0 0 24 24\" fill=\"none\"><path d=\"M6 6H4v2h2V6zm14 0H8v2h12V6zM4 11h2v2H4v-2zm16 0H8v2h12v-2zM4 16h2v2H4v-2zm16 0H8v2h12v-2z\" fill=\"currentColor\"><\/path><\/svg><svg style=\"fill: #999;color:#999\" class=\"arrow-unsorted-368013\" xmlns=\"http:\/\/www.w3.org\/2000\/svg\" width=\"10px\" height=\"10px\" viewBox=\"0 0 24 24\" version=\"1.2\" baseProfile=\"tiny\"><path d=\"M18.2 9.3l-6.2-6.3-6.2 6.3c-.2.2-.3.4-.3.7s.1.5.3.7c.2.2.4.3.7.3h11c.3 0 .5-.1.7-.3.2-.2.3-.5.3-.7s-.1-.5-.3-.7zM5.8 14.7l6.2 6.3 6.2-6.3c.2-.2.3-.5.3-.7s-.1-.5-.3-.7c-.2-.2-.4-.3-.7-.3h-11c-.3 0-.5.1-.7.3-.2.2-.3.5-.3.7s.1.5.3.7z\"\/><\/svg><\/span><\/span><\/span><\/a><\/span><\/div>\n<nav><ul class='ez-toc-list ez-toc-list-level-1 eztoc-toggle-hide-by-default' ><li class='ez-toc-page-1 ez-toc-heading-level-2'><a class=\"ez-toc-link ez-toc-heading-1\" href=\"https:\/\/bebouillecreche.fr\/blog\/creches-coulanges-varennes\/#Quelles_creches_sont_recensees_a_Varennes-Vauzelles_Coulanges_et_Marzy\" >Quelles cr\u00e8ches sont recens\u00e9es \u00e0 Varennes-Vauzelles, Coulanges et Marzy ?<\/a><\/li><li class='ez-toc-page-1 ez-toc-heading-level-2'><a class=\"ez-toc-link ez-toc-heading-2\" href=\"https:\/\/bebouillecreche.fr\/blog\/creches-coulanges-varennes\/#Pourquoi_la_recherche_dune_place_parait-elle_plus_tendue_a_Varennes-Vauzelles\" >Pourquoi la recherche d\u2019une place para\u00eet-elle plus tendue \u00e0 Varennes-Vauzelles ?<\/a><\/li><li class='ez-toc-page-1 ez-toc-heading-level-2'><a class=\"ez-toc-link ez-toc-heading-3\" href=\"https:\/\/bebouillecreche.fr\/blog\/creches-coulanges-varennes\/#Comment_deposer_une_demande_dans_lagglomeration_de_Nevers_sans_confondre_annuaire_et_inscription\" >Comment d\u00e9poser une demande dans l\u2019agglom\u00e9ration de Nevers sans confondre annuaire et inscription ?<\/a><\/li><li class='ez-toc-page-1 ez-toc-heading-level-2'><a class=\"ez-toc-link ez-toc-heading-4\" href=\"https:\/\/bebouillecreche.fr\/blog\/creches-coulanges-varennes\/#Quels_horaires_et_quels_couts_faut-il_demander_aux_creches_de_Coulanges_Varennes-Vauzelles_et_Marzy\" >Quels horaires et quels co\u00fbts faut-il demander aux cr\u00e8ches de Coulanges, Varennes-Vauzelles et Marzy ?<\/a><\/li><li class='ez-toc-page-1 ez-toc-heading-level-2'><a class=\"ez-toc-link ez-toc-heading-5\" href=\"https:\/\/bebouillecreche.fr\/blog\/creches-coulanges-varennes\/#Comment_comparer_Coulanges_Varennes-Vauzelles_et_Marzy_sans_inventer_de_disponibilite\" >Comment comparer Coulanges, Varennes-Vauzelles et Marzy sans inventer de disponibilit\u00e9 ?<\/a><\/li><\/ul><\/nav><\/div>\n<h2 class=\"wp-block-heading\"><span class=\"ez-toc-section\" id=\"Quelles_creches_sont_recensees_a_Varennes-Vauzelles_Coulanges_et_Marzy\"><\/span>Quelles cr\u00e8ches sont recens\u00e9es \u00e0 Varennes-Vauzelles, Coulanges et Marzy ?<span class=\"ez-toc-section-end\"><\/span><\/h2>\n\n<p class=\"wp-block-paragraph\">\u00c0 Varennes-Vauzelles, la <a href=\"https:\/\/www.insee.fr\/fr\/metadonnees\/source\/serie\/s1172\" target=\"_blank\" rel=\"noopener\">Base permanente des \u00e9quipements de l\u2019INSEE<\/a>, mill\u00e9sime <strong>2024<\/strong>, fait appara\u00eetre deux lieux li\u00e9s \u00e0 l\u2019accueil collectif. Le premier est r\u00e9f\u00e9renc\u00e9 comme une cr\u00e8che collective, \u00ab Pr\u00e9 en Bulle \u00bb, situ\u00e9e <strong>3 all\u00e9e Jacques-Pr\u00e9vert<\/strong>. Le second est libell\u00e9 \u00ab LAEP CSM Varennes-Vauzelles \u00bb, au <strong>16 rue Jean-Baudry<\/strong>, et class\u00e9 comme halte-garderie dans les donn\u00e9es transmises.<\/p>\n\n<p class=\"wp-block-paragraph\">Cette seconde ligne demande une prudence particuli\u00e8re. L\u2019acronyme LAEP renvoie habituellement \u00e0 un lieu d\u2019accueil enfants-parents, qui n\u2019a pas le m\u00eame r\u00f4le qu\u2019une cr\u00e8che proposant une place r\u00e9guli\u00e8re ou occasionnelle. La cat\u00e9gorie figurant dans une base statistique ne suffit donc pas \u00e0 d\u00e9terminer ce qui peut \u00eatre demand\u00e9, ni \u00e0 conna\u00eetre les jours et heures de fonctionnement.<\/p>\n\n<p class=\"wp-block-paragraph\">La donn\u00e9e publique permet de savoir qu\u2019un \u00e9quipement a \u00e9t\u00e9 recens\u00e9 \u00e0 une adresse donn\u00e9e au cours de l\u2019ann\u00e9e <strong>2024<\/strong>. Elle ne permet pas d\u2019affirmer qu\u2019une inscription y est ouverte aujourd\u2019hui, qu\u2019une place est disponible ou qu\u2019un accueil est organis\u00e9 sur toute la journ\u00e9e. Ces trois informations doivent \u00eatre obtenues directement aupr\u00e8s de la commune ou de la structure concern\u00e9e.<\/p>\n\n<p class=\"wp-block-paragraph\">Pour Coulanges-l\u00e8s-Nevers et Marzy, aucune adresse, aucune capacit\u00e9 agr\u00e9\u00e9e, aucun tarif et aucun horaire v\u00e9rifi\u00e9 n\u2019ont \u00e9t\u00e9 fournis dans les \u00e9l\u00e9ments disponibles. Il serait donc erron\u00e9 de reproduire des listes d\u2019annuaires sans contr\u00f4le. Les annuaires conservent parfois des lignes apr\u00e8s une fermeture, un changement de gestionnaire ou une modification d\u2019activit\u00e9.<\/p>\n\n<p class=\"wp-block-paragraph\">La premi\u00e8re \u00e9tape consiste \u00e0 consulter <a href=\"https:\/\/monenfant.fr\" target=\"_blank\" rel=\"noopener\">l\u2019annuaire officiel monenfant.fr<\/a>, puis \u00e0 appeler le lieu identifi\u00e9. L\u2019annuaire donne un point de d\u00e9part, mais l\u2019appel doit porter sur l\u2019ouverture effective, les conditions de d\u00e9p\u00f4t et l\u2019amplitude r\u00e9ellement appliqu\u00e9e. Une adresse trouv\u00e9e sur une carte ne constitue pas une place de garde d\u2019enfants.<\/p>\n\n<figure class=\"wp-block-table\"><table>\n<thead>\n<tr>\n<th>Commune<\/th>\n<th>\u00c9quipement ou information recens\u00e9e<\/th>\n<th>Type indiqu\u00e9<\/th>\n<th>Adresse connue<\/th>\n<th>Date de la donn\u00e9e<\/th>\n<th>\u00c9l\u00e9ments restant \u00e0 v\u00e9rifier<\/th>\n<\/tr>\n<\/thead>\n<tbody>\n<tr>\n<td>Varennes-Vauzelles<\/td>\n<td>Pr\u00e9 en Bulle<\/td>\n<td>Cr\u00e8che collective<\/td>\n<td>3 all\u00e9e Jacques-Pr\u00e9vert, 58640<\/td>\n<td><strong>INSEE BPE 2024<\/strong><\/td>\n<td>Capacit\u00e9, horaires, tarification, statut d\u2019activit\u00e9<\/td>\n<\/tr>\n<tr>\n<td>Varennes-Vauzelles<\/td>\n<td>LAEP CSM Varennes-Vauzelles<\/td>\n<td>Halte-garderie dans les donn\u00e9es transmises<\/td>\n<td>16 rue Jean-Baudry, 58640<\/td>\n<td><strong>INSEE BPE 2024<\/strong><\/td>\n<td>Nature exacte de l\u2019accueil, modalit\u00e9s d\u2019inscription, horaires<\/td>\n<\/tr>\n<tr>\n<td>Coulanges-l\u00e8s-Nevers<\/td>\n<td>Inventaire local non fourni<\/td>\n<td>Non v\u00e9rifi\u00e9<\/td>\n<td>Non fournie<\/td>\n<td><strong>\u00c0 v\u00e9rifier en 2026<\/strong><\/td>\n<td>Adresse, gestionnaire, capacit\u00e9, statut et tarifs<\/td>\n<\/tr>\n<tr>\n<td>Marzy<\/td>\n<td>Inventaire local non fourni<\/td>\n<td>Non v\u00e9rifi\u00e9<\/td>\n<td>Non fournie<\/td>\n<td><strong>\u00c0 v\u00e9rifier en 2026<\/strong><\/td>\n<td>Adresse, gestionnaire, capacit\u00e9, statut et tarifs<\/td>\n<\/tr>\n<\/tbody>\n<\/table><\/figure>\n\n<p class=\"wp-block-paragraph\">Ce tableau croise uniquement les \u00e9l\u00e9ments document\u00e9s. Les cases non renseign\u00e9es ne doivent pas \u00eatre combl\u00e9es par une estimation. Pour une recherche imm\u00e9diate, les services municipaux de chaque commune restent le premier interlocuteur local, avant une demande adress\u00e9e au Relais Petite Enfance de Nevers.<\/p>\n\n<h2 class=\"wp-block-heading\"><span class=\"ez-toc-section\" id=\"Pourquoi_la_recherche_dune_place_parait-elle_plus_tendue_a_Varennes-Vauzelles\"><\/span>Pourquoi la recherche d\u2019une place para\u00eet-elle plus tendue \u00e0 Varennes-Vauzelles ?<span class=\"ez-toc-section-end\"><\/span><\/h2>\n\n<p class=\"wp-block-paragraph\">La CAF recense <strong>185 familles avec un jeune enfant<\/strong> \u00e0 Varennes-Vauzelles en <strong>d\u00e9cembre 2024<\/strong>. La Base permanente des \u00e9quipements de l\u2019INSEE recense, elle, <strong>deux structures d\u2019accueil collectif<\/strong> pour la m\u00eame commune en <strong>2024<\/strong>. Diviser 185 par deux donne <strong>92,5 familles par \u00e9quipement<\/strong>.<\/p>\n\n<p class=\"wp-block-paragraph\">Ce calcul ne mesure pas une liste d\u2019attente. Il ne donne pas non plus une probabilit\u00e9 individuelle d\u2019obtenir une place. Il met simplement en regard une demande potentielle, calcul\u00e9e \u00e0 partir des foyers allocataires concern\u00e9s, et le nombre de lieux recens\u00e9s. Une cr\u00e8che peut disposer de plusieurs dizaines de places, alors qu\u2019une halte-garderie peut organiser un accueil diff\u00e9rent, avec une fr\u00e9quentation ponctuelle.<\/p>\n\n<p class=\"wp-block-paragraph\">Le chiffre de <strong>10 % de chance<\/strong> parfois avanc\u00e9 pour la rentr\u00e9e 2026 repose sur une hypoth\u00e8se : vingt places par \u00e9quipement et 15 % de renouvellement annuel. Cette m\u00e9thode produit une indication th\u00e9orique, pas une information d\u2019attribution. Aucune capacit\u00e9 agr\u00e9\u00e9e ni aucun taux de d\u00e9part r\u00e9ellement constat\u00e9 \u00e0 Varennes-Vauzelles n\u2019est fourni pour confirmer ces deux param\u00e8tres.<\/p>\n\n<p class=\"wp-block-paragraph\">La diff\u00e9rence est concr\u00e8te. Une commission d\u2019attribution travaille sur les places qui se lib\u00e8rent, les dates souhait\u00e9es, les horaires demand\u00e9s et les r\u00e8gles pr\u00e9vues par la collectivit\u00e9. Un ratio statistique communal ne peut pas pr\u00e9voir la d\u00e9cision qui sera prise sur un dossier. Il peut seulement justifier une d\u00e9marche anticip\u00e9e et l\u2019ouverture de plusieurs pistes dans l\u2019agglom\u00e9ration.<\/p>\n\n<p class=\"wp-block-paragraph\">Les <strong>305 foyers monoparentaux<\/strong> recens\u00e9s parmi <strong>775 familles avec enfant \u00e0 charge<\/strong> \u00e0 Varennes-Vauzelles repr\u00e9sentent <strong>39,4 %<\/strong> des foyers concern\u00e9s, selon les donn\u00e9es CAF de d\u00e9cembre 2024 reprises dans les \u00e9l\u00e9ments fournis. Ce niveau est sup\u00e9rieur au taux national de 24 % mentionn\u00e9 dans la m\u00eame source de donn\u00e9es. Cette donn\u00e9e \u00e9claire le besoin d\u2019horaires compatibles avec une activit\u00e9 professionnelle, sans permettre de d\u00e9duire des r\u00e8gles de priorit\u00e9 locales.<\/p>\n\n<p class=\"wp-block-paragraph\">Les crit\u00e8res d\u2019attribution ne doivent jamais \u00eatre d\u00e9duits d\u2019un classement statistique. Ils doivent \u00eatre lus dans le r\u00e8glement de fonctionnement, lorsqu\u2019il existe, ou confirm\u00e9s par l\u2019interlocuteur qui instruit les demandes. La Ville de Nevers pr\u00e9sente ses informations de petite enfance et de Relais Petite Enfance sur <a href=\"https:\/\/www.nevers.fr\" target=\"_blank\" rel=\"noopener\">son site municipal<\/a>, qui doit \u00eatre consult\u00e9 avant chaque campagne de d\u00e9p\u00f4t.<\/p>\n\n<p class=\"wp-block-paragraph\">La cons\u00e9quence pratique est simple. Une famille qui vise Varennes-Vauzelles ne doit pas attendre une r\u00e9ponse n\u00e9gative avant de regarder Coulanges et Marzy. Le p\u00e9rim\u00e8tre de d\u00e9placement, les heures de travail et la date de d\u00e9but souhait\u00e9e d\u00e9terminent souvent davantage la d\u00e9marche que le seul nom de la commune de r\u00e9sidence.<\/p>\n\n<figure class=\"is-provider-youtube is-type-video wp-block-embed wp-block-embed-youtube wp-embed-aspect-16-9 wp-has-aspect-ratio\"><div class=\"wp-block-embed__wrapper\">\n<iframe loading=\"lazy\" title=\"Visite \u00e0 360\u00b0 de la cr\u00e8che Cap Enfants d&amp;apos;Argenteuil\" width=\"500\" height=\"281\" src=\"https:\/\/www.youtube.com\/embed\/Wj0yu9nqZFI?feature=oembed\" frameborder=\"0\" allow=\"accelerometer; autoplay; clipboard-write; encrypted-media; gyroscope; picture-in-picture; web-share\" referrerpolicy=\"strict-origin-when-cross-origin\" allowfullscreen><\/iframe>\n<\/div><\/figure>\n\n<h2 class=\"wp-block-heading\"><span class=\"ez-toc-section\" id=\"Comment_deposer_une_demande_dans_lagglomeration_de_Nevers_sans_confondre_annuaire_et_inscription\"><\/span>Comment d\u00e9poser une demande dans l\u2019agglom\u00e9ration de Nevers sans confondre annuaire et inscription ?<span class=\"ez-toc-section-end\"><\/span><\/h2>\n\n<p class=\"wp-block-paragraph\">Une fiche d\u2019annuaire indique qu\u2019un lieu est ou a \u00e9t\u00e9 recens\u00e9. Elle ne constitue ni une r\u00e9servation ni un dossier de demande. Pour les cr\u00e8ches municipales et les \u00e9quipements collectifs g\u00e9r\u00e9s avec une collectivit\u00e9, le d\u00e9p\u00f4t passe souvent par un guichet identifi\u00e9, un Relais Petite Enfance ou un service municipal. La proc\u00e9dure exacte d\u00e9pend de la commune et du gestionnaire.<\/p>\n\n<p class=\"wp-block-paragraph\">La demande doit commencer par la date recherch\u00e9e. Une place voulue en septembre ne se traite pas comme un besoin pour avril ou pour un retour rapide \u00e0 l\u2019emploi. Les commissions examinent les dossiers selon leur calendrier propre. Aucun calendrier pr\u00e9cis de Coulanges, de Varennes-Vauzelles ou de Marzy n\u2019est pr\u00e9sent dans les donn\u00e9es disponibles ; il ne faut pas reprendre une date ancienne ou celle d\u2019une commune voisine.<\/p>\n\n<h3 class=\"wp-block-heading\">Les documents \u00e0 v\u00e9rifier avant de remettre un dossier<\/h3>\n\n<p class=\"wp-block-paragraph\">Un dossier de pr\u00e9inscription demande habituellement l\u2019identit\u00e9 des responsables l\u00e9gaux, l\u2019adresse, les coordonn\u00e9es, la date de naissance ou la date pr\u00e9vue de naissance, le besoin horaire et des justificatifs li\u00e9s \u00e0 la situation professionnelle. La liste exacte rel\u00e8ve du r\u00e8glement de fonctionnement ou du formulaire local. Une pi\u00e8ce manquante peut repousser l\u2019examen d\u2019une demande \u00e0 une session ult\u00e9rieure.<\/p>\n\n<p class=\"wp-block-paragraph\">La d\u00e9marche la plus s\u00fbre suit un ordre pr\u00e9cis. Il faut d\u2019abord identifier le gestionnaire, ensuite demander le document de pr\u00e9inscription \u00e0 jour, puis noter la date limite annonc\u00e9e et enfin conserver une preuve de d\u00e9p\u00f4t. Un courriel de confirmation ou un r\u00e9c\u00e9piss\u00e9 permet de v\u00e9rifier que la demande a \u00e9t\u00e9 re\u00e7ue, sans pr\u00e9juger de l\u2019attribution.<\/p>\n\n<ol class=\"wp-block-list\"><li>Relevez la commune, l\u2019adresse et le gestionnaire du lieu recherch\u00e9.<\/li><li>Demandez par \u00e9crit la date de la prochaine commission d\u2019attribution.<\/li><li>V\u00e9rifiez les horaires d\u2019accueil r\u00e9ellement propos\u00e9s pour le contrat demand\u00e9.<\/li><li>D\u00e9posez le dossier complet selon le canal indiqu\u00e9 par la commune ou la structure.<\/li><li>Conservez la confirmation de d\u00e9p\u00f4t et la date annonc\u00e9e pour la r\u00e9ponse.<\/li><\/ol>\n\n<p class=\"wp-block-paragraph\">Lorsqu\u2019une demande est faite \u00e0 plusieurs lieux, il faut signaler clairement les contraintes non n\u00e9gociables : arriv\u00e9e avant 8 heures, d\u00e9part apr\u00e8s 18 heures, jours travaill\u00e9s ou date de reprise. Une demande vague donne peu de prise \u00e0 l\u2019instruction. En revanche, il n\u2019est pas utile d\u2019inventer une disponibilit\u00e9 plus large que celle r\u00e9ellement n\u00e9cessaire, car le contrat propos\u00e9 devra ensuite correspondre \u00e0 l\u2019organisation possible.<\/p>\n\n<p class=\"wp-block-paragraph\">Les cr\u00e8ches municipales de Nevers ob\u00e9issent \u00e0 des d\u00e9marches qui ne se transposent pas automatiquement dans les communes voisines. Le fonctionnement et les tarifs des accueils municipaux sont pr\u00e9sent\u00e9s dans ce <a href=\"https:\/\/bebouillecreche.fr\/blog\/creches-municipales-nevers\/\">rep\u00e8re sur les cr\u00e8ches municipales de Nevers<\/a>. Pour Coulanges, Varennes-Vauzelles et Marzy, le dossier local reste la seule pi\u00e8ce qui fasse foi.<\/p>\n\n<p class=\"wp-block-paragraph\">Les assistantes maternelles constituent une autre piste de garde d\u2019enfants, distincte des \u00e9quipements collectifs. Leur disponibilit\u00e9 ne se d\u00e9duit pas du nombre de cr\u00e8ches pr\u00e9sentes dans une commune. Le Relais Petite Enfance peut orienter vers les informations locales, tandis que l\u2019annuaire officiel permet d\u2019identifier les modes d\u2019accueil d\u00e9clar\u00e9s dans le secteur.<\/p>\n\n<p class=\"wp-block-paragraph\">La demande utile est celle qui associe une date, un volume d\u2019heures et un p\u00e9rim\u00e8tre de d\u00e9placement. Sans ces trois \u00e9l\u00e9ments, l\u2019\u00e9change avec les services municipaux reste g\u00e9n\u00e9ral et ne permet pas de comparer les possibilit\u00e9s r\u00e9elles.<\/p>\n\n<h2 class=\"wp-block-heading\"><span class=\"ez-toc-section\" id=\"Quels_horaires_et_quels_couts_faut-il_demander_aux_creches_de_Coulanges_Varennes-Vauzelles_et_Marzy\"><\/span>Quels horaires et quels co\u00fbts faut-il demander aux cr\u00e8ches de Coulanges, Varennes-Vauzelles et Marzy ?<span class=\"ez-toc-section-end\"><\/span><\/h2>\n\n<p class=\"wp-block-paragraph\">Un horaire affich\u00e9 sur une page internet ne r\u00e9pond pas toujours \u00e0 la question utile. Il faut conna\u00eetre l\u2019heure \u00e0 laquelle l\u2019accueil commence effectivement, l\u2019heure limite de d\u00e9part, les jours de fermeture et les p\u00e9riodes annuelles sans accueil. Une amplitude annonc\u00e9e de 7h30 \u00e0 18h30 n\u2019a pas la m\u00eame cons\u00e9quence qu\u2019un besoin professionnel commen\u00e7ant \u00e0 7h15.<\/p>\n\n<p class=\"wp-block-paragraph\">Pour les structures cit\u00e9es \u00e0 Varennes-Vauzelles, aucun horaire relev\u00e9 par t\u00e9l\u00e9phone, aucun r\u00e8glement de fonctionnement dat\u00e9 et aucun tarif communiqu\u00e9 ne figurent dans les donn\u00e9es disponibles. Il serait faux d\u2019indiquer un forfait mensuel ou un prix horaire. Cette absence d\u2019information doit \u00eatre formul\u00e9e clairement lors de la recherche, plut\u00f4t que remplac\u00e9e par une moyenne nationale.<\/p>\n\n<p class=\"wp-block-paragraph\">La m\u00eame r\u00e8gle s\u2019applique \u00e0 Coulanges et Marzy. Le nom d\u2019une commune ne renseigne ni sur le mode de financement, ni sur le contrat propos\u00e9. Une cr\u00e8che b\u00e9n\u00e9ficiant de la prestation de service unique applique en principe un bar\u00e8me li\u00e9 aux ressources et \u00e0 la composition du foyer. Une micro-cr\u00e8che peut utiliser une tarification diff\u00e9rente, souvent pr\u00e9sent\u00e9e sous forme de forfait ou de prix horaire, avec des aides qui ne se calculent pas de la m\u00eame mani\u00e8re.<\/p>\n\n<h3 class=\"wp-block-heading\">Les trois questions \u00e0 poser au t\u00e9l\u00e9phone<\/h3>\n\n<p class=\"wp-block-paragraph\">La premi\u00e8re question porte sur l\u2019amplitude r\u00e9elle. Il faut demander les heures d\u2019arriv\u00e9e et de d\u00e9part possibles, et non seulement les heures g\u00e9n\u00e9rales affich\u00e9es. La deuxi\u00e8me porte sur le tarif : bar\u00e8me horaire, forfait mensuel, frais annexes et p\u00e9riode factur\u00e9e. La troisi\u00e8me porte sur les fermetures pr\u00e9vues et les cong\u00e9s impos\u00e9s.<\/p>\n\n<p class=\"wp-block-paragraph\">Le bar\u00e8me de participation familiale est publi\u00e9 par la <a href=\"https:\/\/www.caf.fr\" target=\"_blank\" rel=\"noopener\">Caisse nationale des allocations familiales<\/a>. Pour un accueil concern\u00e9 par ce bar\u00e8me, le montant d\u00e9pend des revenus retenus, du nombre d\u2019enfants \u00e0 charge et du volume d\u2019accueil factur\u00e9. Il faut demander quelle ann\u00e9e de ressources est utilis\u00e9e et quel taux est appliqu\u00e9 au contrat propos\u00e9.<\/p>\n\n<p class=\"wp-block-paragraph\">Pour une micro-cr\u00e8che, il faut distinguer la somme avanc\u00e9e chaque mois de l\u2019aide \u00e9ventuellement vers\u00e9e ensuite. Le compl\u00e9ment de libre choix du mode de garde et le cr\u00e9dit d\u2019imp\u00f4t ne sont pas automatiques au m\u00eame montant pour tous les foyers. Les r\u00e8gles sont d\u00e9taill\u00e9es par <a href=\"https:\/\/www.service-public.fr\/particuliers\/vosdroits\/F345\" target=\"_blank\" rel=\"noopener\">service-public.fr pour le compl\u00e9ment de libre choix du mode de garde<\/a>, avec des conditions li\u00e9es notamment aux revenus, au co\u00fbt et \u00e0 l\u2019activit\u00e9 professionnelle.<\/p>\n\n<p class=\"wp-block-paragraph\">Le revenu m\u00e9dian disponible annuel \u00e0 Varennes-Vauzelles est donn\u00e9 \u00e0 <strong>22 480 euros<\/strong> par les donn\u00e9es FiLoSoFi de l\u2019INSEE pour <strong>2021<\/strong>. Ce chiffre d\u00e9crit le territoire ; il ne permet pas de calculer une facture individuelle. Un tarif ne peut \u00eatre annonc\u00e9 qu\u2019avec les revenus du foyer retenus par le gestionnaire, le nombre d\u2019heures hebdomadaires et la date du bar\u00e8me.<\/p>\n\n<p class=\"wp-block-paragraph\">Une comparaison s\u00e9rieuse ne cherche donc pas imm\u00e9diatement le tarif le plus bas. Elle v\u00e9rifie d\u2019abord que les horaires couvrent le besoin r\u00e9el, puis calcule le co\u00fbt sur la m\u00eame dur\u00e9e d\u2019accueil. Une place moins ch\u00e8re, mais incompatible avec les horaires de travail, ne r\u00e9pond pas \u00e0 la demande.<\/p>\n\n<figure class=\"is-provider-youtube is-type-video wp-block-embed wp-block-embed-youtube wp-embed-aspect-16-9 wp-has-aspect-ratio\"><div class=\"wp-block-embed__wrapper\">\n<iframe loading=\"lazy\" title=\"R\u00e9novation de la cr\u00e8che Louis-Blanc \u00e0 Alfortville\" width=\"500\" height=\"281\" src=\"https:\/\/www.youtube.com\/embed\/mo5nMSScB0c?feature=oembed\" frameborder=\"0\" allow=\"accelerometer; autoplay; clipboard-write; encrypted-media; gyroscope; picture-in-picture; web-share\" referrerpolicy=\"strict-origin-when-cross-origin\" allowfullscreen><\/iframe>\n<\/div><\/figure>\n\n<h2 class=\"wp-block-heading\"><span class=\"ez-toc-section\" id=\"Comment_comparer_Coulanges_Varennes-Vauzelles_et_Marzy_sans_inventer_de_disponibilite\"><\/span>Comment comparer Coulanges, Varennes-Vauzelles et Marzy sans inventer de disponibilit\u00e9 ?<span class=\"ez-toc-section-end\"><\/span><\/h2>\n\n<p class=\"wp-block-paragraph\">Comparer trois communes exige de s\u00e9parer les faits constat\u00e9s des hypoth\u00e8ses. Les faits disponibles portent ici sur Varennes-Vauzelles : deux \u00e9quipements recens\u00e9s en 2024 et 185 familles avec un jeune enfant selon la CAF en d\u00e9cembre 2024. Les \u00e9l\u00e9ments fournis ne donnent pas les capacit\u00e9s, les tarifs ou les taux de r\u00e9ponse des cr\u00e8ches de Coulanges et de Marzy.<\/p>\n\n<p class=\"wp-block-paragraph\">Le d\u00e9placement peut \u00e9largir les possibilit\u00e9s, mais il ajoute un temps de trajet, une contrainte d\u2019horaires et parfois une r\u00e8gle de priorit\u00e9 de r\u00e9sidence. Affirmer qu\u2019un trajet de quinze \u00e0 vingt-cinq minutes multiplie les chances par deux ou trois demanderait des donn\u00e9es locales sur les places, les demandes et les admissions. Aucune de ces donn\u00e9es n\u2019est pr\u00e9sente pour les trois communes.<\/p>\n\n<p class=\"wp-block-paragraph\">La bonne comparaison tient dans une fiche de recherche remplie au fil des appels. Elle ne doit pas contenir de jugement sur les \u00e9tablissements. Elle sert \u00e0 v\u00e9rifier que le lieu est ouvert, que le contrat peut correspondre aux horaires demand\u00e9s et que le co\u00fbt peut \u00eatre calcul\u00e9 sur une base communiqu\u00e9e.<\/p>\n\n<figure class=\"wp-block-table\"><table>\n<thead>\n<tr>\n<th>Point \u00e0 comparer<\/th>\n<th>Information \u00e0 obtenir<\/th>\n<th>Document ou interlocuteur<\/th>\n<th>Pourquoi cette donn\u00e9e compte<\/th>\n<\/tr>\n<\/thead>\n<tbody>\n<tr>\n<td>Statut de l\u2019\u00e9tablissement<\/td>\n<td>Ouverture effective et gestionnaire actuel<\/td>\n<td>Structure, commune et registre des entreprises<\/td>\n<td>\u00c9vite de d\u00e9poser un dossier aupr\u00e8s d\u2019une ligne obsol\u00e8te<\/td>\n<\/tr>\n<tr>\n<td>Capacit\u00e9 agr\u00e9\u00e9e<\/td>\n<td>Nombre de places autoris\u00e9es<\/td>\n<td>Arr\u00eat\u00e9 du Conseil d\u00e9partemental de la Ni\u00e8vre<\/td>\n<td>Ne pr\u00e9juge pas des places libres mais cadre l\u2019offre<\/td>\n<\/tr>\n<tr>\n<td>Horaires r\u00e9els<\/td>\n<td>Heure d\u2019arriv\u00e9e, d\u00e9part, fermetures<\/td>\n<td>R\u00e8glement de fonctionnement dat\u00e9<\/td>\n<td>Permet de tester la compatibilit\u00e9 avec le travail<\/td>\n<\/tr>\n<tr>\n<td>Tarification<\/td>\n<td>Bar\u00e8me, forfait, frais et facturation<\/td>\n<td>Gestionnaire ou grille tarifaire dat\u00e9e<\/td>\n<td>Permet un calcul comparable entre deux solutions<\/td>\n<\/tr>\n<tr>\n<td>Inscription<\/td>\n<td>Date limite et modalit\u00e9 de d\u00e9p\u00f4t<\/td>\n<td>Services municipaux ou Relais Petite Enfance<\/td>\n<td>\u00c9vite de manquer une commission d\u2019attribution<\/td>\n<\/tr>\n<\/tbody>\n<\/table><\/figure>\n\n<p class=\"wp-block-paragraph\">Le contr\u00f4le du statut ne doit pas \u00eatre n\u00e9glig\u00e9. Le Conseil d\u00e9partemental de la Ni\u00e8vre est comp\u00e9tent pour les autorisations relatives aux \u00e9tablissements d\u2019accueil du jeune enfant, tandis que les informations d\u2019activit\u00e9 d\u2019une soci\u00e9t\u00e9 peuvent \u00eatre v\u00e9rifi\u00e9es dans les registres publics. Une fermeture, un changement de gestionnaire ou une suspension modifie imm\u00e9diatement la valeur d\u2019une fiche d\u2019annuaire.<\/p>\n\n<p class=\"wp-block-paragraph\">Une recherche locale peut aussi associer les cr\u00e8ches, les haltes-garderies lorsqu\u2019elles correspondent au besoin, et les assistantes maternelles. Ces modes ne sont pas interchangeables financi\u00e8rement ou administrativement. Les comparer suppose de demander les m\u00eames donn\u00e9es : disponibilit\u00e9 \u00e0 une date donn\u00e9e, horaires, mode de calcul du prix et documents n\u00e9cessaires au contrat.<\/p>\n\n<p class=\"wp-block-paragraph\">Pour Varennes-Vauzelles, le ratio statistique justifie de pr\u00e9parer plusieurs demandes. Pour Coulanges et Marzy, la priorit\u00e9 consiste \u00e0 \u00e9tablir un inventaire dat\u00e9, commune par commune, avant de tirer une conclusion sur la tension ou sur le co\u00fbt. Une case vide, accompagn\u00e9e de sa date de v\u00e9rification, reste plus utile qu\u2019une information incertaine reprise sans contr\u00f4le.<\/p>\n\n<script type=\"application\/ld+json\">\n{\"@context\":\"https:\/\/schema.org\",\"@type\":\"FAQPage\",\"mainEntity\":[{\"@type\":\"Question\",\"name\":\"Combien de structures sont recensu00e9es u00e0 Varennes-Vauzelles ?\",\"acceptedAnswer\":{\"@type\":\"Answer\",\"text\":\"La Base permanente des u00e9quipements de lu2019INSEE pour 2024 recense deux u00e9quipements liu00e9s u00e0 lu2019accueil collectif : une cru00e8che collective et un lieu libellu00e9 LAEP CSM, classu00e9 comme halte-garderie dans les donnu00e9es transmises. Les horaires, capacitu00e9s et modalitu00e9s du2019inscription doivent u00eatre vu00e9rifiu00e9s directement.\"}},{\"@type\":\"Question\",\"name\":\"Le ratio de 92,5 familles par u00e9quipement signifie-t-il quu2019il nu2019y a pas de place ?\",\"acceptedAnswer\":{\"@type\":\"Answer\",\"text\":\"Non. Ce ratio met en relation 185 familles avec un jeune enfant recensu00e9es par la CAF en du00e9cembre 2024 et deux u00e9quipements recensu00e9s par lu2019INSEE en 2024. Il ne mesure ni les capacitu00e9s agru00e9u00e9es, ni les du00e9parts, ni les du00e9cisions du2019attribution.\"}},{\"@type\":\"Question\",\"name\":\"Ou00f9 demander la date du2019une commission du2019attribution ?\",\"acceptedAnswer\":{\"@type\":\"Answer\",\"text\":\"La date doit u00eatre demandu00e9e aux services municipaux compu00e9tents ou au Relais Petite Enfance qui instruit ou oriente les demandes. Aucune date de commission pour Coulanges, Varennes-Vauzelles ou Marzy ne doit u00eatre reprise sans document local datu00e9.\"}},{\"@type\":\"Question\",\"name\":\"Comment connau00eetre le tarif du2019une cru00e8che ?\",\"acceptedAnswer\":{\"@type\":\"Answer\",\"text\":\"Demandez le mode de tarification, le baru00e8me ou le forfait, les frais ajoutu00e9s, les heures facturu00e9es et les fermetures. Un tarif ne peut u00eatre comparu00e9 quu2019avec les revenus du foyer, le nombre du2019heures demandu00e9es et la date de la grille appliquu00e9e.\"}}]}\n<\/script>\n<h3>Combien de structures sont recens\u00e9es \u00e0 Varennes-Vauzelles ?<\/h3>\n<p>La Base permanente des \u00e9quipements de l\u2019INSEE pour 2024 recense deux \u00e9quipements li\u00e9s \u00e0 l\u2019accueil collectif : une cr\u00e8che collective et un lieu libell\u00e9 LAEP CSM, class\u00e9 comme halte-garderie dans les donn\u00e9es transmises. Les horaires, capacit\u00e9s et modalit\u00e9s d\u2019inscription doivent \u00eatre v\u00e9rifi\u00e9s directement.<\/p>\n<h3>Le ratio de 92,5 familles par \u00e9quipement signifie-t-il qu\u2019il n\u2019y a pas de place ?<\/h3>\n<p>Non. Ce ratio met en relation 185 familles avec un jeune enfant recens\u00e9es par la CAF en d\u00e9cembre 2024 et deux \u00e9quipements recens\u00e9s par l\u2019INSEE en 2024. Il ne mesure ni les capacit\u00e9s agr\u00e9\u00e9es, ni les d\u00e9parts, ni les d\u00e9cisions d\u2019attribution.<\/p>\n<h3>O\u00f9 demander la date d\u2019une commission d\u2019attribution ?<\/h3>\n<p>La date doit \u00eatre demand\u00e9e aux services municipaux comp\u00e9tents ou au Relais Petite Enfance qui instruit ou oriente les demandes. Aucune date de commission pour Coulanges, Varennes-Vauzelles ou Marzy ne doit \u00eatre reprise sans document local dat\u00e9.<\/p>\n<h3>Comment conna\u00eetre le tarif d\u2019une cr\u00e8che ?<\/h3>\n<p>Demandez le mode de tarification, le bar\u00e8me ou le forfait, les frais ajout\u00e9s, les heures factur\u00e9es et les fermetures. Un tarif ne peut \u00eatre compar\u00e9 qu\u2019avec les revenus du foyer, le nombre d\u2019heures demand\u00e9es et la date de la grille appliqu\u00e9e.<\/p>\n\n","protected":false},"excerpt":{"rendered":"<p>Deux \u00e9quipements collectifs de petite enfance sont recens\u00e9s \u00e0 Varennes-Vauzelles dans la Base permanente des \u00e9quipements de l\u2019INSEE pour 2024. Les donn\u00e9es fournies ne permettent pas de publier un inventaire v\u00e9rifi\u00e9 des cr\u00e8ches de Coulanges-l\u00e8s-Nevers et de Marzy. Pour Varennes-Vauzelles, le rapport entre 185 familles ayant un jeune enfant et deux lieux recens\u00e9s impose de [&hellip;]<\/p>\n","protected":false},"author":1,"featured_media":0,"comment_status":"open","ping_status":"closed","sticky":false,"template":"","format":"standard","meta":{"footnotes":""},"categories":[1],"tags":[],"class_list":["post-87","post","type-post","status-publish","format-standard","hentry","category-lieux-d-accueil"],"_links":{"self":[{"href":"https:\/\/bebouillecreche.fr\/blog\/wp-json\/wp\/v2\/posts\/87","targetHints":{"allow":["GET"]}}],"collection":[{"href":"https:\/\/bebouillecreche.fr\/blog\/wp-json\/wp\/v2\/posts"}],"about":[{"href":"https:\/\/bebouillecreche.fr\/blog\/wp-json\/wp\/v2\/types\/post"}],"author":[{"embeddable":true,"href":"https:\/\/bebouillecreche.fr\/blog\/wp-json\/wp\/v2\/users\/1"}],"replies":[{"embeddable":true,"href":"https:\/\/bebouillecreche.fr\/blog\/wp-json\/wp\/v2\/comments?post=87"}],"version-history":[{"count":0,"href":"https:\/\/bebouillecreche.fr\/blog\/wp-json\/wp\/v2\/posts\/87\/revisions"}],"wp:attachment":[{"href":"https:\/\/bebouillecreche.fr\/blog\/wp-json\/wp\/v2\/media?parent=87"}],"wp:term":[{"taxonomy":"category","embeddable":true,"href":"https:\/\/bebouillecreche.fr\/blog\/wp-json\/wp\/v2\/categories?post=87"},{"taxonomy":"post_tag","embeddable":true,"href":"https:\/\/bebouillecreche.fr\/blog\/wp-json\/wp\/v2\/tags?post=87"}],"curies":[{"name":"wp","href":"https:\/\/api.w.org\/{rel}","templated":true}]}}