{"id":86,"date":"2026-08-31T10:58:17","date_gmt":"2026-08-31T10:58:17","guid":{"rendered":"https:\/\/bebouillecreche.fr\/blog\/jardin-enfants-nougatine\/"},"modified":"2026-08-31T10:58:17","modified_gmt":"2026-08-31T10:58:17","slug":"jardin-enfants-nougatine","status":"publish","type":"post","link":"https:\/\/bebouillecreche.fr\/blog\/jardin-enfants-nougatine\/","title":{"rendered":"Jardin d&rsquo;enfants Nougatine : l&rsquo;ann\u00e9e avant la maternelle"},"content":{"rendered":"<p class=\"wp-block-paragraph\"><strong>Nougatine<\/strong> est pr\u00e9sent\u00e9e par la Ville de Nevers comme un <strong>jardin d&rsquo;enfants<\/strong> destin\u00e9 aux enfants de <strong>20 mois \u00e0 3 ans<\/strong> relevant du secteur de l\u2019\u00e9cole maternelle Pierre-Brossolette. La place concerne donc une p\u00e9riode pr\u00e9cise, souvent d\u00e9crite comme <strong>l&rsquo;ann\u00e9e avant la maternelle<\/strong>, avec des conditions territoriales et administratives \u00e0 v\u00e9rifier directement aupr\u00e8s de la Ville.<\/p>\n\n<ul class=\"wp-block-list\"><li>La page municipale rattache Nougatine au secteur scolaire de <strong>Pierre-Brossolette<\/strong>, ce qui peut d\u00e9terminer l\u2019acc\u00e8s au dispositif.<\/li><li>Le document d\u00e9partemental mentionne un changement de statut intervenu par arr\u00eat\u00e9 le <strong>23 juillet 2018<\/strong>.<\/li><li>La gestion de la petite enfance a \u00e9t\u00e9 transf\u00e9r\u00e9e du CCAS \u00e0 la Ville de Nevers \u00e0 compter du <strong>1er ao\u00fbt 2020<\/strong>, selon un avis d\u00e9partemental cit\u00e9 dans les documents publics.<\/li><li>Les tarifs, jours d\u2019ouverture, heures r\u00e9elles d\u2019accueil et crit\u00e8res de priorit\u00e9 ne figurent pas dans les \u00e9l\u00e9ments publics fournis ici : ils doivent \u00eatre demand\u00e9s au guichet comp\u00e9tent avant tout d\u00e9p\u00f4t.<\/li><\/ul>\n\n<p class=\"wp-block-paragraph\">Ce relev\u00e9 porte sur <strong>Nevers<\/strong>, sans \u00e9tendre l\u2019information \u00e0 Coulanges-l\u00e8s-Nevers, Varennes-Vauzelles, Marzy ou aux autres communes de la premi\u00e8re couronne. Il traite de l\u2019acc\u00e8s \u00e0 une place et de son cadre administratif. Les questions relatives \u00e0 l\u2019\u00e9veil des enfants, \u00e0 l\u2019apprentissage ludique, au d\u00e9veloppement social, aux activit\u00e9s \u00e9ducatives, \u00e0 la pr\u00e9paration scolaire ou \u00e0 un environnement s\u00e9curis\u00e9 rel\u00e8vent de l\u2019\u00e9quipe responsable et ne sont pas \u00e9valu\u00e9es ici.<\/p>\n\n<div id=\"ez-toc-container\" class=\"ez-toc-v2_0_87 counter-hierarchy ez-toc-counter ez-toc-grey ez-toc-container-direction\">\n<div class=\"ez-toc-title-container\">\n<p class=\"ez-toc-title\" style=\"cursor:inherit\">Sommaire<\/p>\n<span class=\"ez-toc-title-toggle\"><a href=\"#\" class=\"ez-toc-pull-right ez-toc-btn ez-toc-btn-xs ez-toc-btn-default ez-toc-toggle\" aria-label=\"Toggle Table of Content\"><span class=\"ez-toc-js-icon-con\"><span class=\"\"><span class=\"eztoc-hide\" style=\"display:none;\">Toggle<\/span><span class=\"ez-toc-icon-toggle-span\"><svg style=\"fill: #999;color:#999\" xmlns=\"http:\/\/www.w3.org\/2000\/svg\" class=\"list-377408\" width=\"20px\" height=\"20px\" viewBox=\"0 0 24 24\" fill=\"none\"><path d=\"M6 6H4v2h2V6zm14 0H8v2h12V6zM4 11h2v2H4v-2zm16 0H8v2h12v-2zM4 16h2v2H4v-2zm16 0H8v2h12v-2z\" fill=\"currentColor\"><\/path><\/svg><svg style=\"fill: #999;color:#999\" class=\"arrow-unsorted-368013\" xmlns=\"http:\/\/www.w3.org\/2000\/svg\" width=\"10px\" height=\"10px\" viewBox=\"0 0 24 24\" version=\"1.2\" baseProfile=\"tiny\"><path d=\"M18.2 9.3l-6.2-6.3-6.2 6.3c-.2.2-.3.4-.3.7s.1.5.3.7c.2.2.4.3.7.3h11c.3 0 .5-.1.7-.3.2-.2.3-.5.3-.7s-.1-.5-.3-.7zM5.8 14.7l6.2 6.3 6.2-6.3c.2-.2.3-.5.3-.7s-.1-.5-.3-.7c-.2-.2-.4-.3-.7-.3h-11c-.3 0-.5.1-.7.3-.2.2-.3.5-.3.7s.1.5.3.7z\"\/><\/svg><\/span><\/span><\/span><\/a><\/span><\/div>\n<nav><ul class='ez-toc-list ez-toc-list-level-1 eztoc-toggle-hide-by-default' ><li class='ez-toc-page-1 ez-toc-heading-level-2'><a class=\"ez-toc-link ez-toc-heading-1\" href=\"https:\/\/bebouillecreche.fr\/blog\/jardin-enfants-nougatine\/#A_qui_sadresse_le_jardin_denfants_Nougatine_avant_la_maternelle_a_Nevers\" >\u00c0 qui s\u2019adresse le jardin d&rsquo;enfants Nougatine avant la maternelle \u00e0 Nevers ?<\/a><\/li><li class='ez-toc-page-1 ez-toc-heading-level-2'><a class=\"ez-toc-link ez-toc-heading-2\" href=\"https:\/\/bebouillecreche.fr\/blog\/jardin-enfants-nougatine\/#Quel_statut_administratif_a_Nougatine_depuis_son_passage_en_jardin_denfants\" >Quel statut administratif a Nougatine depuis son passage en jardin d&rsquo;enfants ?<\/a><\/li><li class='ez-toc-page-1 ez-toc-heading-level-2'><a class=\"ez-toc-link ez-toc-heading-3\" href=\"https:\/\/bebouillecreche.fr\/blog\/jardin-enfants-nougatine\/#Comment_verifier_une_demande_de_place_a_Nougatine_pour_lannee_avant_la_maternelle\" >Comment v\u00e9rifier une demande de place \u00e0 Nougatine pour l&rsquo;ann\u00e9e avant la maternelle ?<\/a><\/li><li class='ez-toc-page-1 ez-toc-heading-level-2'><a class=\"ez-toc-link ez-toc-heading-4\" href=\"https:\/\/bebouillecreche.fr\/blog\/jardin-enfants-nougatine\/#Quels_tarifs_et_quels_horaires_demander_a_la_Ville_de_Nevers_avant_de_choisir_Nougatine\" >Quels tarifs et quels horaires demander \u00e0 la Ville de Nevers avant de choisir Nougatine ?<\/a><\/li><li class='ez-toc-page-1 ez-toc-heading-level-2'><a class=\"ez-toc-link ez-toc-heading-5\" href=\"https:\/\/bebouillecreche.fr\/blog\/jardin-enfants-nougatine\/#Pourquoi_Nougatine_ne_se_confond_pas_avec_une_ecole_maternelle_ou_une_pre-maternelle_privee\" >Pourquoi Nougatine ne se confond pas avec une \u00e9cole maternelle ou une pr\u00e9-maternelle priv\u00e9e ?<\/a><\/li><\/ul><\/nav><\/div>\n<h2 class=\"wp-block-heading\"><span class=\"ez-toc-section\" id=\"A_qui_sadresse_le_jardin_denfants_Nougatine_avant_la_maternelle_a_Nevers\"><\/span>\u00c0 qui s\u2019adresse le jardin d&rsquo;enfants Nougatine avant la maternelle \u00e0 Nevers ?<span class=\"ez-toc-section-end\"><\/span><\/h2>\n\n<p class=\"wp-block-paragraph\">La fiche consacr\u00e9e aux <a href=\"https:\/\/www.nevers.fr\/\" target=\"_blank\" rel=\"noopener\">structures d\u2019accueil de la petite enfance de la Ville de Nevers<\/a> pr\u00e9sente Nougatine comme un lieu interm\u00e9diaire entre le domicile et l\u2019\u00e9cole. Elle indique un accueil pour les enfants \u00e2g\u00e9s de <strong>20 mois \u00e0 3 ans<\/strong>. Cette borne d\u2019\u00e2ge donne un premier crit\u00e8re concret, mais elle ne suffit pas \u00e0 \u00e9tablir une admission.<\/p>\n\n<p class=\"wp-block-paragraph\">Le second crit\u00e8re communiqu\u00e9 par la Ville est g\u00e9ographique. Nougatine est r\u00e9serv\u00e9e aux familles r\u00e9sidant sur le <strong>secteur scolaire de l\u2019\u00e9cole maternelle Pierre-Brossolette<\/strong>. Une adresse situ\u00e9e \u00e0 Nevers ne permet donc pas automatiquement de solliciter cette place. Le rattachement scolaire doit \u00eatre v\u00e9rifi\u00e9 avant de remplir un dossier, car une erreur sur ce point fait perdre du temps lorsque l\u2019entr\u00e9e vis\u00e9e approche.<\/p>\n\n<p class=\"wp-block-paragraph\">La formule \u00ab ann\u00e9e avant la maternelle \u00bb d\u00e9crit une p\u00e9riode, non une garantie de dur\u00e9e. Un enfant qui atteint l\u2019\u00e2ge requis peut relever de Nougatine pendant une partie de l\u2019ann\u00e9e pr\u00e9c\u00e9dant sa premi\u00e8re rentr\u00e9e scolaire. La date de naissance, l\u2019adresse, la date souhait\u00e9e de d\u00e9but d\u2019accueil et les possibilit\u00e9s r\u00e9ellement disponibles sont des donn\u00e9es distinctes. Elles doivent \u00eatre examin\u00e9es ensemble par le service municipal.<\/p>\n\n<p class=\"wp-block-paragraph\">Le mot <strong>pr\u00e9-maternelle<\/strong> est parfois utilis\u00e9 dans les recherches en ligne pour d\u00e9signer ce type de parcours. Il ne remplace pas le nom administratif de la structure ni les r\u00e8gles d\u2019admission appliqu\u00e9es localement. Pour Nougatine, le nom utile \u00e0 employer aupr\u00e8s de la Ville est celui de <strong>jardin d&rsquo;enfants<\/strong>, avec la mention du secteur Pierre-Brossolette.<\/p>\n\n<p class=\"wp-block-paragraph\">Les documents mis \u00e0 disposition ne donnent pas le nombre de places, le calendrier annuel d\u2019admission ni la liste d\u00e9taill\u00e9e des justificatifs. Cette absence ne doit pas \u00eatre combl\u00e9e par les informations d\u2019un annuaire ou d\u2019une ancienne publication. Une capacit\u00e9 autoris\u00e9e et une capacit\u00e9 disponible ne sont jamais la m\u00eame information. La premi\u00e8re rel\u00e8ve d\u2019une autorisation administrative ; la seconde d\u00e9pend des d\u00e9parts, des arriv\u00e9es et des d\u00e9cisions de gestion.<\/p>\n\n<p class=\"wp-block-paragraph\">Les informations relatives \u00e0 l\u2019\u00e2ge et au secteur sont reprises dans la pr\u00e9sentation municipale consultable sur le site de la <a href=\"https:\/\/www.nevers.fr\/\" target=\"_blank\" rel=\"noopener\">Ville de Nevers<\/a>. La page fournie ne comporte pas de date de mise \u00e0 jour visible. Pour une demande d\u00e9pos\u00e9e en 2026, le parent doit donc demander une confirmation \u00e9crite ou dat\u00e9e du service petite enfance, notamment si un changement d\u2019adresse est intervenu depuis le d\u00e9but de l\u2019ann\u00e9e civile.<\/p>\n\n<p class=\"wp-block-paragraph\">Le point de d\u00e9part n\u2019est donc pas une comparaison abstraite entre cr\u00e8che, \u00e9cole ou jardin d&rsquo;enfants. Il est plus simple : v\u00e9rifier que l\u2019adresse du foyer rel\u00e8ve bien du secteur annonc\u00e9 et que l\u2019enfant entre dans la tranche d\u2019\u00e2ge communiqu\u00e9e.<\/p>\n\n<h2 class=\"wp-block-heading\"><span class=\"ez-toc-section\" id=\"Quel_statut_administratif_a_Nougatine_depuis_son_passage_en_jardin_denfants\"><\/span>Quel statut administratif a Nougatine depuis son passage en jardin d&rsquo;enfants ?<span class=\"ez-toc-section-end\"><\/span><\/h2>\n\n<p class=\"wp-block-paragraph\">Le statut d\u2019une structure d\u00e9termine l\u2019interlocuteur \u00e0 contacter, mais aussi les documents qui peuvent faire foi. Dans les donn\u00e9es d\u00e9partementales fournies, Nougatine appara\u00eet d\u2019abord sous l\u2019appellation d\u2019\u00ab espace passerelle \u00bb. Un arr\u00eat\u00e9 r\u00e9f\u00e9renc\u00e9 <strong>D18-589<\/strong>, sign\u00e9 le <strong>23 juillet 2018<\/strong> par le pr\u00e9sident du Conseil d\u00e9partemental de la Ni\u00e8vre, mentionne le changement de statut de cet espace passerelle en jardin d&rsquo;enfants.<\/p>\n\n<p class=\"wp-block-paragraph\">Cette date de 2018 ne renseigne pas, \u00e0 elle seule, sur l\u2019ouverture actuelle, les horaires ou le nombre de places en 2026. Elle permet toutefois de distinguer Nougatine d\u2019un dispositif simplement annonc\u00e9 ou d\u2019une d\u00e9nomination employ\u00e9e de mani\u00e8re impr\u00e9cise. Pour les familles, cette pr\u00e9cision compte au moment de chercher le bon contact ou de v\u00e9rifier qu\u2019un formulaire concerne bien le lieu recherch\u00e9.<\/p>\n\n<p class=\"wp-block-paragraph\">Un second document d\u00e9partemental \u00e9voque un transfert de comp\u00e9tence de gestion de la petite enfance du CCAS vers la Ville de Nevers, applicable \u00e0 compter du <strong>1er ao\u00fbt 2020<\/strong>. En pratique, une demande portant sur Nougatine doit donc \u00eatre dirig\u00e9e vers les services municipaux identifi\u00e9s par la Ville, plut\u00f4t que vers un ancien circuit administratif du CCAS.<\/p>\n\n<p class=\"wp-block-paragraph\">Le Conseil d\u00e9partemental conserve un r\u00f4le li\u00e9 aux autorisations et au suivi r\u00e9glementaire des \u00e9tablissements d\u2019accueil. La Ville porte, de son c\u00f4t\u00e9, l\u2019information pratique sur ses structures et sur les d\u00e9marches d\u2019acc\u00e8s. Ces deux niveaux ne r\u00e9pondent pas \u00e0 la m\u00eame question. Le D\u00e9partement peut documenter une autorisation ou un changement de statut ; la Ville est l\u2019interlocuteur \u00e0 joindre pour savoir si un dossier est recevable \u00e0 une date donn\u00e9e.<\/p>\n\n<figure class=\"wp-block-table\"><table>\n<thead>\n<tr>\n<th>\u00c9l\u00e9ment v\u00e9rifiable<\/th>\n<th>Information disponible<\/th>\n<th>Date associ\u00e9e<\/th>\n<th>Source \u00e0 consulter<\/th>\n<th>Ce que cela ne permet pas d\u2019affirmer<\/th>\n<\/tr>\n<\/thead>\n<tbody>\n<tr>\n<td>D\u00e9nomination ant\u00e9rieure<\/td>\n<td>Espace passerelle Nougatine<\/td>\n<td>Avant le 23 juillet 2018<\/td>\n<td><a href=\"https:\/\/nievre.fr\/\" target=\"_blank\" rel=\"noopener\">Conseil d\u00e9partemental de la Ni\u00e8vre<\/a><\/td>\n<td>Les conditions d\u2019admission actuelles<\/td>\n<\/tr>\n<tr>\n<td>Changement de statut<\/td>\n<td>Passage en jardin d&rsquo;enfants par arr\u00eat\u00e9 D18-589<\/td>\n<td><strong>23 juillet 2018<\/strong><\/td>\n<td><a href=\"https:\/\/nievre.fr\/\" target=\"_blank\" rel=\"noopener\">Conseil d\u00e9partemental de la Ni\u00e8vre<\/a><\/td>\n<td>Le nombre de places disponibles en 2026<\/td>\n<\/tr>\n<tr>\n<td>Gestion de la petite enfance<\/td>\n<td>Transfert du CCAS vers la Ville de Nevers<\/td>\n<td><strong>1er ao\u00fbt 2020<\/strong><\/td>\n<td><a href=\"https:\/\/www.nevers.fr\/\" target=\"_blank\" rel=\"noopener\">Ville de Nevers<\/a><\/td>\n<td>Le montant d\u2019une participation familiale<\/td>\n<\/tr>\n<tr>\n<td>Public annonc\u00e9<\/td>\n<td>Enfants de 20 mois \u00e0 3 ans du secteur Pierre-Brossolette<\/td>\n<td>Date de page non visible dans les \u00e9l\u00e9ments fournis<\/td>\n<td><a href=\"https:\/\/www.nevers.fr\/\" target=\"_blank\" rel=\"noopener\">Ville de Nevers<\/a><\/td>\n<td>Une inscription automatique<\/td>\n<\/tr>\n<\/tbody>\n<\/table><\/figure>\n\n<p class=\"wp-block-paragraph\">Ce tableau croise les \u00e9l\u00e9ments administratifs accessibles dans les documents fournis. Les cellules qui ne comportent ni tarif, ni capacit\u00e9, ni amplitude d\u2019ouverture restent volontairement sans chiffre. Une estimation serait moins utile qu\u2019une information manquante clairement signal\u00e9e, surtout lorsqu\u2019une famille organise une reprise de travail ou une date de rentr\u00e9e.<\/p>\n\n<p class=\"wp-block-paragraph\">La loi du <strong>2 avril 2024<\/strong>, publi\u00e9e au Journal officiel du <strong>3 avril 2024<\/strong>, a p\u00e9rennis\u00e9 l\u2019existence des jardins d\u2019enfants dans le cadre fix\u00e9 par le l\u00e9gislateur. Cette \u00e9volution nationale ne modifie pas \u00e0 elle seule le p\u00e9rim\u00e8tre local de Nougatine. Elle confirme seulement qu\u2019un jardin d&rsquo;enfants reste une cat\u00e9gorie reconnue, sans transformer automatiquement chaque \u00e9tablissement en solution ouverte \u00e0 tous les \u00e2ges ou \u00e0 toutes les adresses.<\/p>\n\n<p class=\"wp-block-paragraph\">Le statut administratif sert donc \u00e0 trouver le bon guichet. Il ne remplace jamais une r\u00e9ponse dat\u00e9e sur la place demand\u00e9e.<\/p>\n\n<figure class=\"is-provider-youtube is-type-video wp-block-embed wp-block-embed-youtube wp-embed-aspect-16-9 wp-has-aspect-ratio\"><div class=\"wp-block-embed__wrapper\">\n<iframe loading=\"lazy\" title=\"La p\u00e9dagogie chez Les Petites Canailles\" width=\"500\" height=\"281\" src=\"https:\/\/www.youtube.com\/embed\/o7Ci2mvbkcM?feature=oembed\" frameborder=\"0\" allow=\"accelerometer; autoplay; clipboard-write; encrypted-media; gyroscope; picture-in-picture; web-share\" referrerpolicy=\"strict-origin-when-cross-origin\" allowfullscreen><\/iframe>\n<\/div><\/figure>\n\n<p class=\"wp-block-paragraph\">La vid\u00e9o peut aider \u00e0 rep\u00e9rer les termes employ\u00e9s dans les recherches nationales. Pour Nougatine, les informations d\u00e9cisives restent toutefois celles qui concernent l\u2019adresse du foyer, le dossier municipal et la date de traitement de la demande.<\/p>\n\n<h2 class=\"wp-block-heading\"><span class=\"ez-toc-section\" id=\"Comment_verifier_une_demande_de_place_a_Nougatine_pour_lannee_avant_la_maternelle\"><\/span>Comment v\u00e9rifier une demande de place \u00e0 Nougatine pour l&rsquo;ann\u00e9e avant la maternelle ?<span class=\"ez-toc-section-end\"><\/span><\/h2>\n\n<p class=\"wp-block-paragraph\">Une demande utile commence par une v\u00e9rification d\u2019adresse. Le parent doit indiquer son domicile complet et demander si ce domicile rel\u00e8ve bien du secteur de l\u2019\u00e9cole maternelle Pierre-Brossolette. La formulation m\u00e9rite d\u2019\u00eatre pr\u00e9cise : demander seulement \u00ab une place \u00e0 Nougatine \u00bb peut conduire \u00e0 une r\u00e9ponse g\u00e9n\u00e9rale, alors que le secteur scolaire constitue un crit\u00e8re explicitement publi\u00e9 par la Ville.<\/p>\n\n<p class=\"wp-block-paragraph\">Il faut ensuite v\u00e9rifier l\u2019\u00e2ge de l\u2019enfant \u00e0 la date souhait\u00e9e d\u2019entr\u00e9e. La pr\u00e9sentation municipale \u00e9voque une tranche allant de <strong>20 mois \u00e0 3 ans<\/strong>. Cette information doit \u00eatre rapproch\u00e9e de la date de naissance et de la date envisag\u00e9e. Une demande pour septembre, janvier ou avril ne produit pas n\u00e9cessairement le m\u00eame r\u00e9sultat, car les places se lib\u00e8rent et les r\u00e8gles de traitement peuvent varier selon le calendrier municipal.<\/p>\n\n<p class=\"wp-block-paragraph\">Les \u00e9l\u00e9ments suivants peuvent \u00eatre regroup\u00e9s avant de joindre la Ville. Ils ne remplacent pas la liste officielle du dossier, mais ils permettent de poser les bonnes questions d\u00e8s le premier \u00e9change.<\/p>\n\n<ol class=\"wp-block-list\"><li>Pr\u00e9parer l\u2019adresse compl\u00e8te et un justificatif de domicile r\u00e9cent.<\/li><li>Noter la date de naissance de l\u2019enfant et la date d\u2019entr\u00e9e souhait\u00e9e.<\/li><li>Demander le service comp\u00e9tent pour Nougatine et le canal de d\u00e9p\u00f4t accept\u00e9.<\/li><li>Demander la date de la prochaine commission ou du prochain examen des demandes.<\/li><li>Demander la liste \u00e9crite des pi\u00e8ces exig\u00e9es et les crit\u00e8res appliqu\u00e9s en cas de demandes simultan\u00e9es.<\/li><\/ol>\n\n<p class=\"wp-block-paragraph\">La date de commission ne doit jamais \u00eatre reprise \u00e0 partir d\u2019un ancien message \u00e9chang\u00e9 entre parents. Elle d\u00e9pend d\u2019un calendrier qui peut \u00eatre modifi\u00e9. La source pertinente est le service petite enfance de la <a href=\"https:\/\/www.nevers.fr\/\" target=\"_blank\" rel=\"noopener\">Ville de Nevers<\/a> ou le Relais Petite Enfance lorsqu\u2019il est d\u00e9sign\u00e9 comme interlocuteur pour la d\u00e9marche. Une date donn\u00e9e oralement doit \u00eatre not\u00e9e avec le nom du service et le jour de l\u2019appel.<\/p>\n\n<p class=\"wp-block-paragraph\">La demande doit \u00e9galement s\u00e9parer deux sujets. Le premier concerne l\u2019\u00e9ligibilit\u00e9 administrative : secteur, \u00e2ge, pi\u00e8ces demand\u00e9es, date de d\u00e9p\u00f4t. Le second concerne l\u2019organisation familiale : jours d\u2019accueil recherch\u00e9s, heure d\u2019arriv\u00e9e et heure de d\u00e9part. Ces horaires ne sont pas publi\u00e9s dans les donn\u00e9es disponibles pour Nougatine. Ils doivent donc \u00eatre demand\u00e9s explicitement, en distinguant les horaires affich\u00e9s de ceux qui sont r\u00e9ellement propos\u00e9s aux familles.<\/p>\n\n<p class=\"wp-block-paragraph\">Un \u00e9change utile peut prendre cette forme : \u00ab Le domicile rel\u00e8ve-t-il du secteur Pierre-Brossolette ? Quel est le dossier demand\u00e9 pour Nougatine ? \u00c0 quelle date les demandes sont-elles examin\u00e9es ? Quels jours et quelles heures peuvent \u00eatre sollicit\u00e9s ? \u00bb Chaque r\u00e9ponse porte sur un fait v\u00e9rifiable. Les formulations plus larges, telles que \u00ab est-ce que cela pourrait fonctionner ? \u00bb, obtiennent souvent des r\u00e9ponses moins exploitables.<\/p>\n\n<p class=\"wp-block-paragraph\">La Ville de Nevers indique que Nougatine accompagne l\u2019acc\u00e8s \u00e0 la scolarisation. Cette indication d\u00e9crit la place de la structure dans le parcours local. Elle ne permet pas de pr\u00e9sumer une admission ni de d\u00e9duire les modalit\u00e9s de pr\u00e9sence. L\u2019inscription scolaire elle-m\u00eame rel\u00e8ve d\u2019une autre d\u00e9marche municipale ou acad\u00e9mique, avec son calendrier propre.<\/p>\n\n<p class=\"wp-block-paragraph\">Les termes \u00ab \u00e9veil des enfants \u00bb, \u00ab apprentissage ludique \u00bb, \u00ab d\u00e9veloppement social \u00bb et \u00ab activit\u00e9s \u00e9ducatives \u00bb apparaissent fr\u00e9quemment dans les contenus g\u00e9n\u00e9ralistes sur les jardins d\u2019enfants. Ils ne permettent ni d\u2019obtenir une place ni de calculer son co\u00fbt. Pour une demande locale, la pr\u00e9paration scolaire annonc\u00e9e par une structure ne remplace pas la v\u00e9rification du secteur, de la tranche d\u2019\u00e2ge et du calendrier de d\u00e9p\u00f4t.<\/p>\n\n<p class=\"wp-block-paragraph\">Le lundi matin, l\u2019action la plus directe consiste \u00e0 obtenir du service municipal une r\u00e9ponse dat\u00e9e sur le secteur et sur le prochain point de traitement des demandes.<\/p>\n\n<h2 class=\"wp-block-heading\"><span class=\"ez-toc-section\" id=\"Quels_tarifs_et_quels_horaires_demander_a_la_Ville_de_Nevers_avant_de_choisir_Nougatine\"><\/span>Quels tarifs et quels horaires demander \u00e0 la Ville de Nevers avant de choisir Nougatine ?<span class=\"ez-toc-section-end\"><\/span><\/h2>\n\n<p class=\"wp-block-paragraph\">Aucun tarif de Nougatine n\u2019est fourni dans les \u00e9l\u00e9ments disponibles. Aucun horaire pr\u00e9cis, aucune fermeture annuelle, aucune dur\u00e9e minimale de pr\u00e9sence et aucun co\u00fbt de repas ou de fournitures ne sont non plus document\u00e9s. Ces cases ne doivent pas \u00eatre compl\u00e9t\u00e9es par analogie avec une cr\u00e8che municipale de Nevers, une micro-cr\u00e8che priv\u00e9e ou un jardin d&rsquo;enfants situ\u00e9 dans une autre ville.<\/p>\n\n<p class=\"wp-block-paragraph\">Cette distinction est particuli\u00e8rement importante lorsqu\u2019un foyer compare plusieurs solutions. Un prix mensuel n\u2019est comparable que si le nombre de jours et d\u2019heures d\u2019accueil est identique. Un prix horaire n\u2019est comparable que si les frais annexes sont connus. Enfin, un reste \u00e0 charge ne peut pas \u00eatre annonc\u00e9 sans pr\u00e9ciser le revenu de r\u00e9f\u00e9rence retenu, les aides r\u00e9ellement mobilisables et le r\u00e9gime de facturation appliqu\u00e9 par la structure.<\/p>\n\n<p class=\"wp-block-paragraph\">La <a href=\"https:\/\/www.caf.fr\/\" target=\"_blank\" rel=\"noopener\">Caisse nationale des allocations familiales<\/a> publie les r\u00e8gles nationales relatives aux prestations et aux bar\u00e8mes applicables selon les dispositifs. Ces r\u00e8gles ne permettent pas d\u2019affirmer que Nougatine applique tel ou tel bar\u00e8me. Le gestionnaire doit confirmer le mode de tarification, la facture type et les \u00e9l\u00e9ments inclus. Cette confirmation est indispensable avant de renoncer \u00e0 une autre solution d\u2019accueil.<\/p>\n\n<p class=\"wp-block-paragraph\">La v\u00e9rification doit aussi porter sur les horaires. L\u2019amplitude affich\u00e9e sur une fiche, lorsqu\u2019elle existe, peut ne pas r\u00e9pondre \u00e0 la demande exacte d\u2019une famille. Une ouverture \u00e0 8 heures ne r\u00e9pond pas \u00e0 une prise de poste \u00e0 7 h 45. Une fermeture \u00e0 17 h 30 ne r\u00e9pond pas \u00e0 une fin de journ\u00e9e professionnelle \u00e0 17 h 30, car le trajet reste \u00e0 compter. Les horaires utiles sont ceux qui figurent dans le r\u00e8glement ou qui sont confirm\u00e9s par le service gestionnaire.<\/p>\n\n<p class=\"wp-block-paragraph\">Quatre questions suffisent \u00e0 \u00e9tablir une premi\u00e8re comparaison financi\u00e8re et pratique. Quel mode de facturation est appliqu\u00e9 ? Quel montant est d\u00fb pour la pr\u00e9sence demand\u00e9e ? Qu\u2019est-ce qui est compris dans ce montant ? Quels sont les jours et horaires r\u00e9ellement accessibles, y compris lors des fermetures annonc\u00e9es ?<\/p>\n\n<p class=\"wp-block-paragraph\">La derni\u00e8re question est souvent n\u00e9glig\u00e9e. Pourtant, un accueil ouvert selon un calendrier diff\u00e9rent de celui du travail des parents implique une autre organisation et parfois une d\u00e9pense suppl\u00e9mentaire. Le document local doit donc pr\u00e9ciser les fermetures annuelles, les \u00e9ventuelles journ\u00e9es p\u00e9dagogiques ou administratives et le traitement des absences. Ces informations rel\u00e8vent de la gestion de la place ; elles ne disent rien de la qualit\u00e9 d\u2019accueil.<\/p>\n\n<p class=\"wp-block-paragraph\">Le terme \u00ab environnement s\u00e9curis\u00e9 \u00bb ne peut pas servir de crit\u00e8re financier ou administratif sans document pr\u00e9cis. Les sujets de s\u00e9curit\u00e9 des locaux, d\u2019encadrement ou de pratiques professionnelles doivent \u00eatre abord\u00e9s avec le gestionnaire, les services comp\u00e9tents de protection maternelle et infantile ou les autorit\u00e9s qui d\u00e9livrent les autorisations. Ils ne sont pas \u00e9valu\u00e9s dans cette page.<\/p>\n\n<p class=\"wp-block-paragraph\">Le <a href=\"https:\/\/www.service-public.fr\/\" target=\"_blank\" rel=\"noopener\">site Service-Public<\/a> rappelle que les aides et avantages fiscaux d\u00e9pendent de conditions propres \u00e0 chaque situation. Avant de b\u00e2tir un budget, il faut distinguer le montant avanc\u00e9 \u00e0 la structure, les aides \u00e9ventuellement vers\u00e9es pendant l\u2019ann\u00e9e et les sommes r\u00e9cup\u00e9rables ult\u00e9rieurement. Une place ne peut pas \u00eatre d\u00e9clar\u00e9e moins co\u00fbteuse sans ce calcul complet.<\/p>\n\n<p class=\"wp-block-paragraph\">La comparaison utile ne porte donc pas sur une promesse g\u00e9n\u00e9rale. Elle repose sur une facture dat\u00e9e, une amplitude confirm\u00e9e et des jours de fermeture connus avant l\u2019acceptation de la place.<\/p>\n\n<figure class=\"is-provider-youtube is-type-video wp-block-embed wp-block-embed-youtube wp-embed-aspect-16-9 wp-has-aspect-ratio\"><div class=\"wp-block-embed__wrapper\">\n<iframe loading=\"lazy\" title=\"\u00c9change de ballons entre enfants dans une cour d&amp;apos;\u00e9cole en Chine\" width=\"500\" height=\"281\" src=\"https:\/\/www.youtube.com\/embed\/p2GvFDyMVXk?feature=oembed\" frameborder=\"0\" allow=\"accelerometer; autoplay; clipboard-write; encrypted-media; gyroscope; picture-in-picture; web-share\" referrerpolicy=\"strict-origin-when-cross-origin\" allowfullscreen><\/iframe>\n<\/div><\/figure>\n\n<p class=\"wp-block-paragraph\">Les r\u00e8gles d\u2019inscription scolaire pr\u00e9sent\u00e9es dans les contenus nationaux peuvent \u00e9clairer la s\u00e9paration entre accueil avant l\u2019\u00e9cole et \u00e9cole maternelle. Elles ne remplacent pas les consignes de la Ville de Nevers pour Nougatine ni celles du secteur Pierre-Brossolette.<\/p>\n\n<h2 class=\"wp-block-heading\"><span class=\"ez-toc-section\" id=\"Pourquoi_Nougatine_ne_se_confond_pas_avec_une_ecole_maternelle_ou_une_pre-maternelle_privee\"><\/span>Pourquoi Nougatine ne se confond pas avec une \u00e9cole maternelle ou une pr\u00e9-maternelle priv\u00e9e ?<span class=\"ez-toc-section-end\"><\/span><\/h2>\n\n<p class=\"wp-block-paragraph\">La confusion entre jardin d&rsquo;enfants, pr\u00e9-maternelle et \u00e9cole maternelle est fr\u00e9quente, car les mots d\u00e9crivent des p\u00e9riodes proches. Pourtant, les circuits administratifs, les gestionnaires, les calendriers et les modes de facturation peuvent diff\u00e9rer. Pour Nougatine, la page municipale indique une structure d\u2019accueil situ\u00e9e entre le domicile et l\u2019\u00e9cole, destin\u00e9e aux enfants de 20 mois \u00e0 3 ans relevant d\u2019un secteur d\u00e9termin\u00e9.<\/p>\n\n<p class=\"wp-block-paragraph\">L\u2019\u00e9cole maternelle appartient au syst\u00e8me scolaire. Son inscription suit des r\u00e8gles distinctes, avec un secteur d\u2019affectation et des d\u00e9marches propres \u00e0 la commune puis \u00e0 l\u2019institution scolaire. Un jardin d&rsquo;enfants municipal peut pr\u00e9parer une transition vers cette \u00e9tape, mais il ne vaut pas inscription scolaire et ne la remplace pas. Le parent doit donc conserver deux calendriers s\u00e9par\u00e9s lorsqu\u2019ils se chevauchent.<\/p>\n\n<p class=\"wp-block-paragraph\">La loi du <strong>2 avril 2024<\/strong> a donn\u00e9 un cadre p\u00e9renne aux jardins d\u2019enfants, selon la pr\u00e9sentation de <a href=\"https:\/\/www.vie-publique.fr\/\" target=\"_blank\" rel=\"noopener\">Vie publique<\/a>. Cette loi s\u2019inscrit dans l\u2019histoire r\u00e9cente de structures qui avaient \u00e9t\u00e9 fragilis\u00e9es par l\u2019abaissement de l\u2019instruction obligatoire \u00e0 3 ans. Elle ne signifie pas qu\u2019un jardin d&rsquo;enfants accueille n\u00e9cessairement jusqu\u2019\u00e0 6 ans, ni que tous les \u00e9tablissements de cette cat\u00e9gorie appliquent les m\u00eames r\u00e8gles.<\/p>\n\n<p class=\"wp-block-paragraph\">Les comparaisons nationales montrent d\u2019ailleurs des r\u00e9alit\u00e9s tr\u00e8s diff\u00e9rentes. Certains jardins d\u2019enfants accueillent des enfants jusqu\u2019\u00e0 l\u2019\u00e2ge scolaire, parfois sur un calendrier proche de celui de l\u2019\u00e9cole. D\u2019autres se rapprochent davantage d\u2019un \u00e9tablissement d\u2019accueil du jeune enfant, avec une tranche d\u2019\u00e2ge plus resserr\u00e9e et un fonctionnement local. Nougatine doit \u00eatre lue \u00e0 partir de ses donn\u00e9es propres, non \u00e0 partir de ces mod\u00e8les \u00e9loign\u00e9s.<\/p>\n\n<p class=\"wp-block-paragraph\">L\u2019histoire des jardins d\u2019enfants explique aussi cette diversit\u00e9. Beaucoup sont apparus au cours de l\u2019entre-deux-guerres dans des quartiers o\u00f9 l\u2019offre scolaire pr\u00e9scolaire \u00e9tait limit\u00e9e. Leur r\u00f4le a ensuite \u00e9volu\u00e9 avec la g\u00e9n\u00e9ralisation de l\u2019\u00e9cole maternelle. En 2018, le passage de Nougatine du statut d\u2019espace passerelle \u00e0 celui de jardin d&rsquo;enfants s\u2019inscrit dans cette histoire administrative, mais il ne permet pas d\u2019importer les r\u00e8gles appliqu\u00e9es \u00e0 Paris, Strasbourg ou Cholet.<\/p>\n\n<p class=\"wp-block-paragraph\">Les expressions li\u00e9es \u00e0 l\u2019apprentissage ludique ou aux activit\u00e9s \u00e9ducatives d\u00e9crivent souvent un projet affich\u00e9 par un \u00e9tablissement. Elles ne sont pas des crit\u00e8res comparables sans document pr\u00e9cis, et elles sortent de l\u2019objet de cette page. Le choix administratif doit d\u2019abord r\u00e9pondre \u00e0 des faits concrets : l\u2019enfant est-il dans la tranche d\u2019\u00e2ge ? l\u2019adresse est-elle rattach\u00e9e au secteur annonc\u00e9 ? le calendrier permet-il une demande ? le tarif et les horaires ont-ils \u00e9t\u00e9 confirm\u00e9s ?<\/p>\n\n<p class=\"wp-block-paragraph\">Une v\u00e9rification peut enfin \u00eatre men\u00e9e aupr\u00e8s du <a href=\"https:\/\/monenfant.fr\/\" target=\"_blank\" rel=\"noopener\">r\u00e9pertoire officiel monenfant.fr<\/a>, puis recoup\u00e9e avec la Ville et, lorsque cela est n\u00e9cessaire, avec les informations du <a href=\"https:\/\/nievre.fr\/\" target=\"_blank\" rel=\"noopener\">Conseil d\u00e9partemental de la Ni\u00e8vre<\/a>. Le r\u00e9pertoire aide \u00e0 identifier un mode d\u2019accueil. La Ville reste l\u2019interlocuteur op\u00e9rationnel pour une demande concernant Nougatine, tandis que le D\u00e9partement permet de rechercher le cadre d\u2019autorisation.<\/p>\n\n<p class=\"wp-block-paragraph\">La bonne distinction est simple : Nougatine constitue un accueil local avant l\u2019\u00e9cole pour un public et un secteur annonc\u00e9s ; l\u2019\u00e9cole maternelle rel\u00e8ve d\u2019une inscription scolaire distincte ; une pr\u00e9-maternelle priv\u00e9e est encore un autre dispositif, avec son gestionnaire et ses tarifs propres.<\/p>\n\n<script type=\"application\/ld+json\">\n{\"@context\":\"https:\/\/schema.org\",\"@type\":\"FAQPage\",\"mainEntity\":[{\"@type\":\"Question\",\"name\":\"Quel u00e2ge faut-il avoir pour demander une place u00e0 Nougatine ?\",\"acceptedAnswer\":{\"@type\":\"Answer\",\"text\":\"La pru00e9sentation de la Ville de Nevers indique un accueil pour les enfants u00e2gu00e9s de 20 mois u00e0 3 ans. La date de naissance doit u00eatre rapprochu00e9e de la date souhaitu00e9e du2019entru00e9e, puis confirmu00e9e aupru00e8s du service municipal compu00e9tent.\"}},{\"@type\":\"Question\",\"name\":\"Nougatine accueille-t-elle tous les habitants de Nevers ?\",\"acceptedAnswer\":{\"@type\":\"Answer\",\"text\":\"Non. La page municipale fournie mentionne les enfants ru00e9sidant sur le secteur scolaire de lu2019u00e9cole maternelle Pierre-Brossolette. Le rattachement de lu2019adresse doit u00eatre vu00e9rifiu00e9 avant le du00e9pu00f4t du dossier.\"}},{\"@type\":\"Question\",\"name\":\"Quel est le tarif du jardin d'enfants Nougatine ?\",\"acceptedAnswer\":{\"@type\":\"Answer\",\"text\":\"Aucun tarif datu00e9 nu2019apparau00eet dans les u00e9lu00e9ments disponibles. Le montant, le mode de facturation, les frais compris et les u00e9ventuelles fermetures doivent u00eatre demandu00e9s directement u00e0 la Ville de Nevers avant toute du00e9cision.\"}},{\"@type\":\"Question\",\"name\":\"Nougatine remplace-t-elle lu2019inscription u00e0 lu2019u00e9cole maternelle ?\",\"acceptedAnswer\":{\"@type\":\"Answer\",\"text\":\"Non. Nougatine est pru00e9sentu00e9e comme une structure du2019accueil avant lu2019u00e9cole. Lu2019inscription u00e0 lu2019u00e9cole maternelle relu00e8ve du2019une du00e9marche distincte, avec son propre secteur et son propre calendrier.\"}}]}\n<\/script>\n<h3>Quel \u00e2ge faut-il avoir pour demander une place \u00e0 Nougatine ?<\/h3>\n<p>La pr\u00e9sentation de la Ville de Nevers indique un accueil pour les enfants \u00e2g\u00e9s de 20 mois \u00e0 3 ans. La date de naissance doit \u00eatre rapproch\u00e9e de la date souhait\u00e9e d\u2019entr\u00e9e, puis confirm\u00e9e aupr\u00e8s du service municipal comp\u00e9tent.<\/p>\n<h3>Nougatine accueille-t-elle tous les habitants de Nevers ?<\/h3>\n<p>Non. La page municipale fournie mentionne les enfants r\u00e9sidant sur le secteur scolaire de l\u2019\u00e9cole maternelle Pierre-Brossolette. Le rattachement de l\u2019adresse doit \u00eatre v\u00e9rifi\u00e9 avant le d\u00e9p\u00f4t du dossier.<\/p>\n<h3>Quel est le tarif du jardin d&rsquo;enfants Nougatine ?<\/h3>\n<p>Aucun tarif dat\u00e9 n\u2019appara\u00eet dans les \u00e9l\u00e9ments disponibles. Le montant, le mode de facturation, les frais compris et les \u00e9ventuelles fermetures doivent \u00eatre demand\u00e9s directement \u00e0 la Ville de Nevers avant toute d\u00e9cision.<\/p>\n<h3>Nougatine remplace-t-elle l\u2019inscription \u00e0 l\u2019\u00e9cole maternelle ?<\/h3>\n<p>Non. Nougatine est pr\u00e9sent\u00e9e comme une structure d\u2019accueil avant l\u2019\u00e9cole. L\u2019inscription \u00e0 l\u2019\u00e9cole maternelle rel\u00e8ve d\u2019une d\u00e9marche distincte, avec son propre secteur et son propre calendrier.<\/p>\n\n","protected":false},"excerpt":{"rendered":"<p>Nougatine est pr\u00e9sent\u00e9e par la Ville de Nevers comme un jardin d&rsquo;enfants destin\u00e9 aux enfants de 20 mois \u00e0 3 ans relevant du secteur de l\u2019\u00e9cole maternelle Pierre-Brossolette. La place concerne donc une p\u00e9riode pr\u00e9cise, souvent d\u00e9crite comme l&rsquo;ann\u00e9e avant la maternelle, avec des conditions territoriales et administratives \u00e0 v\u00e9rifier directement aupr\u00e8s de la Ville. [&hellip;]<\/p>\n","protected":false},"author":1,"featured_media":0,"comment_status":"open","ping_status":"closed","sticky":false,"template":"","format":"standard","meta":{"footnotes":""},"categories":[1],"tags":[],"class_list":["post-86","post","type-post","status-publish","format-standard","hentry","category-lieux-d-accueil"],"_links":{"self":[{"href":"https:\/\/bebouillecreche.fr\/blog\/wp-json\/wp\/v2\/posts\/86","targetHints":{"allow":["GET"]}}],"collection":[{"href":"https:\/\/bebouillecreche.fr\/blog\/wp-json\/wp\/v2\/posts"}],"about":[{"href":"https:\/\/bebouillecreche.fr\/blog\/wp-json\/wp\/v2\/types\/post"}],"author":[{"embeddable":true,"href":"https:\/\/bebouillecreche.fr\/blog\/wp-json\/wp\/v2\/users\/1"}],"replies":[{"embeddable":true,"href":"https:\/\/bebouillecreche.fr\/blog\/wp-json\/wp\/v2\/comments?post=86"}],"version-history":[{"count":0,"href":"https:\/\/bebouillecreche.fr\/blog\/wp-json\/wp\/v2\/posts\/86\/revisions"}],"wp:attachment":[{"href":"https:\/\/bebouillecreche.fr\/blog\/wp-json\/wp\/v2\/media?parent=86"}],"wp:term":[{"taxonomy":"category","embeddable":true,"href":"https:\/\/bebouillecreche.fr\/blog\/wp-json\/wp\/v2\/categories?post=86"},{"taxonomy":"post_tag","embeddable":true,"href":"https:\/\/bebouillecreche.fr\/blog\/wp-json\/wp\/v2\/tags?post=86"}],"curies":[{"name":"wp","href":"https:\/\/api.w.org\/{rel}","templated":true}]}}