{"id":85,"date":"2026-08-31T10:56:13","date_gmt":"2026-08-31T10:56:13","guid":{"rendered":"https:\/\/bebouillecreche.fr\/blog\/creche-lucioles-nevers\/"},"modified":"2026-08-31T10:56:13","modified_gmt":"2026-08-31T10:56:13","slug":"creche-lucioles-nevers","status":"publish","type":"post","link":"https:\/\/bebouillecreche.fr\/blog\/creche-lucioles-nevers\/","title":{"rendered":"Cr\u00e8che familiale Les Lucioles \u00e0 Nevers : comment \u00e7a marche"},"content":{"rendered":"<p class=\"wp-block-paragraph\"><strong>Les Lucioles<\/strong> est r\u00e9f\u00e9renc\u00e9e comme une <strong>cr\u00e8che familiale<\/strong> au <strong>2 bis boulevard Jacques-Duclos, 58000 Nevers<\/strong>, avec une capacit\u00e9 annonc\u00e9e de <strong>37 enfants<\/strong> \u00e2g\u00e9s de dix semaines \u00e0 trois ans. La fiche consult\u00e9e sur PagesJaunes a \u00e9t\u00e9 v\u00e9rifi\u00e9e le <strong>26 ao\u00fbt 2026<\/strong>. Elle indique qu\u2019un contact direct avec l\u2019\u00e9tablissement ouvre la d\u00e9marche d\u2019inscription.<\/p>\n\n<p class=\"wp-block-paragraph\"><strong>En bref<\/strong><\/p>\n\n<ul class=\"wp-block-list\"><li>La fiche disponible en ligne situe Les Lucioles au 2 bis boulevard Jacques-Duclos, \u00e0 Nevers, et annonce 37 places.<\/li><li>La demande de place ne passe pas par un formulaire visible sur cette fiche. Elle commence par une prise de contact avec l\u2019\u00e9tablissement.<\/li><li>Une cr\u00e8che familiale repose habituellement sur un accueil organis\u00e9 avec des assistantes maternelles, sous la responsabilit\u00e9 d\u2019un gestionnaire.<\/li><li>Les lignes T2, 17 et P17 desservent l\u2019arr\u00eat Jacques-Duclos, signal\u00e9 entre 69 et 113 m\u00e8tres de l\u2019adresse.<\/li><li>Les horaires, le tarif applicable et la disponibilit\u00e9 r\u00e9elle doivent \u00eatre demand\u00e9s directement avant tout d\u00e9p\u00f4t de dossier.<\/li><\/ul>\n\n<p class=\"wp-block-paragraph\">Ce relev\u00e9 concerne <strong>Nevers<\/strong> et l\u2019acc\u00e8s \u00e0 une place d\u2019accueil pour un enfant de moins de trois ans. Il ne traite ni des questions de sant\u00e9, d\u2019alimentation, de sommeil ou de d\u00e9veloppement de l\u2019enfant, ni de l\u2019\u00e9valuation p\u00e9dagogique de l\u2019\u00e9quipe \u00e9ducative.<\/p>\n\n<div id=\"ez-toc-container\" class=\"ez-toc-v2_0_87 counter-hierarchy ez-toc-counter ez-toc-grey ez-toc-container-direction\">\n<div class=\"ez-toc-title-container\">\n<p class=\"ez-toc-title\" style=\"cursor:inherit\">Sommaire<\/p>\n<span class=\"ez-toc-title-toggle\"><a href=\"#\" class=\"ez-toc-pull-right ez-toc-btn ez-toc-btn-xs ez-toc-btn-default ez-toc-toggle\" aria-label=\"Toggle Table of Content\"><span class=\"ez-toc-js-icon-con\"><span class=\"\"><span class=\"eztoc-hide\" style=\"display:none;\">Toggle<\/span><span class=\"ez-toc-icon-toggle-span\"><svg style=\"fill: #999;color:#999\" xmlns=\"http:\/\/www.w3.org\/2000\/svg\" class=\"list-377408\" width=\"20px\" height=\"20px\" viewBox=\"0 0 24 24\" fill=\"none\"><path d=\"M6 6H4v2h2V6zm14 0H8v2h12V6zM4 11h2v2H4v-2zm16 0H8v2h12v-2zM4 16h2v2H4v-2zm16 0H8v2h12v-2z\" fill=\"currentColor\"><\/path><\/svg><svg style=\"fill: #999;color:#999\" class=\"arrow-unsorted-368013\" xmlns=\"http:\/\/www.w3.org\/2000\/svg\" width=\"10px\" height=\"10px\" viewBox=\"0 0 24 24\" version=\"1.2\" baseProfile=\"tiny\"><path d=\"M18.2 9.3l-6.2-6.3-6.2 6.3c-.2.2-.3.4-.3.7s.1.5.3.7c.2.2.4.3.7.3h11c.3 0 .5-.1.7-.3.2-.2.3-.5.3-.7s-.1-.5-.3-.7zM5.8 14.7l6.2 6.3 6.2-6.3c.2-.2.3-.5.3-.7s-.1-.5-.3-.7c-.2-.2-.4-.3-.7-.3h-11c-.3 0-.5.1-.7.3-.2.2-.3.5-.3.7s.1.5.3.7z\"\/><\/svg><\/span><\/span><\/span><\/a><\/span><\/div>\n<nav><ul class='ez-toc-list ez-toc-list-level-1 eztoc-toggle-hide-by-default' ><li class='ez-toc-page-1 ez-toc-heading-level-2'><a class=\"ez-toc-link ez-toc-heading-1\" href=\"https:\/\/bebouillecreche.fr\/blog\/creche-lucioles-nevers\/#Ou_se_trouve_la_creche_familiale_Les_Lucioles_a_Nevers\" >O\u00f9 se trouve la cr\u00e8che familiale Les Lucioles \u00e0 Nevers<\/a><\/li><li class='ez-toc-page-1 ez-toc-heading-level-2'><a class=\"ez-toc-link ez-toc-heading-2\" href=\"https:\/\/bebouillecreche.fr\/blog\/creche-lucioles-nevers\/#Comment_fonctionne_une_creche_familiale_comme_Les_Lucioles\" >Comment fonctionne une cr\u00e8che familiale comme Les Lucioles<\/a><\/li><li class='ez-toc-page-1 ez-toc-heading-level-2'><a class=\"ez-toc-link ez-toc-heading-3\" href=\"https:\/\/bebouillecreche.fr\/blog\/creche-lucioles-nevers\/#Quelles_informations_demander_a_Les_Lucioles_avant_de_deposer_un_dossier\" >Quelles informations demander \u00e0 Les Lucioles avant de d\u00e9poser un dossier<\/a><\/li><li class='ez-toc-page-1 ez-toc-heading-level-2'><a class=\"ez-toc-link ez-toc-heading-4\" href=\"https:\/\/bebouillecreche.fr\/blog\/creche-lucioles-nevers\/#Combien_coute_une_place_en_creche_familiale_a_Nevers\" >Combien co\u00fbte une place en cr\u00e8che familiale \u00e0 Nevers<\/a><\/li><li class='ez-toc-page-1 ez-toc-heading-level-2'><a class=\"ez-toc-link ez-toc-heading-5\" href=\"https:\/\/bebouillecreche.fr\/blog\/creche-lucioles-nevers\/#Comment_suivre_une_demande_de_place_aupres_des_Lucioles\" >Comment suivre une demande de place aupr\u00e8s des Lucioles<\/a><\/li><\/ul><\/nav><\/div>\n<h2 class=\"wp-block-heading\"><span class=\"ez-toc-section\" id=\"Ou_se_trouve_la_creche_familiale_Les_Lucioles_a_Nevers\"><\/span>O\u00f9 se trouve la cr\u00e8che familiale Les Lucioles \u00e0 Nevers<span class=\"ez-toc-section-end\"><\/span><\/h2>\n\n<p class=\"wp-block-paragraph\">La fiche consult\u00e9e sur <a href=\"https:\/\/www.pagesjaunes.fr\" target=\"_blank\" rel=\"noopener\">PagesJaunes<\/a>, avec une v\u00e9rification affich\u00e9e au <strong>26 ao\u00fbt 2026<\/strong>, indique l\u2019adresse suivante pour Les Lucioles, <strong>2 bis boulevard Jacques-Duclos, 58000 Nevers<\/strong>. Cette donn\u00e9e sert \u00e0 localiser le point de contact administratif. Elle ne permet pas, \u00e0 elle seule, de conna\u00eetre le lieu pr\u00e9cis o\u00f9 chaque assistante maternelle exerce l\u2019accueil au quotidien.<\/p>\n\n<p class=\"wp-block-paragraph\">Cette distinction compte dans une cr\u00e8che familiale. Le si\u00e8ge administratif, les rendez-vous de dossier et certains temps collectifs \u00e9ventuels peuvent \u00eatre associ\u00e9s \u00e0 une adresse centrale. L\u2019accueil de garde d\u2019enfants peut ensuite \u00eatre organis\u00e9 chez des assistantes maternelles rattach\u00e9es au service. Le fonctionnement exact, notamment le lieu des rendez-vous et les modalit\u00e9s d\u2019affectation, doit \u00eatre confirm\u00e9 par Les Lucioles au moment du premier \u00e9change.<\/p>\n\n<p class=\"wp-block-paragraph\">Le boulevard Jacques-Duclos se situe dans un secteur desservi par les transports urbains. La fiche de localisation mentionne l\u2019arr\u00eat <strong>Jacques-Duclos<\/strong> sur la ligne <strong>T2<\/strong>, \u00e0 environ <strong>69 m\u00e8tres<\/strong> de l\u2019adresse. Les lignes <strong>17<\/strong> et <strong>P17<\/strong> sont \u00e9galement signal\u00e9es au m\u00eame arr\u00eat, \u00e0 une distance annonc\u00e9e de <strong>113 m\u00e8tres<\/strong>. Ces distances proviennent de la fiche consult\u00e9e le 26 ao\u00fbt 2026 et doivent \u00eatre recoup\u00e9es avec le r\u00e9seau de transport avant un rendez-vous.<\/p>\n\n<figure class=\"wp-block-table\"><table>\n<thead>\n<tr>\n<th>\u00c9l\u00e9ment v\u00e9rifiable<\/th>\n<th>Information relev\u00e9e<\/th>\n<th>Canal et date<\/th>\n<th>Ce que cette donn\u00e9e permet de faire<\/th>\n<\/tr>\n<\/thead>\n<tbody>\n<tr>\n<td>Nom de la structure<\/td>\n<td><strong>Les Lucioles<\/strong><\/td>\n<td>Fiche PagesJaunes v\u00e9rifi\u00e9e le <strong>26 ao\u00fbt 2026<\/strong><\/td>\n<td>Identifier le point de contact \u00e0 Nevers<\/td>\n<\/tr>\n<tr>\n<td>Adresse<\/td>\n<td><strong>2 bis boulevard Jacques-Duclos, 58000 Nevers<\/strong><\/td>\n<td>Fiche PagesJaunes v\u00e9rifi\u00e9e le <strong>26 ao\u00fbt 2026<\/strong><\/td>\n<td>Pr\u00e9parer un appel ou un d\u00e9placement administratif<\/td>\n<\/tr>\n<tr>\n<td>Capacit\u00e9 annonc\u00e9e<\/td>\n<td><strong>37 enfants<\/strong><\/td>\n<td>Fiche PagesJaunes v\u00e9rifi\u00e9e le <strong>26 ao\u00fbt 2026<\/strong><\/td>\n<td>Mesurer la capacit\u00e9 publi\u00e9e, sans pr\u00e9sumer des places libres<\/td>\n<\/tr>\n<tr>\n<td>\u00c2ges indiqu\u00e9s<\/td>\n<td>De dix semaines \u00e0 trois ans<\/td>\n<td>Fiche PagesJaunes v\u00e9rifi\u00e9e le <strong>26 ao\u00fbt 2026<\/strong><\/td>\n<td>V\u00e9rifier si l\u2019\u00e2ge de l\u2019enfant entre dans la tranche annonc\u00e9e<\/td>\n<\/tr>\n<tr>\n<td>Acc\u00e8s bus<\/td>\n<td>T2, 17 et P17, arr\u00eat Jacques-Duclos<\/td>\n<td>Fiche PagesJaunes v\u00e9rifi\u00e9e le <strong>26 ao\u00fbt 2026<\/strong><\/td>\n<td>Comparer le trajet avec les horaires de travail<\/td>\n<\/tr>\n<\/tbody>\n<\/table><\/figure>\n\n<p class=\"wp-block-paragraph\">La capacit\u00e9 de 37 enfants est une capacit\u00e9 pr\u00e9sent\u00e9e par la fiche, non un indicateur de disponibilit\u00e9. Une place peut \u00eatre occup\u00e9e, r\u00e9serv\u00e9e pour une arriv\u00e9e ult\u00e9rieure ou attribu\u00e9e lors d\u2019une commission. \u00c9crire qu\u2019une structure dispose ou ne dispose pas de place sans relev\u00e9 direct dat\u00e9 exposerait les parents \u00e0 une information inutilisable. La seule question utile reste donc celle d\u2019une place correspondant \u00e0 une date d\u2019entr\u00e9e pr\u00e9cise.<\/p>\n\n<p class=\"wp-block-paragraph\">Le secteur du boulevard Jacques-Duclos peut repr\u00e9senter un service de proximit\u00e9 pour certains trajets effectu\u00e9s \u00e0 Nevers. Cette appr\u00e9ciation d\u00e9pend toutefois du domicile, du lieu de travail et de l\u2019heure de prise ou de fin d\u2019accueil. Une distance courte jusqu\u2019au si\u00e8ge ne garantit pas que le lieu d\u2019accueil attribu\u00e9 sera situ\u00e9 au m\u00eame endroit, puisque le principe d\u2019une cr\u00e8che familiale implique plusieurs lieux d\u2019exercice possibles.<\/p>\n\n<p class=\"wp-block-paragraph\">La premi\u00e8re v\u00e9rification \u00e0 effectuer consiste \u00e0 demander l\u2019adresse du rendez-vous, le nom du gestionnaire et le canal d\u2019inscription. La <a href=\"https:\/\/www.nevers.fr\" target=\"_blank\" rel=\"noopener\">Ville de Nevers<\/a> publie ses informations relatives \u00e0 la petite enfance et au Relais Petite Enfance. Ce relais est l\u2019interlocuteur \u00e0 solliciter lorsque le circuit d\u2019inscription ou les commissions municipales doivent \u00eatre confirm\u00e9s.<\/p>\n\n<p class=\"wp-block-paragraph\">Une adresse v\u00e9rifi\u00e9e facilite le d\u00e9marrage de la d\u00e9marche, mais elle ne remplace ni un \u00e9change avec le gestionnaire ni la lecture du r\u00e8glement de fonctionnement. Pour Les Lucioles, les \u00e9l\u00e9ments publi\u00e9s en ao\u00fbt 2026 permettent d\u2019identifier un lieu, une capacit\u00e9 d\u00e9clar\u00e9e et une tranche d\u2019\u00e2ge, pas de d\u00e9duire une place disponible.<\/p>\n\n<h2 class=\"wp-block-heading\"><span class=\"ez-toc-section\" id=\"Comment_fonctionne_une_creche_familiale_comme_Les_Lucioles\"><\/span>Comment fonctionne une cr\u00e8che familiale comme Les Lucioles<span class=\"ez-toc-section-end\"><\/span><\/h2>\n\n<p class=\"wp-block-paragraph\">La mention <strong>cr\u00e8che familiale<\/strong> d\u00e9signe un mode de garde distinct d\u2019une cr\u00e8che collective install\u00e9e dans un lieu unique. L\u2019organisation repose g\u00e9n\u00e9ralement sur des assistantes maternelles employ\u00e9es ou rattach\u00e9es \u00e0 un gestionnaire. Les familles d\u00e9posent une demande aupr\u00e8s du service, puis l\u2019accueil est organis\u00e9 selon les possibilit\u00e9s disponibles et les conditions retenues par la structure.<\/p>\n\n<p class=\"wp-block-paragraph\">Dans le cas de Les Lucioles \u00e0 Nevers, la fiche consult\u00e9e le 26 ao\u00fbt 2026 annonce une capacit\u00e9 maximale de 37 enfants. Cette capacit\u00e9 d\u00e9crit le volume global communiqu\u00e9 pour le service. Elle ne signifie pas que 37 enfants sont accueillis au m\u00eame endroit, ni que le m\u00eame nombre d\u2019accueils est propos\u00e9 \u00e0 chaque p\u00e9riode de l\u2019ann\u00e9e.<\/p>\n\n<p class=\"wp-block-paragraph\">Le fonctionnement administratif comporte habituellement plusieurs \u00e9tapes. Le parent formule une demande, transmet les pi\u00e8ces demand\u00e9es, puis attend une r\u00e9ponse li\u00e9e \u00e0 l\u2019examen du dossier et aux possibilit\u00e9s d\u2019accueil. Le calendrier pr\u00e9cis, les crit\u00e8res retenus et la composition du dossier ne doivent pas \u00eatre reconstitu\u00e9s depuis des annuaires. Ils doivent \u00eatre demand\u00e9s \u00e0 Les Lucioles ou au Relais Petite Enfance de Nevers.<\/p>\n\n<h3 class=\"wp-block-heading\">Ce que le terme accueil personnalis\u00e9 permet r\u00e9ellement de v\u00e9rifier<\/h3>\n\n<p class=\"wp-block-paragraph\">Les expressions comme <strong>accueil personnalis\u00e9<\/strong>, <strong>service de proximit\u00e9<\/strong> ou \u00e9quipe \u00e9ducative sont souvent employ\u00e9es dans les pr\u00e9sentations d\u2019\u00e9tablissements. Elles ne donnent pourtant aucune information mesurable sur la disponibilit\u00e9 d\u2019une place, l\u2019heure d\u2019ouverture r\u00e9elle ou la facture mensuelle. Pour une inscription, les donn\u00e9es utiles sont celles qui figurent dans un r\u00e8glement, un contrat ou une r\u00e9ponse \u00e9crite du gestionnaire.<\/p>\n\n<p class=\"wp-block-paragraph\">Une demande peut donc \u00eatre formul\u00e9e de mani\u00e8re simple et document\u00e9e. Elle doit pr\u00e9ciser la date souhait\u00e9e de d\u00e9but d\u2019accueil, le nombre de jours par semaine, les heures d\u2019arriv\u00e9e et de d\u00e9part attendues, ainsi que les coordonn\u00e9es des responsables l\u00e9gaux. Si l\u2019accueil recherch\u00e9 d\u00e9bute avant 8 heures ou se termine apr\u00e8s 18 heures, cette contrainte doit appara\u00eetre d\u00e8s le premier message.<\/p>\n\n<p class=\"wp-block-paragraph\">Les assistantes maternelles constituent un \u00e9l\u00e9ment d\u2019organisation propre \u00e0 ce mode d\u2019accueil. Leur disponibilit\u00e9 peut varier selon les horaires sollicit\u00e9s, les d\u00e9parts d\u2019enfants d\u00e9j\u00e0 accueillis et les p\u00e9riodes de cong\u00e9s. La demande ne porte donc pas seulement sur une place dans un \u00e9tablissement identifi\u00e9, mais sur un cr\u00e9neau compatible avec les conditions d\u2019accueil propos\u00e9es au sein du r\u00e9seau concern\u00e9.<\/p>\n\n<ol class=\"wp-block-list\"><li>Contactez Les Lucioles en demandant le canal exact de d\u00e9p\u00f4t du dossier et le nom du gestionnaire.<\/li><li>Indiquez une date de d\u00e9marrage, les jours demand\u00e9s et les amplitudes horaires n\u00e9cessaires.<\/li><li>Demandez si une commission d\u2019attribution intervient et \u00e0 quelle date elle se r\u00e9unit.<\/li><li>V\u00e9rifiez les documents \u00e0 fournir avant de transmettre un dossier incomplet.<\/li><li>Conservez la date, le nom de l\u2019interlocuteur et la r\u00e9ponse obtenue pour pouvoir relancer utilement.<\/li><\/ol>\n\n<p class=\"wp-block-paragraph\">La <a href=\"https:\/\/www.monenfant.fr\" target=\"_blank\" rel=\"noopener\">Caisse nationale des allocations familiales via monenfant.fr<\/a> tient un annuaire officiel des modes d\u2019accueil. Cet annuaire permet de comparer des coordonn\u00e9es et de rep\u00e9rer les services recens\u00e9s. Il ne remplace pas l\u2019\u00e9change local sur l\u2019attribution, car une fiche publique ne conna\u00eet ni la date recherch\u00e9e ni les contraintes horaires du dossier.<\/p>\n\n<p class=\"wp-block-paragraph\">Une erreur fr\u00e9quente consiste \u00e0 traiter une demande de cr\u00e8che familiale comme une r\u00e9servation instantan\u00e9e. Le contact initial ne vaut pas admission. Il d\u00e9clenche une d\u00e9marche administrative dont l\u2019issue d\u00e9pend d\u2019\u00e9l\u00e9ments locaux. La r\u00e9ponse obtenue doit donc \u00eatre dat\u00e9e, notamment si elle mentionne une commission, une liste d\u2019attente ou une date de rappel.<\/p>\n\n<p class=\"wp-block-paragraph\">Le gestionnaire est \u00e9galement la source \u00e0 retenir pour les documents contractuels. Le r\u00e8glement de fonctionnement peut pr\u00e9ciser les absences, les p\u00e9riodes de fermeture, les horaires de r\u00e9f\u00e9rence et les modalit\u00e9s de facturation. Sans ce document ou une confirmation \u00e9crite, aucune promesse t\u00e9l\u00e9phonique ne doit \u00eatre interpr\u00e9t\u00e9e comme un engagement d\u00e9finitif.<\/p>\n\n<p class=\"wp-block-paragraph\">Les Lucioles est pr\u00e9sent\u00e9e comme une structure d\u2019accueil pour les enfants de dix semaines \u00e0 trois ans sur la fiche v\u00e9rifi\u00e9e en ao\u00fbt 2026. Cette information suffit pour v\u00e9rifier l\u2019ad\u00e9quation de l\u2019\u00e2ge, mais le dossier doit ensuite \u00e9tablir les modalit\u00e9s d\u2019accueil r\u00e9ellement possibles pour la p\u00e9riode demand\u00e9e.<\/p>\n\n<figure class=\"is-provider-youtube is-type-video wp-block-embed wp-block-embed-youtube wp-embed-aspect-16-9 wp-has-aspect-ratio\"><div class=\"wp-block-embed__wrapper\">\n<iframe loading=\"lazy\" title=\"Tours : Une cr\u00e8che familiale menac\u00e9e de fermeture\" width=\"500\" height=\"375\" src=\"https:\/\/www.youtube.com\/embed\/1mmHS380GAE?feature=oembed\" frameborder=\"0\" allow=\"accelerometer; autoplay; clipboard-write; encrypted-media; gyroscope; picture-in-picture; web-share\" referrerpolicy=\"strict-origin-when-cross-origin\" allowfullscreen><\/iframe>\n<\/div><\/figure>\n\n<h2 class=\"wp-block-heading\"><span class=\"ez-toc-section\" id=\"Quelles_informations_demander_a_Les_Lucioles_avant_de_deposer_un_dossier\"><\/span>Quelles informations demander \u00e0 Les Lucioles avant de d\u00e9poser un dossier<span class=\"ez-toc-section-end\"><\/span><\/h2>\n\n<p class=\"wp-block-paragraph\">La fiche PagesJaunes v\u00e9rifi\u00e9e le 26 ao\u00fbt 2026 invite les familles \u00e0 prendre contact avec Les Lucioles pour lancer l\u2019inscription. Elle ne publie pas le tarif, les jours d\u2019ouverture, les fermetures annuelles ni les horaires. Ces \u00e9l\u00e9ments ne doivent pas \u00eatre compl\u00e9t\u00e9s par comparaison avec une autre cr\u00e8che de Nevers. Ils doivent \u00eatre demand\u00e9s directement \u00e0 la structure.<\/p>\n\n<p class=\"wp-block-paragraph\">Le premier \u00e9change doit viser des donn\u00e9es pr\u00e9cises. Demander si \u00ab cela peut convenir \u00bb produit souvent une r\u00e9ponse trop g\u00e9n\u00e9rale. Une demande contenant une date d\u2019entr\u00e9e, un volume hebdomadaire et une amplitude horaire permet \u00e0 l\u2019interlocuteur de v\u00e9rifier une possibilit\u00e9 concr\u00e8te. L\u2019information obtenue reste alors comparable avec celle des autres solutions du bassin de Nevers.<\/p>\n\n<h3 class=\"wp-block-heading\">Les horaires r\u00e9els et les fermetures doivent \u00eatre not\u00e9s s\u00e9par\u00e9ment<\/h3>\n\n<p class=\"wp-block-paragraph\">Les horaires affich\u00e9s peuvent d\u00e9signer l\u2019amplitude th\u00e9orique d\u2019un service. Les horaires r\u00e9ellement praticables d\u00e9pendent ensuite du contrat propos\u00e9, de l\u2019organisation des assistantes maternelles et des jours demand\u00e9s. Il faut donc demander l\u2019heure la plus t\u00f4t accept\u00e9e pour l\u2019arriv\u00e9e et l\u2019heure la plus tardive accept\u00e9e pour le d\u00e9part, sans se limiter \u00e0 une formule g\u00e9n\u00e9rale.<\/p>\n\n<p class=\"wp-block-paragraph\">Les fermetures annuelles modifient aussi l\u2019organisation familiale et le co\u00fbt final. Certaines p\u00e9riodes peuvent ne pas \u00eatre factur\u00e9es, d\u2019autres \u00eatre int\u00e9gr\u00e9es \u00e0 une mensualisation selon les r\u00e8gles applicables. Le r\u00e8glement de fonctionnement est le document \u00e0 demander pour contr\u00f4ler ce point. Les modalit\u00e9s d\u2019absence, de pr\u00e9avis et de paiement y ont davantage de valeur qu\u2019une indication impr\u00e9cise fournie oralement.<\/p>\n\n<p class=\"wp-block-paragraph\">Le tarif est le deuxi\u00e8me point qui n\u00e9cessite une r\u00e9ponse compl\u00e8te. Il faut identifier s\u2019il s\u2019agit d\u2019un prix horaire, d\u2019une mensualisation ou d\u2019un autre mode de calcul. Il faut ensuite savoir ce que ce prix inclut et ce qu\u2019il exclut. Une comparaison entre deux modes d\u2019accueil n\u2019a aucun sens si l\u2019un des montants concerne 40 heures par semaine et l\u2019autre un forfait dont le volume d\u2019heures n\u2019est pas pr\u00e9cis\u00e9.<\/p>\n\n<p class=\"wp-block-paragraph\">Le <a href=\"https:\/\/www.caf.fr\" target=\"_blank\" rel=\"noopener\">site de la Caisse nationale des allocations familiales<\/a> publie les r\u00e8gles et prestations nationales applicables selon les dispositifs. La CAF reste l\u2019interlocuteur comp\u00e9tent pour v\u00e9rifier les droits d\u2019un foyer r\u00e9el. Aucun montant d\u2019aide ne peut \u00eatre pr\u00e9sent\u00e9 comme acquis avant examen de la situation d\u00e9clar\u00e9e, du type de contrat et de la date de d\u00e9but d\u2019accueil.<\/p>\n\n<p class=\"wp-block-paragraph\">Le troisi\u00e8me point porte sur la proc\u00e9dure d\u2019attribution. Il faut demander si les dossiers sont examin\u00e9s au fil de l\u2019eau, lors d\u2019une commission ou suivant un autre calendrier. Pour les d\u00e9marches municipales \u00e0 Nevers, la page petite enfance de la <a href=\"https:\/\/www.nevers.fr\" target=\"_blank\" rel=\"noopener\">Ville de Nevers<\/a> et le Relais Petite Enfance constituent les sources adapt\u00e9es pour v\u00e9rifier un circuit administratif et ses dates.<\/p>\n\n<p class=\"wp-block-paragraph\">La disponibilit\u00e9 annonc\u00e9e au t\u00e9l\u00e9phone doit toujours \u00eatre formul\u00e9e avec sa date. Une r\u00e9ponse obtenue en octobre ne permet pas de conclure pour une arriv\u00e9e au printemps suivant. Elle informe seulement sur la situation connue le jour de l\u2019appel. Cette m\u00e9thode \u00e9vite d\u2019\u00e9carter trop t\u00f4t une solution ou de compter sur une place qui n\u2019a jamais \u00e9t\u00e9 confirm\u00e9e.<\/p>\n\n<p class=\"wp-block-paragraph\">Pour Les Lucioles, les informations publiques v\u00e9rifi\u00e9es le 26 ao\u00fbt 2026 n\u2019indiquent ni tarif ni amplitude horaire. Cette absence doit rester visible. Un prix suppos\u00e9 ou un horaire d\u00e9duit d\u2019un autre \u00e9tablissement de petite enfance \u00e0 Nevers ne serait pas une donn\u00e9e fiable.<\/p>\n\n<figure class=\"is-provider-youtube is-type-video wp-block-embed wp-block-embed-youtube wp-embed-aspect-16-9 wp-has-aspect-ratio\"><div class=\"wp-block-embed__wrapper\">\n<iframe loading=\"lazy\" title=\"Journ\u00e9e p\u00e9dagogique - Cr\u00e8che familiale\" width=\"500\" height=\"281\" src=\"https:\/\/www.youtube.com\/embed\/_UF5L9d1tew?feature=oembed\" frameborder=\"0\" allow=\"accelerometer; autoplay; clipboard-write; encrypted-media; gyroscope; picture-in-picture; web-share\" referrerpolicy=\"strict-origin-when-cross-origin\" allowfullscreen><\/iframe>\n<\/div><\/figure>\n\n<p class=\"wp-block-paragraph\">La demande utile est celle qui transforme une fiche de coordonn\u00e9es en \u00e9l\u00e9ments comparables. Elle doit produire une r\u00e9ponse dat\u00e9e sur le dossier, les horaires, le co\u00fbt et la date \u00e0 laquelle une place pourrait \u00eatre \u00e9tudi\u00e9e.<\/p>\n\n<h2 class=\"wp-block-heading\"><span class=\"ez-toc-section\" id=\"Combien_coute_une_place_en_creche_familiale_a_Nevers\"><\/span>Combien co\u00fbte une place en cr\u00e8che familiale \u00e0 Nevers<span class=\"ez-toc-section-end\"><\/span><\/h2>\n\n<p class=\"wp-block-paragraph\">Le co\u00fbt d\u2019une place d\u00e9pend du gestionnaire, du contrat, du volume d\u2019accueil et du m\u00e9canisme de tarification appliqu\u00e9. Pour Les Lucioles, aucun tarif chiffr\u00e9 n\u2019est fourni dans la donn\u00e9e disponible, v\u00e9rifi\u00e9e le 26 ao\u00fbt 2026. Il serait donc inexact de publier un prix horaire, un forfait mensuel ou un reste \u00e0 charge attribu\u00e9 \u00e0 cette structure sans r\u00e9ponse directe dat\u00e9e.<\/p>\n\n<p class=\"wp-block-paragraph\">Cette absence ne bloque pas la pr\u00e9paration du dossier. Elle oblige \u00e0 poser les bonnes questions. Le parent doit demander le mode de calcul, la p\u00e9riode de r\u00e9f\u00e9rence retenue, les \u00e9l\u00e9ments compris dans la facture et les \u00e9ventuelles sommes restant \u00e0 payer hors accueil. Cette m\u00e9thode \u00e9vite de comparer un montant mensuel incomplet avec un tarif horaire affich\u00e9 ailleurs.<\/p>\n\n<h3 class=\"wp-block-heading\">Les quatre montants \u00e0 distinguer avant toute comparaison<\/h3>\n\n<p class=\"wp-block-paragraph\">Le premier montant est la facture que la famille re\u00e7oit ou avance. Le deuxi\u00e8me correspond aux \u00e9ventuelles aides vers\u00e9es selon le dispositif applicable. Le troisi\u00e8me rel\u00e8ve d\u2019un \u00e9ventuel avantage fiscal, calcul\u00e9 selon les r\u00e8gles et plafonds en vigueur. Le quatri\u00e8me est le reste r\u00e9ellement support\u00e9 apr\u00e8s prise en compte des sommes effectivement obtenues.<\/p>\n\n<p class=\"wp-block-paragraph\">Le <a href=\"https:\/\/www.service-public.fr\/particuliers\/vosdroits\/F12\" target=\"_blank\" rel=\"noopener\">site Service-Public.fr<\/a> explique les r\u00e8gles g\u00e9n\u00e9rales relatives au cr\u00e9dit d\u2019imp\u00f4t pour les frais de garde des jeunes enfants. La page doit \u00eatre relue pour l\u2019ann\u00e9e de d\u00e9claration concern\u00e9e, car les plafonds et conditions applicables sont rattach\u00e9s \u00e0 une p\u00e9riode fiscale. Elle ne permet pas de fixer le co\u00fbt de Les Lucioles sans facture et sans contrat.<\/p>\n\n<p class=\"wp-block-paragraph\">Dans certains \u00e9tablissements, la participation familiale est calcul\u00e9e \u00e0 partir de ressources et d\u2019un bar\u00e8me. Dans d\u2019autres, notamment selon le cadre de gestion choisi, le prix peut relever d\u2019une grille ou d\u2019un forfait propre \u00e0 l\u2019\u00e9tablissement. La nature exacte de la tarification doit \u00eatre confirm\u00e9e par le gestionnaire. Le terme cr\u00e8che familiale ne permet pas, \u00e0 lui seul, de d\u00e9duire le mode de calcul.<\/p>\n\n<figure class=\"wp-block-table\"><table>\n<thead>\n<tr>\n<th>Question \u00e0 poser sur le co\u00fbt<\/th>\n<th>R\u00e9ponse n\u00e9cessaire pour comparer<\/th>\n<th>Pourquoi elle compte<\/th>\n<\/tr>\n<\/thead>\n<tbody>\n<tr>\n<td>Quel est le tarif applicable<\/td>\n<td>Prix horaire, forfait ou mensualisation, avec date de validit\u00e9<\/td>\n<td>Un m\u00eame montant n\u2019a pas le m\u00eame sens selon le volume d\u2019heures<\/td>\n<\/tr>\n<tr>\n<td>Quel volume est factur\u00e9<\/td>\n<td>Heures pr\u00e9vues par semaine et m\u00e9thode de mensualisation<\/td>\n<td>La facture d\u00e9pend du contrat, pas seulement du type de structure<\/td>\n<\/tr>\n<tr>\n<td>Que comprend la facture<\/td>\n<td>Liste \u00e9crite des \u00e9l\u00e9ments inclus et exclus<\/td>\n<td>Les d\u00e9penses annexes modifient le budget r\u00e9el<\/td>\n<\/tr>\n<tr>\n<td>Quelles aides sont envisag\u00e9es<\/td>\n<td>Dispositif, conditions et interlocuteur comp\u00e9tent<\/td>\n<td>Une aide suppos\u00e9e ne doit pas \u00eatre int\u00e9gr\u00e9e au budget<\/td>\n<\/tr>\n<tr>\n<td>Quelles r\u00e8gles en cas d\u2019absence<\/td>\n<td>R\u00e8glement ou contrat dat\u00e9<\/td>\n<td>Les absences et fermetures peuvent modifier la facturation<\/td>\n<\/tr>\n<\/tbody>\n<\/table><\/figure>\n\n<p class=\"wp-block-paragraph\">Un calcul s\u00e9rieux commence par des hypoth\u00e8ses compl\u00e8tes. Il faut noter les revenus de r\u00e9f\u00e9rence demand\u00e9s, le nombre d\u2019enfants \u00e0 charge, les heures pr\u00e9vues chaque semaine, le nombre de semaines d\u2019accueil dans l\u2019ann\u00e9e et la date du bar\u00e8me employ\u00e9. Sans ces donn\u00e9es, annoncer qu\u2019un mode de garde co\u00fbte moins cher n\u2019aurait aucune valeur pour le budget du foyer.<\/p>\n\n<p class=\"wp-block-paragraph\">La facture doit aussi \u00eatre distingu\u00e9e de l\u2019aide future. Certaines aides sont vers\u00e9es apr\u00e8s paiement, d\u2019autres suivent des r\u00e8gles particuli\u00e8res. Le d\u00e9calage de tr\u00e9sorerie peut peser sur les premiers mois, m\u00eame lorsque le reste \u00e0 charge annuel est ensuite r\u00e9duit. La CAF est la source comp\u00e9tente pour v\u00e9rifier les droits ouverts au moment de la signature.<\/p>\n\n<p class=\"wp-block-paragraph\">Le bon document \u00e0 demander \u00e0 Les Lucioles est une explication \u00e9crite de la tarification ou la grille applicable \u00e0 la date envisag\u00e9e d\u2019entr\u00e9e. Une r\u00e9ponse d\u00e9taill\u00e9e permet de comparer la cr\u00e8che familiale avec une cr\u00e8che collective ou un autre mode de garde sur la m\u00eame base horaire.<\/p>\n\n<p class=\"wp-block-paragraph\">Pour cette structure, le prix reste une donn\u00e9e \u00e0 obtenir. La capacit\u00e9 annonc\u00e9e de 37 enfants et l\u2019adresse publi\u00e9e en ao\u00fbt 2026 ne permettent pas de produire une estimation financi\u00e8re fiable.<\/p>\n\n<h2 class=\"wp-block-heading\"><span class=\"ez-toc-section\" id=\"Comment_suivre_une_demande_de_place_aupres_des_Lucioles\"><\/span>Comment suivre une demande de place aupr\u00e8s des Lucioles<span class=\"ez-toc-section-end\"><\/span><\/h2>\n\n<p class=\"wp-block-paragraph\">Une demande de place doit laisser une trace. La fiche consult\u00e9e pour Les Lucioles indique que l\u2019inscription commence par une prise de contact, mais elle ne fournit pas de calendrier d\u2019attribution ni de d\u00e9lai de r\u00e9ponse. Apr\u00e8s le premier \u00e9change, il faut donc conserver la date d\u2019appel ou d\u2019envoi, la liste des pi\u00e8ces demand\u00e9es et le nom du service qui re\u00e7oit le dossier.<\/p>\n\n<p class=\"wp-block-paragraph\">Un dossier transmis sans preuve de r\u00e9ception reste fragile. Un courriel, un r\u00e9c\u00e9piss\u00e9, une copie dat\u00e9e ou une confirmation \u00e9crite permet de v\u00e9rifier que la demande a bien \u00e9t\u00e9 enregistr\u00e9e. Cette pr\u00e9caution devient utile lorsque plusieurs solutions sont sollicit\u00e9es \u00e0 Nevers et dans la premi\u00e8re couronne, car les calendriers et les modalit\u00e9s peuvent diff\u00e9rer.<\/p>\n\n<h3 class=\"wp-block-heading\">Les informations \u00e0 mettre dans une relance \u00e9crite<\/h3>\n\n<p class=\"wp-block-paragraph\">Une relance utile rappelle le nom de l\u2019enfant, sa date de naissance, la date d\u2019accueil souhait\u00e9e et les besoins horaires. Elle mentionne \u00e9galement la date de d\u00e9p\u00f4t du dossier. Elle ne demande pas une r\u00e9ponse g\u00e9n\u00e9rale sur les places, mais une information sur l\u2019\u00e9tat d\u2019examen de la demande et sur la prochaine \u00e9tape identifi\u00e9e.<\/p>\n\n<p class=\"wp-block-paragraph\">Si Les Lucioles organise des attributions selon un calendrier, la date de la prochaine commission doit \u00eatre demand\u00e9e explicitement. Si le dossier est examin\u00e9 au fil de l\u2019eau, il faut demander \u00e0 quel moment une r\u00e9ponse peut raisonnablement \u00eatre attendue. Une structure ne peut pas toujours annoncer une place \u00e0 l\u2019avance, mais elle peut pr\u00e9ciser le cadre administratif de la demande.<\/p>\n\n<p class=\"wp-block-paragraph\">Le Relais Petite Enfance de Nevers peut orienter les parents sur les d\u00e9marches locales et les interlocuteurs pertinents. Les coordonn\u00e9es et informations municipales doivent \u00eatre v\u00e9rifi\u00e9es sur le site de la <a href=\"https:\/\/www.nevers.fr\" target=\"_blank\" rel=\"noopener\">Ville de Nevers<\/a> au moment de la demande. Ce relais ne remplace pas la d\u00e9cision du gestionnaire de Les Lucioles, mais il peut clarifier le parcours lorsqu\u2019un circuit d\u2019inscription est incertain.<\/p>\n\n<p class=\"wp-block-paragraph\">Le statut d\u2019activit\u00e9 d\u2019une structure doit \u00e9galement \u00eatre v\u00e9rifi\u00e9 avant d\u2019engager une d\u00e9marche longue. Le registre des entreprises et les sources institutionnelles permettent de contr\u00f4ler l\u2019existence d\u2019un gestionnaire. Les informations visibles dans les annuaires peuvent persister apr\u00e8s une fermeture ou un changement. Pour Les Lucioles, la fiche PagesJaunes consult\u00e9e au 26 ao\u00fbt 2026 sert de point de d\u00e9part, pas de confirmation r\u00e9glementaire compl\u00e8te.<\/p>\n\n<p class=\"wp-block-paragraph\">La demande peut \u00eatre suivie selon une m\u00e9thode simple. Un tableau personnel avec la date du contact, l\u2019interlocuteur, les pi\u00e8ces envoy\u00e9es, la r\u00e9ponse re\u00e7ue et la date de relance \u00e9vite les doublons. Il permet aussi de comparer des r\u00e9ponses obtenues \u00e0 plusieurs semaines d\u2019\u00e9cart, sans confondre une information ancienne et une disponibilit\u00e9 confirm\u00e9e.<\/p>\n\n<p class=\"wp-block-paragraph\">Les contraintes d\u2019horaires doivent rester visibles jusqu\u2019\u00e0 la r\u00e9ponse finale. Une place propos\u00e9e avec une amplitude incompatible ne r\u00e9pond pas au besoin exprim\u00e9, m\u00eame si l\u2019adresse est proche. Le crit\u00e8re d\u00e9cisif n\u2019est pas seulement l\u2019existence d\u2019une solution de garde d\u2019enfants, mais la concordance entre le contrat propos\u00e9 et les heures r\u00e9ellement n\u00e9cessaires.<\/p>\n\n<p class=\"wp-block-paragraph\">Lorsqu\u2019une place est propos\u00e9e, le contrat et le r\u00e8glement de fonctionnement doivent \u00eatre lus avant validation. La date effective de d\u00e9but, les heures contractualis\u00e9es, le mode de facturation et les conditions de rupture constituent les points \u00e0 v\u00e9rifier. Les r\u00e8gles applicables \u00e0 un dossier r\u00e9el rel\u00e8vent ensuite du gestionnaire, de la CAF pour les aides et du Relais Petite Enfance pour l\u2019orientation locale.<\/p>\n\n<p class=\"wp-block-paragraph\">La d\u00e9marche aupr\u00e8s de Les Lucioles progresse par preuves dat\u00e9es, non par suppositions. Une adresse et une capacit\u00e9 annonc\u00e9e permettent de contacter le service, tandis que le dossier, le contrat et les r\u00e9ponses \u00e9crites d\u00e9terminent l\u2019acc\u00e8s effectif \u00e0 une place.<\/p>\n\n<script type=\"application\/ld+json\">\n{\"@context\":\"https:\/\/schema.org\",\"@type\":\"FAQPage\",\"mainEntity\":[{\"@type\":\"Question\",\"name\":\"Quelle est lu2019adresse de la cru00e8che familiale Les Lucioles u00e0 Nevers ?\",\"acceptedAnswer\":{\"@type\":\"Answer\",\"text\":\"La fiche PagesJaunes vu00e9rifiu00e9e le 26 aou00fbt 2026 indique lu2019adresse suivante : 2 bis boulevard Jacques-Duclos, 58000 Nevers.\"}},{\"@type\":\"Question\",\"name\":\"Combien du2019enfants Les Lucioles peut-elle accueillir ?\",\"acceptedAnswer\":{\"@type\":\"Answer\",\"text\":\"La capacitu00e9 annoncu00e9e sur la fiche consultu00e9e est de 37 enfants, de dix semaines u00e0 trois ans. Cette capacitu00e9 ne permet pas de connau00eetre les places ru00e9ellement disponibles u00e0 une date donnu00e9e.\"}},{\"@type\":\"Question\",\"name\":\"Comment du00e9marrer une inscription aux Lucioles ?\",\"acceptedAnswer\":{\"@type\":\"Answer\",\"text\":\"La fiche consultu00e9e indique de prendre contact avec lu2019u00e9tablissement pour lancer la du00e9marche. Demandez du00e8s le premier u00e9change le canal de du00e9pu00f4t, les piu00e8ces u00e0 fournir, les horaires possibles et la date de traitement du dossier.\"}},{\"@type\":\"Question\",\"name\":\"Les tarifs de Les Lucioles sont-ils publiu00e9s ?\",\"acceptedAnswer\":{\"@type\":\"Answer\",\"text\":\"Aucun tarif nu2019apparau00eet dans les donnu00e9es disponibles vu00e9rifiu00e9es le 26 aou00fbt 2026. Le prix, le mode de calcul et les u00e9lu00e9ments inclus doivent u00eatre demandu00e9s directement au gestionnaire.\"}}]}\n<\/script>\n<h3>Quelle est l\u2019adresse de la cr\u00e8che familiale Les Lucioles \u00e0 Nevers ?<\/h3>\n<p>La fiche PagesJaunes v\u00e9rifi\u00e9e le 26 ao\u00fbt 2026 indique l\u2019adresse suivante : 2 bis boulevard Jacques-Duclos, 58000 Nevers.<\/p>\n<h3>Combien d\u2019enfants Les Lucioles peut-elle accueillir ?<\/h3>\n<p>La capacit\u00e9 annonc\u00e9e sur la fiche consult\u00e9e est de 37 enfants, de dix semaines \u00e0 trois ans. Cette capacit\u00e9 ne permet pas de conna\u00eetre les places r\u00e9ellement disponibles \u00e0 une date donn\u00e9e.<\/p>\n<h3>Comment d\u00e9marrer une inscription aux Lucioles ?<\/h3>\n<p>La fiche consult\u00e9e indique de prendre contact avec l\u2019\u00e9tablissement pour lancer la d\u00e9marche. Demandez d\u00e8s le premier \u00e9change le canal de d\u00e9p\u00f4t, les pi\u00e8ces \u00e0 fournir, les horaires possibles et la date de traitement du dossier.<\/p>\n<h3>Les tarifs de Les Lucioles sont-ils publi\u00e9s ?<\/h3>\n<p>Aucun tarif n\u2019appara\u00eet dans les donn\u00e9es disponibles v\u00e9rifi\u00e9es le 26 ao\u00fbt 2026. Le prix, le mode de calcul et les \u00e9l\u00e9ments inclus doivent \u00eatre demand\u00e9s directement au gestionnaire.<\/p>\n\n","protected":false},"excerpt":{"rendered":"<p>Les Lucioles est r\u00e9f\u00e9renc\u00e9e comme une cr\u00e8che familiale au 2 bis boulevard Jacques-Duclos, 58000 Nevers, avec une capacit\u00e9 annonc\u00e9e de 37 enfants \u00e2g\u00e9s de dix semaines \u00e0 trois ans. La fiche consult\u00e9e sur PagesJaunes a \u00e9t\u00e9 v\u00e9rifi\u00e9e le 26 ao\u00fbt 2026. Elle indique qu\u2019un contact direct avec l\u2019\u00e9tablissement ouvre la d\u00e9marche d\u2019inscription. En bref Ce [&hellip;]<\/p>\n","protected":false},"author":1,"featured_media":0,"comment_status":"open","ping_status":"closed","sticky":false,"template":"","format":"standard","meta":{"footnotes":""},"categories":[1],"tags":[],"class_list":["post-85","post","type-post","status-publish","format-standard","hentry","category-lieux-d-accueil"],"_links":{"self":[{"href":"https:\/\/bebouillecreche.fr\/blog\/wp-json\/wp\/v2\/posts\/85","targetHints":{"allow":["GET"]}}],"collection":[{"href":"https:\/\/bebouillecreche.fr\/blog\/wp-json\/wp\/v2\/posts"}],"about":[{"href":"https:\/\/bebouillecreche.fr\/blog\/wp-json\/wp\/v2\/types\/post"}],"author":[{"embeddable":true,"href":"https:\/\/bebouillecreche.fr\/blog\/wp-json\/wp\/v2\/users\/1"}],"replies":[{"embeddable":true,"href":"https:\/\/bebouillecreche.fr\/blog\/wp-json\/wp\/v2\/comments?post=85"}],"version-history":[{"count":0,"href":"https:\/\/bebouillecreche.fr\/blog\/wp-json\/wp\/v2\/posts\/85\/revisions"}],"wp:attachment":[{"href":"https:\/\/bebouillecreche.fr\/blog\/wp-json\/wp\/v2\/media?parent=85"}],"wp:term":[{"taxonomy":"category","embeddable":true,"href":"https:\/\/bebouillecreche.fr\/blog\/wp-json\/wp\/v2\/categories?post=85"},{"taxonomy":"post_tag","embeddable":true,"href":"https:\/\/bebouillecreche.fr\/blog\/wp-json\/wp\/v2\/tags?post=85"}],"curies":[{"name":"wp","href":"https:\/\/api.w.org\/{rel}","templated":true}]}}