{"id":84,"date":"2026-08-31T10:53:15","date_gmt":"2026-08-31T10:53:15","guid":{"rendered":"https:\/\/bebouillecreche.fr\/blog\/creches-municipales-nevers\/"},"modified":"2026-08-31T10:53:15","modified_gmt":"2026-08-31T10:53:15","slug":"creches-municipales-nevers","status":"publish","type":"post","link":"https:\/\/bebouillecreche.fr\/blog\/creches-municipales-nevers\/","title":{"rendered":"Cr\u00e8ches municipales de Nevers : capacit\u00e9s et horaires r\u00e9els"},"content":{"rendered":"<p class=\"wp-block-paragraph\"><strong>Sept services de garde municipaux sont annonc\u00e9s par la Ville de Nevers<\/strong> : six accueils collectifs, une cr\u00e8che familiale et un jardin d\u2019enfants. Les capacit\u00e9s publi\u00e9es totalisent <strong>278 places<\/strong>. Les horaires d\u2019ouverture vont de <strong>7h \u00e0 19h<\/strong> pour Les Lucioles, contre une ouverture \u00e0 9h pour Frimousse et Pirouette.<\/p>\n\n<ul class=\"wp-block-list\"><li><strong>Clapotis<\/strong> et <strong>Souricette<\/strong> affichent chacune 63 places sur la page municipale consult\u00e9e en 2026.<\/li><li><strong>Les Lucioles<\/strong> couvre l\u2019amplitude la plus large publi\u00e9e, de 7h \u00e0 19h du lundi au vendredi.<\/li><li>Les chiffres des annuaires et ceux de la Ville divergent pour plusieurs \u00e9tablissements, avec jusqu\u2019\u00e0 <strong>3 places d\u2019\u00e9cart<\/strong>.<\/li><li>Les inscriptions des cr\u00e8ches municipales de Nevers passent par le <strong>Relais Petite Enfance<\/strong>, boulevard Jacques-Duclos.<\/li><li>Une capacit\u00e9 agr\u00e9\u00e9e ne correspond pas au nombre de <strong>places disponibles<\/strong> \u00e0 une date donn\u00e9e.<\/li><\/ul>\n\n<p class=\"wp-block-paragraph\">Ce relev\u00e9 porte sur les cr\u00e8ches municipales de <strong>Nevers<\/strong>, pour l\u2019accueil des enfants de moins de trois ans. Il ne couvre ni les tarifs r\u00e9ellement factur\u00e9s \u00e0 chaque foyer, ni les disponibilit\u00e9s quotidiennes, ni les questions li\u00e9es \u00e0 l\u2019accueil ou au suivi de l\u2019enfant.<\/p>\n\n<p class=\"wp-block-paragraph\">Les capacit\u00e9s et horaires repris ici proviennent de la page <a href=\"https:\/\/www.nevers.fr\/\" target=\"_blank\" rel=\"noopener\">petite enfance de la Ville de Nevers<\/a>, consult\u00e9e en 2026, et sont compar\u00e9s aux fiches publi\u00e9es par <a href=\"https:\/\/www.allocreche.fr\/\" target=\"_blank\" rel=\"noopener\">AlloCreche<\/a>. Les \u00e9carts sont signal\u00e9s au lieu d\u2019\u00eatre corrig\u00e9s par estimation. Le statut d\u2019activit\u00e9 et les dates de mise \u00e0 jour de chaque fiche doivent \u00eatre contr\u00f4l\u00e9s avant un d\u00e9p\u00f4t de dossier.<\/p>\n\n<div id=\"ez-toc-container\" class=\"ez-toc-v2_0_87 counter-hierarchy ez-toc-counter ez-toc-grey ez-toc-container-direction\">\n<div class=\"ez-toc-title-container\">\n<p class=\"ez-toc-title\" style=\"cursor:inherit\">Sommaire<\/p>\n<span class=\"ez-toc-title-toggle\"><a href=\"#\" class=\"ez-toc-pull-right ez-toc-btn ez-toc-btn-xs ez-toc-btn-default ez-toc-toggle\" aria-label=\"Toggle Table of Content\"><span class=\"ez-toc-js-icon-con\"><span class=\"\"><span class=\"eztoc-hide\" style=\"display:none;\">Toggle<\/span><span class=\"ez-toc-icon-toggle-span\"><svg style=\"fill: #999;color:#999\" xmlns=\"http:\/\/www.w3.org\/2000\/svg\" class=\"list-377408\" width=\"20px\" height=\"20px\" viewBox=\"0 0 24 24\" fill=\"none\"><path d=\"M6 6H4v2h2V6zm14 0H8v2h12V6zM4 11h2v2H4v-2zm16 0H8v2h12v-2zM4 16h2v2H4v-2zm16 0H8v2h12v-2z\" fill=\"currentColor\"><\/path><\/svg><svg style=\"fill: #999;color:#999\" class=\"arrow-unsorted-368013\" xmlns=\"http:\/\/www.w3.org\/2000\/svg\" width=\"10px\" height=\"10px\" viewBox=\"0 0 24 24\" version=\"1.2\" baseProfile=\"tiny\"><path d=\"M18.2 9.3l-6.2-6.3-6.2 6.3c-.2.2-.3.4-.3.7s.1.5.3.7c.2.2.4.3.7.3h11c.3 0 .5-.1.7-.3.2-.2.3-.5.3-.7s-.1-.5-.3-.7zM5.8 14.7l6.2 6.3 6.2-6.3c.2-.2.3-.5.3-.7s-.1-.5-.3-.7c-.2-.2-.4-.3-.7-.3h-11c-.3 0-.5.1-.7.3-.2.2-.3.5-.3.7s.1.5.3.7z\"\/><\/svg><\/span><\/span><\/span><\/a><\/span><\/div>\n<nav><ul class='ez-toc-list ez-toc-list-level-1 eztoc-toggle-hide-by-default' ><li class='ez-toc-page-1 ez-toc-heading-level-2'><a class=\"ez-toc-link ez-toc-heading-1\" href=\"https:\/\/bebouillecreche.fr\/blog\/creches-municipales-nevers\/#Quelles_creches_municipales_de_Nevers_affichent_le_plus_de_capacites_daccueil\" >Quelles cr\u00e8ches municipales de Nevers affichent le plus de capacit\u00e9s d\u2019accueil ?<\/a><\/li><li class='ez-toc-page-1 ez-toc-heading-level-2'><a class=\"ez-toc-link ez-toc-heading-2\" href=\"https:\/\/bebouillecreche.fr\/blog\/creches-municipales-nevers\/#Quels_horaires_douverture_sont_publies_pour_les_creches_municipales_de_Nevers\" >Quels horaires d\u2019ouverture sont publi\u00e9s pour les cr\u00e8ches municipales de Nevers ?<\/a><\/li><li class='ez-toc-page-1 ez-toc-heading-level-2'><a class=\"ez-toc-link ez-toc-heading-3\" href=\"https:\/\/bebouillecreche.fr\/blog\/creches-municipales-nevers\/#Comment_deposer_les_inscriptions_aux_creches_municipales_de_Nevers\" >Comment d\u00e9poser les inscriptions aux cr\u00e8ches municipales de Nevers ?<\/a><\/li><li class='ez-toc-page-1 ez-toc-heading-level-2'><a class=\"ez-toc-link ez-toc-heading-4\" href=\"https:\/\/bebouillecreche.fr\/blog\/creches-municipales-nevers\/#Pourquoi_les_capacites_publiees_par_les_annuaires_different-elles_des_donnees_de_la_Ville\" >Pourquoi les capacit\u00e9s publi\u00e9es par les annuaires diff\u00e8rent-elles des donn\u00e9es de la Ville ?<\/a><\/li><li class='ez-toc-page-1 ez-toc-heading-level-2'><a class=\"ez-toc-link ez-toc-heading-5\" href=\"https:\/\/bebouillecreche.fr\/blog\/creches-municipales-nevers\/#Comment_utiliser_ces_horaires_reels_pour_choisir_lordre_des_demandes\" >Comment utiliser ces horaires r\u00e9els pour choisir l\u2019ordre des demandes ?<\/a><\/li><\/ul><\/nav><\/div>\n<h2 class=\"wp-block-heading\"><span class=\"ez-toc-section\" id=\"Quelles_creches_municipales_de_Nevers_affichent_le_plus_de_capacites_daccueil\"><\/span>Quelles cr\u00e8ches municipales de Nevers affichent le plus de capacit\u00e9s d\u2019accueil ?<span class=\"ez-toc-section-end\"><\/span><\/h2>\n\n<p class=\"wp-block-paragraph\">La Ville de Nevers indique g\u00e9rer <strong>sept services d\u2019accueil municipaux<\/strong> pour les moins de trois ans : Clapotis, Souricette, C\u00e2linours, Gribouille, Frimousse, Pirouette, Les Lucioles et le jardin d\u2019enfants Nougatine. Cette pr\u00e9sentation distingue les six accueils collectifs, la cr\u00e8che familiale Les Lucioles et Nougatine. La capacit\u00e9 cumul\u00e9e annonc\u00e9e est de <strong>278 places<\/strong>.<\/p>\n\n<p class=\"wp-block-paragraph\">Le calcul repose sur les chiffres municipaux publi\u00e9s : 63 places \u00e0 Clapotis, 63 \u00e0 Souricette, 32 \u00e0 C\u00e2linours, 21 \u00e0 Gribouille, 23 \u00e0 Frimousse, 23 \u00e0 Pirouette, 40 \u00e0 Les Lucioles et 13 \u00e0 Nougatine. Ces nombres d\u00e9crivent l\u2019autorisation ou la capacit\u00e9 affich\u00e9e par le gestionnaire. Ils ne donnent pas le nombre de contrats pouvant \u00eatre propos\u00e9s lors d\u2019une commission d\u2019attribution.<\/p>\n\n<p class=\"wp-block-paragraph\">Les deux \u00e9tablissements collectifs les plus importants sont donc Clapotis et Souricette, avec <strong>63 places chacun<\/strong>. \u00c0 eux deux, ils repr\u00e9sentent 126 places, soit pr\u00e8s de la moiti\u00e9 des 278 places annonc\u00e9es. Lorsqu\u2019un planning de travail est compatible avec leurs horaires, ces deux adresses p\u00e8sent davantage dans l\u2019offre municipale que les unit\u00e9s de 20 \u00e0 23 places.<\/p>\n\n<p class=\"wp-block-paragraph\">Les chiffres relev\u00e9s dans l\u2019annuaire AlloCreche ne co\u00efncident pas toujours avec les donn\u00e9es de la Ville. AlloCreche mentionne 60 places pour Clapotis et Souricette, contre 63 sur le site municipal. C\u00e2linours y appara\u00eet avec 30 places au lieu de 32, Frimousse avec 20 au lieu de 23, Gribouille avec 20 au lieu de 21, Pirouette avec 20 au lieu de 23 et Les Lucioles avec 35 au lieu de 40.<\/p>\n\n<p class=\"wp-block-paragraph\">Ces \u00e9carts ne permettent pas de choisir arbitrairement une valeur interm\u00e9diaire. La source municipale est celle qui d\u00e9crit directement les services g\u00e9r\u00e9s par la collectivit\u00e9, mais seule une autorisation actualis\u00e9e du <a href=\"https:\/\/nievre.fr\/\" target=\"_blank\" rel=\"noopener\">Conseil d\u00e9partemental de la Ni\u00e8vre<\/a> permettrait d\u2019\u00e9tablir la capacit\u00e9 agr\u00e9\u00e9e exacte \u00e0 une date pr\u00e9cise. Un annuaire peut conserver une ancienne valeur apr\u00e8s une modification d\u2019agr\u00e9ment.<\/p>\n\n<p class=\"wp-block-paragraph\">La diff\u00e9rence est concr\u00e8te. Une fiche indiquant 60 places au lieu de 63 ne fait pas dispara\u00eetre trois places existantes ; elle montre qu\u2019une donn\u00e9e a probablement \u00e9t\u00e9 mise \u00e0 jour par un canal et pas par l\u2019autre. Pour un dossier d\u2019inscriptions, ce d\u00e9calage ne permet pas de conclure \u00e0 trois contrats suppl\u00e9mentaires. Les d\u00e9parts, les changements de temps d\u2019accueil et les places r\u00e9serv\u00e9es modifient la situation r\u00e9elle.<\/p>\n\n<h3 class=\"wp-block-heading\">Pourquoi la capacit\u00e9 publi\u00e9e ne suffit pas \u00e0 conna\u00eetre les places disponibles<\/h3>\n\n<p class=\"wp-block-paragraph\">Une capacit\u00e9 d\u2019accueil correspond au nombre maximal de places pr\u00e9vu pour le service. Les <strong>places disponibles<\/strong> d\u00e9signent, elles, les possibilit\u00e9s de contrat au moment o\u00f9 une demande est \u00e9tudi\u00e9e. Une cr\u00e8che de 63 places peut \u00eatre compl\u00e8te en janvier et enregistrer plusieurs d\u00e9parts avant septembre. L\u2019inverse est \u00e9galement possible si les contrats sont renouvel\u00e9s.<\/p>\n\n<p class=\"wp-block-paragraph\">La Ville de Nevers centralise les demandes municipales via le Relais Petite Enfance. Il faut donc distinguer trois \u00e9l\u00e9ments : la capacit\u00e9 g\u00e9n\u00e9rale de l\u2019\u00e9tablissement, le besoin horaire inscrit dans le dossier et les places effectivement lib\u00e9r\u00e9es. Le m\u00eame nombre de places ne produit pas les m\u00eames r\u00e9ponses selon qu\u2019un foyer demande quatre jours, cinq jours, ou une amplitude incluant une arriv\u00e9e avant 8h.<\/p>\n\n<p class=\"wp-block-paragraph\">Les \u00e9tablissements de taille moyenne restent utiles dans un dossier. C\u00e2linours, avec 32 places annonc\u00e9es, repr\u00e9sente plus qu\u2019une simple solution de second rang : son amplitude de 7h30 \u00e0 18h30 le rend compatible avec une journ\u00e9e de bureau classique. Gribouille, Frimousse et Pirouette proposent des capacit\u00e9s moindres, mais r\u00e9pondent \u00e0 des plannings plus resserr\u00e9s ou \u00e0 des besoins non quotidiens selon les modalit\u00e9s ouvertes par la Ville.<\/p>\n\n<p class=\"wp-block-paragraph\">Une demande s\u00e9rieuse ne se limite donc pas \u00e0 additionner les places. Elle doit indiquer la date souhait\u00e9e de d\u00e9but, le nombre de jours et les heures d\u2019arriv\u00e9e et de d\u00e9part. La capacit\u00e9 donne une mesure de l\u2019offre. Le dossier donne au Relais Petite Enfance les informations n\u00e9cessaires pour rechercher une correspondance avec un cr\u00e9neau lib\u00e9r\u00e9.<\/p>\n\n<h2 class=\"wp-block-heading\"><span class=\"ez-toc-section\" id=\"Quels_horaires_douverture_sont_publies_pour_les_creches_municipales_de_Nevers\"><\/span>Quels horaires d\u2019ouverture sont publi\u00e9s pour les cr\u00e8ches municipales de Nevers ?<span class=\"ez-toc-section-end\"><\/span><\/h2>\n\n<p class=\"wp-block-paragraph\">Les horaires d\u2019ouverture publi\u00e9s permettent de s\u00e9parer les services selon la contrainte principale : commencer t\u00f4t, finir tard ou utiliser un accueil partiel. Sur les fiches reprises par AlloCreche, Les Lucioles ouvre \u00e0 <strong>7h<\/strong> et ferme \u00e0 <strong>19h<\/strong>. Les P\u2019tis Nivernais, cit\u00e9 par l\u2019annuaire avec 41 places, ouvre \u00e0 6h30 et ferme \u00e0 18h45, mais cet \u00e9tablissement n\u2019appara\u00eet pas dans la liste des services municipaux publi\u00e9e par la Ville.<\/p>\n\n<p class=\"wp-block-paragraph\">Pour les cr\u00e8ches municipales identifi\u00e9es par la Ville, C\u00e2linours, Clapotis et Souricette sont donn\u00e9es ouvertes du lundi au vendredi de <strong>7h30 \u00e0 18h30<\/strong>. Cette amplitude repr\u00e9sente onze heures par jour. Elle convient \u00e0 un grand nombre de journ\u00e9es de travail, mais elle exclut les besoins commen\u00e7ant avant 7h30 ou se terminant apr\u00e8s 18h30, temps de trajet compris.<\/p>\n\n<p class=\"wp-block-paragraph\">Les Lucioles, cr\u00e8che familiale municipale, est l\u2019\u00e9tablissement qui affiche l\u2019amplitude la plus large dans les donn\u00e9es fournies. Ses horaires annonc\u00e9s, du lundi au vendredi de 7h \u00e0 19h, couvrent douze heures. Cette plage ne signifie pas que tout contrat peut automatiquement couvrir douze heures. Les heures retenues d\u00e9pendent du dossier, de l\u2019organisation du service et des disponibilit\u00e9s.<\/p>\n\n<p class=\"wp-block-paragraph\">Gribouille est annonc\u00e9e ouverte du lundi au jeudi de 8h30 \u00e0 17h30, puis le vendredi de 8h30 \u00e0 12h15. Frimousse et Pirouette sont indiqu\u00e9es ouvertes du mardi au vendredi de 9h \u00e0 17h. Ces horaires r\u00e9duisent nettement les possibilit\u00e9s pour un emploi sur cinq jours, mais ils peuvent correspondre \u00e0 une organisation professionnelle concentr\u00e9e entre mardi et vendredi.<\/p>\n\n<figure class=\"wp-block-table\"><table>\n<thead>\n<tr>\n<th>Service municipal<\/th>\n<th>Capacit\u00e9 publi\u00e9e par la Ville<\/th>\n<th>Horaires publi\u00e9s<\/th>\n<th>\u00c9cart avec AlloCreche<\/th>\n<\/tr>\n<\/thead>\n<tbody>\n<tr>\n<td><strong>Clapotis<\/strong><\/td>\n<td><strong>63 places<\/strong><\/td>\n<td>Lundi au vendredi, 7h30\u201318h30<\/td>\n<td>AlloCreche indique 60 places<\/td>\n<\/tr>\n<tr>\n<td><strong>Souricette<\/strong><\/td>\n<td><strong>63 places<\/strong><\/td>\n<td>Lundi au vendredi, 7h30\u201318h30<\/td>\n<td>AlloCreche indique 60 places<\/td>\n<\/tr>\n<tr>\n<td><strong>C\u00e2linours<\/strong><\/td>\n<td><strong>32 places<\/strong><\/td>\n<td>Lundi au vendredi, 7h30\u201318h30<\/td>\n<td>AlloCreche indique 30 places<\/td>\n<\/tr>\n<tr>\n<td><strong>Les Lucioles<\/strong><\/td>\n<td><strong>40 places<\/strong><\/td>\n<td>Lundi au vendredi, 7h\u201319h<\/td>\n<td>AlloCreche indique 35 places<\/td>\n<\/tr>\n<tr>\n<td><strong>Gribouille<\/strong><\/td>\n<td><strong>21 places<\/strong><\/td>\n<td>Lundi au jeudi, 8h30\u201317h30 ; vendredi, 8h30\u201312h15<\/td>\n<td>AlloCreche indique 20 places<\/td>\n<\/tr>\n<tr>\n<td><strong>Frimousse<\/strong><\/td>\n<td><strong>23 places<\/strong><\/td>\n<td>Mardi au vendredi, 9h\u201317h<\/td>\n<td>AlloCreche indique 20 places<\/td>\n<\/tr>\n<tr>\n<td><strong>Pirouette<\/strong><\/td>\n<td><strong>23 places<\/strong><\/td>\n<td>Mardi au vendredi, 9h\u201317h<\/td>\n<td>AlloCreche indique 20 places<\/td>\n<\/tr>\n<tr>\n<td><strong>Nougatine<\/strong><\/td>\n<td><strong>13 places<\/strong><\/td>\n<td>Horaire non repris dans les donn\u00e9es fournies<\/td>\n<td>Non renseign\u00e9 dans l\u2019annuaire cit\u00e9<\/td>\n<\/tr>\n<\/tbody>\n<\/table><\/figure>\n\n<p class=\"wp-block-paragraph\">Ce tableau croise les capacit\u00e9s d\u2019accueil publi\u00e9es et les amplitudes annonc\u00e9es. Les cases sans horaire ne doivent pas \u00eatre compl\u00e9t\u00e9es \u00e0 partir d\u2019habitudes locales. Pour Nougatine, l\u2019horaire r\u00e9el doit \u00eatre demand\u00e9 au Relais Petite Enfance avant d\u2019int\u00e9grer ce service \u00e0 un planning de garde.<\/p>\n\n<p class=\"wp-block-paragraph\">Les horaires affich\u00e9s restent diff\u00e9rents des horaires r\u00e9ellement pratiqu\u00e9s lors des p\u00e9riodes de fermeture, des cong\u00e9s collectifs ou d\u2019une adaptation de contrat. La page municipale consult\u00e9e ne fournit pas, dans les donn\u00e9es disponibles, de calendrier annuel de fermeture pour chaque site. Une demande \u00e9crite ou un r\u00e8glement de fonctionnement remis par le service est n\u00e9cessaire pour v\u00e9rifier ce point.<\/p>\n\n<h3 class=\"wp-block-heading\">Quel \u00e9tablissement correspond \u00e0 un planning avant 8h ou apr\u00e8s 18h30 ?<\/h3>\n\n<p class=\"wp-block-paragraph\">Pour une arriv\u00e9e avant 8h, quatre \u00e9tablissements de la liste g\u00e9n\u00e9rale fournie r\u00e9pondent \u00e0 la contrainte horaire : Les Lucioles \u00e0 7h, C\u00e2linours \u00e0 7h30, Clapotis \u00e0 7h30 et Souricette \u00e0 7h30. Parmi eux, Les Lucioles est la seule offre municipale publi\u00e9e ouvrant avant 7h30. La diff\u00e9rence entre 7h et 7h30 peut d\u00e9cider de la compatibilit\u00e9 avec un trajet professionnel.<\/p>\n\n<p class=\"wp-block-paragraph\">Pour un d\u00e9part apr\u00e8s 18h30, Les Lucioles est de nouveau la seule solution municipale explicitement annonc\u00e9e, avec une fermeture \u00e0 19h. Les P\u2019tis Nivernais ferme \u00e0 18h45 selon AlloCreche, mais sa gestion municipale n\u2019est pas confirm\u00e9e par la page de la Ville. Il serait imprudent de pr\u00e9senter cette adresse comme une cr\u00e8che municipale sur cette seule base.<\/p>\n\n<p class=\"wp-block-paragraph\">Un foyer ayant une journ\u00e9e de 8h30 \u00e0 17h30 peut viser davantage de services, mais le vendredi raccourci de Gribouille demande une solution s\u00e9par\u00e9e apr\u00e8s 12h15. Frimousse et Pirouette ferment \u00e0 17h et n\u2019ouvrent pas le lundi. La contrainte n\u2019est donc pas seulement l\u2019heure de fermeture ; elle porte aussi sur le nombre de jours effectivement couverts.<\/p>\n\n<p class=\"wp-block-paragraph\">Le classement par amplitude \u00e9vite les demandes incompatibles d\u00e8s le d\u00e9part. Les Lucioles couvre l\u2019horaire le plus long publi\u00e9. C\u00e2linours, Clapotis et Souricette couvrent le cr\u00e9neau municipal standard de 7h30 \u00e0 18h30. Les autres services r\u00e9pondent \u00e0 des plages plus sp\u00e9cifiques et doivent \u00eatre rapproch\u00e9s du planning r\u00e9el du foyer.<\/p>\n\n<figure class=\"is-provider-youtube is-type-video wp-block-embed wp-block-embed-youtube wp-embed-aspect-16-9 wp-has-aspect-ratio\"><div class=\"wp-block-embed__wrapper\">\n<iframe loading=\"lazy\" title=\"Visite : cr\u00e8che de Feignies\" width=\"500\" height=\"375\" src=\"https:\/\/www.youtube.com\/embed\/4Zsr-pxx460?feature=oembed\" frameborder=\"0\" allow=\"accelerometer; autoplay; clipboard-write; encrypted-media; gyroscope; picture-in-picture; web-share\" referrerpolicy=\"strict-origin-when-cross-origin\" allowfullscreen><\/iframe>\n<\/div><\/figure>\n\n<h2 class=\"wp-block-heading\"><span class=\"ez-toc-section\" id=\"Comment_deposer_les_inscriptions_aux_creches_municipales_de_Nevers\"><\/span>Comment d\u00e9poser les inscriptions aux cr\u00e8ches municipales de Nevers ?<span class=\"ez-toc-section-end\"><\/span><\/h2>\n\n<p class=\"wp-block-paragraph\">Les inscriptions aux \u00e9tablissements g\u00e9r\u00e9s par la Ville de Nevers sont orient\u00e9es vers le <strong>Relais Petite Enfance<\/strong>. La page municipale situe ce guichet au sein de l\u2019espace Magda Gerber \u2013 Maison de la Petite Enfance et des Parentalit\u00e9s, boulevard Jacques-Duclos. Cette centralisation \u00e9vite de d\u00e9poser un dossier s\u00e9par\u00e9 aupr\u00e8s de Clapotis, Souricette ou C\u00e2linours sans savoir quel service instruit la demande.<\/p>\n\n<p class=\"wp-block-paragraph\">Le Relais Petite Enfance ne se limite pas \u00e0 une adresse de renseignement. La Ville le pr\u00e9sente comme le lieu d\u2019inscription et d\u2019admission dans les \u00e9tablissements d\u2019accueil qu\u2019elle g\u00e8re. Le point utile est administratif : les demandes municipales suivent un canal commun, m\u00eame lorsque plusieurs \u00e9tablissements sont envisag\u00e9s.<\/p>\n\n<p class=\"wp-block-paragraph\">Les donn\u00e9es disponibles ne donnent pas de date de commission d\u2019attribution pour 2026, ni de date limite annuelle de d\u00e9p\u00f4t. Une \u00e9ch\u00e9ance ne doit pas \u00eatre d\u00e9duite de campagnes ant\u00e9rieures. Le calendrier peut \u00e9voluer selon les d\u00e9cisions de la Ville et les capacit\u00e9s \u00e0 attribuer. Il faut demander au Relais Petite Enfance la date de la prochaine commission et le d\u00e9lai exact de transmission du dossier.<\/p>\n\n<p class=\"wp-block-paragraph\">Le dossier doit rendre lisible la demande. Une inscription qui mentionne seulement \u00ab cinq jours par semaine \u00bb ne permet pas de v\u00e9rifier la compatibilit\u00e9 avec une ouverture \u00e0 9h, un vendredi ferm\u00e9 \u00e0 12h15 ou une fermeture \u00e0 17h. Les horaires d\u2019arriv\u00e9e et de d\u00e9part, la date souhait\u00e9e de d\u00e9marrage et les \u00e9tablissements accept\u00e9s doivent \u00eatre indiqu\u00e9s avec pr\u00e9cision.<\/p>\n\n<p class=\"wp-block-paragraph\">Les services municipaux n\u2019ont pas tous le m\u00eame fonctionnement horaire. Formuler plusieurs choix coh\u00e9rents augmente les possibilit\u00e9s d\u2019examen sans cr\u00e9er une demande floue. Une personne disponible du lundi au vendredi de 8h \u00e0 18h30 peut inscrire C\u00e2linours, Clapotis et Souricette, puis pr\u00e9ciser que Les Lucioles reste compatible. Frimousse et Pirouette ne peuvent pas \u00eatre retenues pour le lundi dans les donn\u00e9es publi\u00e9es.<\/p>\n\n<h3 class=\"wp-block-heading\">Quelles informations pr\u00e9parer avant le rendez-vous au Relais Petite Enfance ?<\/h3>\n\n<p class=\"wp-block-paragraph\">Les documents exacts doivent \u00eatre confirm\u00e9s directement par le Relais Petite Enfance, car la liste n\u2019est pas fournie dans les \u00e9l\u00e9ments source disponibles. En revanche, le rendez-vous sera plus efficace avec un planning \u00e9crit, une date de besoin et une liste d\u2019\u00e9tablissements compatibles. Ces trois informations d\u00e9terminent la faisabilit\u00e9 de la demande avant m\u00eame l\u2019\u00e9tude des justificatifs.<\/p>\n\n<ol class=\"wp-block-list\"><li>Notez la <strong>date souhait\u00e9e<\/strong> de d\u00e9but d\u2019accueil, sans \u00e9crire seulement \u00ab d\u00e8s que possible \u00bb.<\/li><li>Indiquez les jours concern\u00e9s et les heures d\u2019arriv\u00e9e et de d\u00e9part attendues.<\/li><li>Classez les services municipaux selon leur compatibilit\u00e9 horaire, sans pr\u00e9sumer des places disponibles.<\/li><li>Demandez la date de la prochaine commission et le document qui fixe les modalit\u00e9s d\u2019admission.<\/li><li>V\u00e9rifiez les fermetures annuelles, les jours f\u00e9ri\u00e9s concern\u00e9s et les limites de contrat avant validation.<\/li><\/ol>\n\n<p class=\"wp-block-paragraph\">Cette pr\u00e9paration sert \u00e0 \u00e9viter une erreur courante : comparer des capacit\u00e9s globales alors que le besoin porte sur un cr\u00e9neau tr\u00e8s pr\u00e9cis. Une unit\u00e9 de 23 places peut r\u00e9pondre \u00e0 une demande de mardi \u00e0 vendredi, mais ne r\u00e9pond pas \u00e0 un contrat pr\u00e9vu d\u00e8s le lundi si l\u2019horaire publi\u00e9 ne le pr\u00e9voit pas.<\/p>\n\n<p class=\"wp-block-paragraph\">Le Relais Petite Enfance reste l\u2019interlocuteur comp\u00e9tent pour les dossiers r\u00e9els, les crit\u00e8res appliqu\u00e9s et les d\u00e9cisions d\u2019admission. Une page d\u2019information ne remplace ni un d\u00e9p\u00f4t formel ni une confirmation \u00e9crite. La Ville de Nevers publie \u00e9galement ses informations g\u00e9n\u00e9rales via <a href=\"https:\/\/www.nevers.fr\/\" target=\"_blank\" rel=\"noopener\">son portail municipal<\/a>, qui doit \u00eatre consult\u00e9 avant toute d\u00e9marche.<\/p>\n\n<p class=\"wp-block-paragraph\">Les demandes municipales peuvent \u00eatre examin\u00e9es selon les capacit\u00e9s disponibles, mais une r\u00e9ponse positive ne peut jamais \u00eatre d\u00e9duite de la taille d\u2019une cr\u00e8che. Les 63 places de Clapotis ou de Souricette d\u00e9crivent une offre importante. Elles ne constituent pas une promesse de contrat pour une date donn\u00e9e.<\/p>\n\n<figure class=\"is-provider-youtube is-type-video wp-block-embed wp-block-embed-youtube wp-embed-aspect-16-9 wp-has-aspect-ratio\"><div class=\"wp-block-embed__wrapper\">\n<iframe loading=\"lazy\" title=\"Petite Enfance : tour d&amp;apos;horizon des cr\u00e8ches municipales\" width=\"500\" height=\"281\" src=\"https:\/\/www.youtube.com\/embed\/DibPot4ce8k?feature=oembed\" frameborder=\"0\" allow=\"accelerometer; autoplay; clipboard-write; encrypted-media; gyroscope; picture-in-picture; web-share\" referrerpolicy=\"strict-origin-when-cross-origin\" allowfullscreen><\/iframe>\n<\/div><\/figure>\n\n<h2 class=\"wp-block-heading\"><span class=\"ez-toc-section\" id=\"Pourquoi_les_capacites_publiees_par_les_annuaires_different-elles_des_donnees_de_la_Ville\"><\/span>Pourquoi les capacit\u00e9s publi\u00e9es par les annuaires diff\u00e8rent-elles des donn\u00e9es de la Ville ?<span class=\"ez-toc-section-end\"><\/span><\/h2>\n\n<p class=\"wp-block-paragraph\">La comparaison entre la page de la Ville et AlloCreche montre sept \u00e9carts de capacit\u00e9 sur les services municipaux list\u00e9s. Les diff\u00e9rences vont de <strong>1 place<\/strong> pour Gribouille \u00e0 <strong>5 places<\/strong> pour Les Lucioles. Il ne s\u2019agit pas d\u2019un d\u00e9tail \u00e9ditorial : un parent qui additionne les chiffres d\u2019un annuaire arrive \u00e0 un total inf\u00e9rieur \u00e0 celui publi\u00e9 par le gestionnaire municipal.<\/p>\n\n<p class=\"wp-block-paragraph\">Pour Clapotis et Souricette, l\u2019annuaire affiche 60 places alors que la Ville en annonce 63. Pour C\u00e2linours, le chiffre est de 30 contre 32. Frimousse et Pirouette passent de 20 \u00e0 23, tandis que Les Lucioles passe de 35 \u00e0 40. Ces valeurs peuvent correspondre \u00e0 des dates de mise \u00e0 jour diff\u00e9rentes, \u00e0 une distinction entre capacit\u00e9 th\u00e9orique et capacit\u00e9 exploit\u00e9e, ou \u00e0 une ancienne autorisation.<\/p>\n\n<p class=\"wp-block-paragraph\">La bonne m\u00e9thode consiste \u00e0 publier les deux sources lorsqu\u2019elles divergent, puis \u00e0 demander le document qui tranche. Le document de r\u00e9f\u00e9rence est l\u2019arr\u00eat\u00e9 d\u2019autorisation ou sa modification, d\u00e9livr\u00e9 dans le cadre du contr\u00f4le des \u00e9tablissements d\u2019accueil du jeune enfant. Le <a href=\"https:\/\/www.legifrance.gouv.fr\/codes\/id\/LEGISCTA000042725830\/\" target=\"_blank\" rel=\"noopener\">Code de la sant\u00e9 publique sur L\u00e9gifrance<\/a> encadre l\u2019autorisation et le fonctionnement de ces \u00e9tablissements ; il ne transforme pas un chiffre d\u2019annuaire en capacit\u00e9 v\u00e9rifi\u00e9e.<\/p>\n\n<p class=\"wp-block-paragraph\">La diff\u00e9rence entre \u00ab cr\u00e8che collective \u00bb, \u00ab multi-accueil \u00bb, \u00ab cr\u00e8che familiale \u00bb et \u00ab jardin d\u2019enfants \u00bb complique aussi les comparaisons rapides. Le site municipal pr\u00e9sente ses propres cat\u00e9gories de gestion. AlloCreche classe Frimousse, Gribouille et Pirouette parmi les multi-accueils, tandis que la Ville les int\u00e8gre \u00e0 ses cr\u00e8ches collectives municipales au sens de son offre de services. Les deux libell\u00e9s peuvent coexister sans d\u00e9signer deux \u00e9tablissements distincts.<\/p>\n\n<p class=\"wp-block-paragraph\">La pr\u00e9sence des P\u2019tis Nivernais dans l\u2019annuaire constitue un autre exemple de prudence n\u00e9cessaire. L\u2019\u00e9tablissement est donn\u00e9 pour 41 places et une amplitude de 6h30 \u00e0 18h45, mais il ne figure pas dans la liste municipale des sept services. Cette absence ne permet pas d\u2019affirmer une fermeture, une erreur ou une exclusion volontaire. Elle impose une v\u00e9rification de gestionnaire et de statut avant publication comme service actif.<\/p>\n\n<h3 class=\"wp-block-heading\">Comment v\u00e9rifier une fiche avant de s\u2019appuyer sur ses horaires ?<\/h3>\n\n<p class=\"wp-block-paragraph\">Une fiche utile doit porter plusieurs dates distinctes : la date \u00e0 laquelle le tarif a \u00e9t\u00e9 relev\u00e9, celle des horaires, celle du statut d\u2019activit\u00e9 et celle de la derni\u00e8re mise \u00e0 jour. Les \u00e9l\u00e9ments disponibles ici permettent seulement de comparer des informations publi\u00e9es en ligne. Ils ne suffisent pas \u00e0 certifier qu\u2019un horaire reste applicable pendant toutes les vacances scolaires ou lors d\u2019un changement d\u2019organisation.<\/p>\n\n<p class=\"wp-block-paragraph\">Le contr\u00f4le peut se faire en trois temps. Il faut v\u00e9rifier le gestionnaire sur la page de la Ville ou aupr\u00e8s du Relais Petite Enfance, demander les horaires r\u00e9ellement propos\u00e9s pour le contrat envisag\u00e9, puis confirmer les fermetures annuelles. Pour le statut administratif d\u2019une structure priv\u00e9e, une v\u00e9rification au registre des entreprises compl\u00e8te cette d\u00e9marche.<\/p>\n\n<p class=\"wp-block-paragraph\">Une r\u00e9ponse t\u00e9l\u00e9phonique dat\u00e9e a plus de valeur qu\u2019une ligne recopi\u00e9e sans origine. Si l\u2019information n\u2019est pas communiqu\u00e9e, la case doit rester vide. Une estimation sur la base de l\u2019amplitude d\u2019un autre \u00e9tablissement ne permet ni de planifier un contrat ni d\u2019organiser les trajets professionnels.<\/p>\n\n<p class=\"wp-block-paragraph\">La m\u00eame m\u00e9thode vaut pour les tarifs. Les cr\u00e8ches municipales appliquent g\u00e9n\u00e9ralement un cadre de participation familiale li\u00e9 aux r\u00e8gles de la CAF, mais aucun tarif horaire individuel ne peut \u00eatre annonc\u00e9 sans revenus retenus, nombre d\u2019enfants \u00e0 charge, volume d\u2019heures et bar\u00e8me dat\u00e9. La source nationale \u00e0 consulter est la <a href=\"https:\/\/www.caf.fr\/\" target=\"_blank\" rel=\"noopener\">Caisse d\u2019allocations familiales<\/a>, puis le service municipal pour le calcul appliqu\u00e9 au dossier.<\/p>\n\n<p class=\"wp-block-paragraph\">Un horaire publi\u00e9 est un point de d\u00e9part. Un horaire confirm\u00e9 pour le contrat demand\u00e9 est une donn\u00e9e de planning exploitable.<\/p>\n\n<h2 class=\"wp-block-heading\"><span class=\"ez-toc-section\" id=\"Comment_utiliser_ces_horaires_reels_pour_choisir_lordre_des_demandes\"><\/span>Comment utiliser ces horaires r\u00e9els pour choisir l\u2019ordre des demandes ?<span class=\"ez-toc-section-end\"><\/span><\/h2>\n\n<p class=\"wp-block-paragraph\">L\u2019ordre des demandes doit d\u2019abord suivre les contraintes de temps, puis la capacit\u00e9 d\u2019accueil affich\u00e9e. D\u00e9poser C\u00e2linours, Clapotis et Souricette en premier est coh\u00e9rent pour une journ\u00e9e r\u00e9guli\u00e8re comprise entre 7h30 et 18h30. Ajouter Les Lucioles est coh\u00e9rent lorsqu\u2019une arriv\u00e9e \u00e0 7h ou un d\u00e9part proche de 19h est n\u00e9cessaire.<\/p>\n\n<p class=\"wp-block-paragraph\">Frimousse et Pirouette r\u00e9pondent \u00e0 une autre configuration. Leurs horaires publi\u00e9s de 9h \u00e0 17h, du mardi au vendredi, ne couvrent pas une semaine compl\u00e8te du lundi au vendredi. Les retenir sans pr\u00e9ciser cette limite peut conduire \u00e0 une proposition inutilisable, m\u00eame si une capacit\u00e9 semble se lib\u00e9rer.<\/p>\n\n<p class=\"wp-block-paragraph\">Gribouille demande une attention particuli\u00e8re sur le vendredi. La fermeture annonc\u00e9e \u00e0 12h15 impose une organisation distincte pour l\u2019apr\u00e8s-midi. Ce site n\u2019indique pas si des am\u00e9nagements existent selon les p\u00e9riodes ou les contrats ; seule une confirmation du Relais Petite Enfance peut le pr\u00e9ciser.<\/p>\n\n<p class=\"wp-block-paragraph\">Nougatine compte 13 places selon la Ville. L\u2019absence d\u2019horaire dans les donn\u00e9es fournies interdit de l\u2019int\u00e9grer automatiquement \u00e0 un tableau de compatibilit\u00e9. Ce jardin d\u2019enfants peut \u00eatre cit\u00e9 dans une demande, mais il faut demander son planning de fonctionnement avant de le classer parmi les solutions compatibles.<\/p>\n\n<p class=\"wp-block-paragraph\">Les donn\u00e9es municipales montrent que l\u2019offre neversoise ne se r\u00e9duit pas \u00e0 une seule amplitude. Les \u00e9tablissements de 7h30 \u00e0 18h30 couvrent le c\u0153ur de l\u2019offre collective. Les Lucioles \u00e9largit la plage quotidienne. Les autres services permettent des contrats plus cibl\u00e9s, \u00e0 condition que les jours ouverts correspondent exactement \u00e0 la demande.<\/p>\n\n<p class=\"wp-block-paragraph\">Le choix ne doit pas reposer sur une r\u00e9putation, une photographie ou un avis anonyme. Il doit reposer sur quatre donn\u00e9es v\u00e9rifiables : le gestionnaire, la capacit\u00e9, l\u2019horaire de contrat possible et la date de d\u00e9cision attendue. Ces \u00e9l\u00e9ments sont plus utiles qu\u2019un classement g\u00e9n\u00e9ral lorsqu\u2019une place est recherch\u00e9e dans un d\u00e9lai court.<\/p>\n\n<p class=\"wp-block-paragraph\">Pour les demandes \u00e0 venir, la premi\u00e8re action reste de joindre le Relais Petite Enfance de Nevers avec un planning pr\u00e9cis et une liste d\u2019\u00e9tablissements compatibles. Les capacit\u00e9s affich\u00e9es permettent de comprendre l\u2019offre municipale. La r\u00e9ponse sur une admission d\u00e9pendra ensuite du dossier et des places lib\u00e9r\u00e9es \u00e0 la date \u00e9tudi\u00e9e.<\/p>\n\n<script type=\"application\/ld+json\">\n{\"@context\":\"https:\/\/schema.org\",\"@type\":\"FAQPage\",\"mainEntity\":[{\"@type\":\"Question\",\"name\":\"Combien de places les cru00e8ches municipales de Nevers affichent-elles ?\",\"acceptedAnswer\":{\"@type\":\"Answer\",\"text\":\"La Ville de Nevers annonce 278 places ru00e9parties entre six accueils collectifs, la cru00e8che familiale Les Lucioles et le jardin du2019enfants Nougatine. Ce total correspond aux capacitu00e9s publiu00e9es et non aux places immu00e9diatement disponibles.\"}},{\"@type\":\"Question\",\"name\":\"Quelle cru00e8che municipale de Nevers ouvre le plus tu00f4t ?\",\"acceptedAnswer\":{\"@type\":\"Answer\",\"text\":\"Les Lucioles est annoncu00e9e ouverte de 7h u00e0 19h du lundi au vendredi. Cu00e2linours, Clapotis et Souricette sont publiu00e9es avec une ouverture u00e0 7h30.\"}},{\"@type\":\"Question\",\"name\":\"Ou00f9 du00e9poser une demande pour une cru00e8che municipale u00e0 Nevers ?\",\"acceptedAnswer\":{\"@type\":\"Answer\",\"text\":\"La Ville pru00e9sente le Relais Petite Enfance, situu00e9 dans lu2019espace Magda Gerber boulevard Jacques-Duclos, comme le lieu du2019inscription et du2019admission pour les u00e9tablissements municipaux.\"}},{\"@type\":\"Question\",\"name\":\"Les capacitu00e9s affichu00e9es garantissent-elles une place disponible ?\",\"acceptedAnswer\":{\"@type\":\"Answer\",\"text\":\"Non. Une capacitu00e9 repru00e9sente le nombre de places du service. La disponibilitu00e9 du00e9pend des du00e9parts, des contrats en cours, des cru00e9neaux demandu00e9s et de lu2019examen du dossier par le circuit municipal.\"}}]}\n<\/script>\n<h3>Combien de places les cr\u00e8ches municipales de Nevers affichent-elles ?<\/h3>\n<p>La Ville de Nevers annonce 278 places r\u00e9parties entre six accueils collectifs, la cr\u00e8che familiale Les Lucioles et le jardin d\u2019enfants Nougatine. Ce total correspond aux capacit\u00e9s publi\u00e9es et non aux places imm\u00e9diatement disponibles.<\/p>\n<h3>Quelle cr\u00e8che municipale de Nevers ouvre le plus t\u00f4t ?<\/h3>\n<p>Les Lucioles est annonc\u00e9e ouverte de 7h \u00e0 19h du lundi au vendredi. C\u00e2linours, Clapotis et Souricette sont publi\u00e9es avec une ouverture \u00e0 7h30.<\/p>\n<h3>O\u00f9 d\u00e9poser une demande pour une cr\u00e8che municipale \u00e0 Nevers ?<\/h3>\n<p>La Ville pr\u00e9sente le Relais Petite Enfance, situ\u00e9 dans l\u2019espace Magda Gerber boulevard Jacques-Duclos, comme le lieu d\u2019inscription et d\u2019admission pour les \u00e9tablissements municipaux.<\/p>\n<h3>Les capacit\u00e9s affich\u00e9es garantissent-elles une place disponible ?<\/h3>\n<p>Non. Une capacit\u00e9 repr\u00e9sente le nombre de places du service. La disponibilit\u00e9 d\u00e9pend des d\u00e9parts, des contrats en cours, des cr\u00e9neaux demand\u00e9s et de l\u2019examen du dossier par le circuit municipal.<\/p>\n\n","protected":false},"excerpt":{"rendered":"<p>Sept services de garde municipaux sont annonc\u00e9s par la Ville de Nevers : six accueils collectifs, une cr\u00e8che familiale et un jardin d\u2019enfants. Les capacit\u00e9s publi\u00e9es totalisent 278 places. Les horaires d\u2019ouverture vont de 7h \u00e0 19h pour Les Lucioles, contre une ouverture \u00e0 9h pour Frimousse et Pirouette. Ce relev\u00e9 porte sur les cr\u00e8ches [&hellip;]<\/p>\n","protected":false},"author":1,"featured_media":0,"comment_status":"open","ping_status":"closed","sticky":false,"template":"","format":"standard","meta":{"footnotes":""},"categories":[1],"tags":[],"class_list":["post-84","post","type-post","status-publish","format-standard","hentry","category-lieux-d-accueil"],"_links":{"self":[{"href":"https:\/\/bebouillecreche.fr\/blog\/wp-json\/wp\/v2\/posts\/84","targetHints":{"allow":["GET"]}}],"collection":[{"href":"https:\/\/bebouillecreche.fr\/blog\/wp-json\/wp\/v2\/posts"}],"about":[{"href":"https:\/\/bebouillecreche.fr\/blog\/wp-json\/wp\/v2\/types\/post"}],"author":[{"embeddable":true,"href":"https:\/\/bebouillecreche.fr\/blog\/wp-json\/wp\/v2\/users\/1"}],"replies":[{"embeddable":true,"href":"https:\/\/bebouillecreche.fr\/blog\/wp-json\/wp\/v2\/comments?post=84"}],"version-history":[{"count":0,"href":"https:\/\/bebouillecreche.fr\/blog\/wp-json\/wp\/v2\/posts\/84\/revisions"}],"wp:attachment":[{"href":"https:\/\/bebouillecreche.fr\/blog\/wp-json\/wp\/v2\/media?parent=84"}],"wp:term":[{"taxonomy":"category","embeddable":true,"href":"https:\/\/bebouillecreche.fr\/blog\/wp-json\/wp\/v2\/categories?post=84"},{"taxonomy":"post_tag","embeddable":true,"href":"https:\/\/bebouillecreche.fr\/blog\/wp-json\/wp\/v2\/tags?post=84"}],"curies":[{"name":"wp","href":"https:\/\/api.w.org\/{rel}","templated":true}]}}