{"id":18,"count":2,"description":"Ouvertures, fermetures, changements de gestionnaire, d\u00e9cisions de la Ville et du D\u00e9partement portant sur l'offre d'accueil du bassin. Toute annonce est sourc\u00e9e \u00e0 une publication l\u00e9gale, une d\u00e9cision publique ou un article de presse locale identifi\u00e9 et dat\u00e9.","link":"https:\/\/bebouillecreche.fr\/blog\/category\/actualites-accueil-jeune-enfant-nevers\/","name":"Actualit\u00e9s de l'accueil du jeune enfant \u00e0 Nevers","slug":"actualites-accueil-jeune-enfant-nevers","taxonomy":"category","parent":0,"meta":[],"_links":{"self":[{"href":"https:\/\/bebouillecreche.fr\/blog\/wp-json\/wp\/v2\/categories\/18","targetHints":{"allow":["GET"]}}],"collection":[{"href":"https:\/\/bebouillecreche.fr\/blog\/wp-json\/wp\/v2\/categories"}],"about":[{"href":"https:\/\/bebouillecreche.fr\/blog\/wp-json\/wp\/v2\/taxonomies\/category"}],"wp:post_type":[{"href":"https:\/\/bebouillecreche.fr\/blog\/wp-json\/wp\/v2\/posts?categories=18"}],"curies":[{"name":"wp","href":"https:\/\/api.w.org\/{rel}","templated":true}]}}