{"id":17,"count":5,"description":"Bar\u00e8me de participation familiale, tarification libre en micro-cr\u00e8che, compl\u00e9ment de mode de garde, cr\u00e9dit d'imp\u00f4t, relev\u00e9s de prix dat\u00e9s, reste \u00e0 charge. Tout montant s'accompagne du bar\u00e8me dat\u00e9 et des hypoth\u00e8ses retenues.","link":"https:\/\/bebouillecreche.fr\/blog\/category\/tarifs-et-aides\/","name":"Tarifs et aides","slug":"tarifs-et-aides","taxonomy":"category","parent":0,"meta":[],"_links":{"self":[{"href":"https:\/\/bebouillecreche.fr\/blog\/wp-json\/wp\/v2\/categories\/17","targetHints":{"allow":["GET"]}}],"collection":[{"href":"https:\/\/bebouillecreche.fr\/blog\/wp-json\/wp\/v2\/categories"}],"about":[{"href":"https:\/\/bebouillecreche.fr\/blog\/wp-json\/wp\/v2\/taxonomies\/category"}],"wp:post_type":[{"href":"https:\/\/bebouillecreche.fr\/blog\/wp-json\/wp\/v2\/posts?categories=17"}],"curies":[{"name":"wp","href":"https:\/\/api.w.org\/{rel}","templated":true}]}}